{"id":24863,"date":"2025-02-26T20:49:27","date_gmt":"2025-02-27T02:49:27","guid":{"rendered":"https:\/\/www.aquilaguna.com\/?p=24863"},"modified":"2025-02-26T20:49:27","modified_gmt":"2025-02-27T02:49:27","slug":"aqui-laguna-391","status":"publish","type":"post","link":"https:\/\/www.aquilaguna.com\/index.php\/2025\/02\/26\/aqui-laguna-391\/","title":{"rendered":"Aqu\u00ed Laguna."},"content":{"rendered":"\n<p>\u00a1Para abril o para Mayo!, se prolonga de nueva cuenta\u00a0 la fecha fatal que impone\u00a0 a capricho Donald\u00a0 Trump para hacer efectivas\u00a0 sus\u00a0 amenazas de imponer los &#8220;narco aranceles&#8221; a M\u00e9xico y Canada, m\u00e1s a quien\u00a0disponga agregar en tal listado, seg\u00fan sea\u00a0 el\u00a0 singular ejercicio de su discrecionalidad, a capricho. Queda atr\u00e1s por ahora, que\u00a0 cumpliera sus amenazas fijadas para los d\u00edas primeros del mes, han quedado atr\u00e1s, cual Idus de marzo &#8211; ya en puerta-. Y al parecer as\u00ed seguiremos\u00a0 con las decisiones que fijen rumbo a  nuestra econom\u00eda, montados como estamos hoy, en vilo. Y que decir en el \u00e1mbito pol\u00edtico, donde \u00a0 no solo Donald Trump y sus exigencias de que M\u00e9xico limpie a fondo el patio trasero de Estados Unidos, como\u00a0 hist\u00f3ricamente\u00a0 se ha considerado a nuestro pa\u00eds.<\/p>\n\n\n\n<p>Y\u00a0tal limpieza\u00a0 parece no solo abarca\u00a0 a los Se\u00f1ores\u00a0 del narco, plenamente identificados, sino tambi\u00e9n eliminar toda la estructura de producci\u00f3n y distribuci\u00f3n, en especial de fentanilo, esa droga\u00a0 que\u00a0 fieramente AMLO\u00a0 negara se produjera en nuestro pa\u00eds y que\u00a0 hoy, Garcia Hartfutch y sus decomisos muestran lo contrario, amen de haber\u00a0 convertido en mera\u00a0 patrulla\u00a0 fronteriza a miles y miles de miembros de nuestro ejercito, m\u00e1s guardia nacional, cuerpos estatales y municipales\u00a0 cuidando\u00a0 la\u00a0 frontera sur de Estados Unidos, o la frontera norte nuestra, si as\u00ed\u00a0 quisiera verse, so pena de iniciar incursiones\u00a0 armadas\u00a0 para detener y &#8220;secuestrar&#8221; a los cabecillas rebeldes del narcotr\u00e1fico, ahora ya incluidos\u00a0 como &#8220;terroristas&#8221; tal y como ocurri\u00f3 ya anticipadamente al Mayo Zambada, que hace temer a los &#8220;narcopol\u00edticos&#8221; que les suceda lo mismo de profundizar \u00e9sta estrategia\u00a0 puesta en marcha por el vecino, situaci\u00f3n que ha sembrado el p\u00e1nico en mas de tres figuras nacionales del escenario pol\u00edtico,\u00a0 entre\u00a0 los que se menciona con insistencia a los gobernadores de Tamaulipas y Sinaloa, Am\u00e9rico Villarreal y\u00a0 Rub\u00e9n\u00a0 Rocha\u00a0 Moya, para disuadir\u00a0que el se\u00f1or Trump haga v\u00e1lidas tambi\u00e9n las implicaciones\u00a0con\u00a0 acciones\u00a0 similares sobre\u00a0 otros m\u00e1s.<\/p>\n\n\n\n<p>Otro agravante lo constituye la misiva que el Mayo Zambada dirigi\u00f3 a la Presidenta Claudia Sheinbaum,\u00a0 para\u00a0que intervenga para solicitar su repatriaci\u00f3n\u00a0so pena\u00a0&#8220;de colapsar&#8221; al pa\u00eds, alegando\u00a0 para ello que\u00a0 fue secuestrado\u00a0 y detenido, sujeto a proceso con violaci\u00f3n extrema de\u00a0 leyes que\u00a0 protegen su condici\u00f3n de ciudadano mexicano. Y\u00a0 resulta que tal deseo de El Mayo ya est\u00e9 en marcha por parte de\u00a0 nuestras autoridades&#8230;<\/p>\n\n\n\n<p>Con todo\u00a0 y las suspicacias que tal\u00a0 gesti\u00f3n genera,\u00a0 se afirma\u00a0que El Mayo tiene tal derecho, pero resulta que ahora que\u00a0las\u00a0identidades\u00a0de los\u00a0&#8220;correos&#8221; del Mayo, desataron estridente esc\u00e1ndalo -solo eso-, cuando se\u00a0revel\u00f3 que los abogados incluidos en tal trama, son tambi\u00e9n &#8220;fin\u00edsimas personas&#8221; que prestan sus\u00a0dizque servicios profesionales y no m\u00e1s,\u00a0 como abogados, a la \u00e9lite misma de MORENA.<\/p>\n\n\n\n<p>Por cierto y como simple dato cultural, se conoci\u00f3 que\u00a0 fue Sergio\u00a0 Mayer, el conocido &#8220;encueratriz&#8221; y tambi\u00e9n hoy ex diputado\u00a0federal por gracia de\u00a0MORENA, el contratante de\u00a0 tales servicios&#8230;<\/p>\n\n\n\n<p>Y mientras que al diputado local por el X Distrito, Licenciado Felipe\u00a0 Gonz\u00e1lez\u00a0 no se le da por perder tiempo, pues su Casa de Gestor\u00eda apenas puesta en marcha, presenta\u00a0 interesante actividad\u00a0cotidiana,\u00a0sin alharaca alguna, atendiendo diversas\u00a0 demandas y solicitudes de intervenci\u00f3n de sus representados, sean habitantes o no de su Distrito, en especial, los que ah\u00ed acuden en demanda de apoyo para enfrentar la problem\u00e1tica de la salud, ahora, que la crisis\u00a0 que registra la medicina institucional, s\u00edmil de la que se proporciona en Dinamarca, seg\u00fan\u00a0 dixit\u00a0 AMLO.<\/p>\n\n\n\n<p>Por lo pronto se espera que otra diputada local, Olivia\u00a0 Mart\u00ednez, que tambi\u00e9n rindi\u00f3 ante lo que pareci\u00f3 \u00a0 petit comit\u00e9 su informe de actividades, y\u00a0 opere punto de acci\u00f3n en territorio, es decir, en una\u00a0 Casa de Gesti\u00f3n que apoye,\u00a0 proporcionado\u00a0 oportunidades, caminos \u00a0 por donde transitar gestiones y demandas \u00a0 a la poblaci\u00f3n representada, que busca soluciones.<\/p>\n\n\n\n<p>Y si duda, muy acuperada\u00a0 por sus pares,\u00a0 pero m\u00e1s por sus representados, ser\u00e1 la Licenciada Luz Elena Morales Nu\u00f1ez, adem\u00e1s, de\u00a0titular del Poder Legislativo\u00a0 en\u00a0 Coahuila, por cierto, am\u00e9n de la parafernalia \u00a0 en los tiempos que corren desata\u00a0el arribo de una f\u00e9mina a posiciones\u00a0 de poder, sean estas en el \u00e1mbito pol\u00edtico, social, econ\u00f3mico, cultural, en el caso de la\u00a0 diputada Morales Nu\u00f1ez,\u00a0 tiene mucho m\u00e1s que tal merito, el de ser\u00a0 una mujer de su tiempo, moderna, capaz ,\u00a0con autonom\u00eda intelectual -elemento indispensable para ejercer la funci\u00f3n que\u00a0 representa-,\u00a0abierta al di\u00e1logo\u00a0y al ejercicio de la cr\u00edtica, curiosa e interesada,\u00a0no solo en sus pares, sino en los sujetos de tal entorno transitan, cual vias paralelas en las actividades pol\u00edticas del Estado y no se coloca, por eso mismo, en torre de marfil alguna, por m\u00e1s y que sea, seg\u00fan slogan &#8220;la primera en doscientos a\u00f1os&#8221; al arribar\u00a0en tal puerto&#8230;<\/p>\n\n\n\n<p>Ya veremos y diremos si &#8220;el\u00a0 hombre del babero&#8221;, es decir, del diputado pluri Antonio Atollini Murra se olvida por algunos momentos su n\u00e9mesis, es decir de Rom\u00e1n Alberto Cepeda\u00a0 Gonz\u00e1lez\u00a0 e informa de manera\u00a0 formal, acciones y propuestas legislativas\u00a0por \u00e9l realizadas\u00a0ante el Congreso del que forma parte no de los servicios que presta diligentemente a uno de sus patrones conocidos, el Senador Luis Fernando\u00a0 Salazar,\u00a0 as\u00ed como\u00a0resumir\u00a0acciones y actividades tangibles a\u00a0 favor de sus representados, por m\u00e1s y que las gestor\u00eda no\u00a0 figure como obligaci\u00f3n de legislador alguno. De hacerlo,\u00a0 podr\u00eda ser visualizado por algunos laguneros, que se desconciertan\u00a0y lo identifican cual si fuera alg\u00fan ayatola extraviado en\u00a0 estos desiertos&#8230; <\/p>\n\n\n\n<p>Este mediod\u00eda,\u00a0 Sandra L\u00f3pez Chavarr\u00eda,\u00a0rendir\u00e1 ante la comunidad universitaria de la Unidad Torre\u00f3n en pleno,\u00a0 el segundo informe de su segundo periodo como titular de la\u00a0 Coordinaci\u00f3n de la Unidad Torre\u00f3n de la Universidad Aut\u00f3noma de Coahuila y con ello, se dar\u00e1\u00a0 el pistoletazo de salida al proceso de sucesi\u00f3n en tal cargo, fijado para el primero\u00a0 o segundo mes del a\u00f1o pr\u00f3ximo Dios mediante.<\/p>\n\n\n\n<p>Se contar\u00e1 en este evento, con la presencia del Rector Octavio Pimentel, quien por la tarde, estar\u00e1 inaugurando\u00a0el alumbrado\u00a0a lo largo\u00a0y ancho de la Ciudad Universitaria, obra importante\u00a0y esperada por los universitarios que ah\u00ed cursan\u00a0 sus estudios. Se espera\u00a0 que en esta ocasi\u00f3n el Rector de a conocer planes y recursos para\u00a0poner mano en\u00a0la Infoteca de la Ciudad Universitaria, obra que muestra lamentable deterioro\u00a0 y equipamiento, como ya se hizo en la ubicada en la Ciudad Universitaria\u00a0de Arteaga.<\/p>\n\n\n\n<p>Y\u00a0circulan profusamente\u00a0las invitaciones para\u00a0estar en la Conferencia que\u00a0\u00e9ste vienres por la tarde\u00a0 estar\u00e1 a\u00a0 cargo del escritor cubano Leonardo Padura, celebrado\u00a0 autor de\u00a0&#8220;El hombre\u00a0 que amaba a los perros&#8221;, novela si que toca\u00a0en la memoria, las vidas de Le\u00f3n Trosky y &#8220;Ram\u00f3n Mercader&#8221;\u00a0 v\u00edctima y verdugo\u00a0 respectivamente de uno de los cr\u00edmenes pol\u00edticos registrados en M\u00e9xico capital, que impactaran al mundo, all\u00e1 por la d\u00e9cada de los a\u00f1os 40&#8217;S.\u00a0\u00a0\u00a0<br><\/p>\n","protected":false},"excerpt":{"rendered":"<p>\u00a1Para abril o para Mayo!, se prolonga de nueva cuenta\u00a0 la fecha fatal que impone\u00a0 a capricho Donald\u00a0 Trump para hacer efectivas\u00a0 sus\u00a0 amenazas de imponer los &#8220;narco aranceles&#8221; a M\u00e9xico y Canada, m\u00e1s a quien\u00a0disponga agregar en tal listado, seg\u00fan sea\u00a0 el\u00a0 singular ejercicio de su discrecionalidad, a capricho. Queda atr\u00e1s por ahora, que\u00a0 cumpliera sus amenazas fijadas para los d\u00edas primeros del mes, han quedado atr\u00e1s, cual Idus&#8230;<\/p>\n","protected":false},"author":2,"featured_media":0,"comment_status":"closed","ping_status":"","sticky":false,"template":"","format":"standard","meta":{"footnotes":""},"categories":[8],"tags":[],"class_list":["post-24863","post","type-post","status-publish","format-standard","hentry","category-aqui-laguna","wpcat-8-id"],"_links":{"self":[{"href":"https:\/\/www.aquilaguna.com\/index.php\/wp-json\/wp\/v2\/posts\/24863","targetHints":{"allow":["GET"]}}],"collection":[{"href":"https:\/\/www.aquilaguna.com\/index.php\/wp-json\/wp\/v2\/posts"}],"about":[{"href":"https:\/\/www.aquilaguna.com\/index.php\/wp-json\/wp\/v2\/types\/post"}],"author":[{"embeddable":true,"href":"https:\/\/www.aquilaguna.com\/index.php\/wp-json\/wp\/v2\/users\/2"}],"replies":[{"embeddable":true,"href":"https:\/\/www.aquilaguna.com\/index.php\/wp-json\/wp\/v2\/comments?post=24863"}],"version-history":[{"count":1,"href":"https:\/\/www.aquilaguna.com\/index.php\/wp-json\/wp\/v2\/posts\/24863\/revisions"}],"predecessor-version":[{"id":24864,"href":"https:\/\/www.aquilaguna.com\/index.php\/wp-json\/wp\/v2\/posts\/24863\/revisions\/24864"}],"wp:attachment":[{"href":"https:\/\/www.aquilaguna.com\/index.php\/wp-json\/wp\/v2\/media?parent=24863"}],"wp:term":[{"taxonomy":"category","embeddable":true,"href":"https:\/\/www.aquilaguna.com\/index.php\/wp-json\/wp\/v2\/categories?post=24863"},{"taxonomy":"post_tag","embeddable":true,"href":"https:\/\/www.aquilaguna.com\/index.php\/wp-json\/wp\/v2\/tags?post=24863"}],"curies":[{"name":"wp","href":"https:\/\/api.w.org\/{rel}","templated":true}]}}