{"id":24865,"date":"2025-02-27T18:05:05","date_gmt":"2025-02-28T00:05:05","guid":{"rendered":"https:\/\/www.aquilaguna.com\/?p=24865"},"modified":"2025-02-27T18:05:05","modified_gmt":"2025-02-28T00:05:05","slug":"descubre-el-cosmos-y-aprende-sobre-fisica-en-la-noche-del-observatorio-de-la-uadec-este-28-de-febrero","status":"publish","type":"post","link":"https:\/\/www.aquilaguna.com\/index.php\/2025\/02\/27\/descubre-el-cosmos-y-aprende-sobre-fisica-en-la-noche-del-observatorio-de-la-uadec-este-28-de-febrero\/","title":{"rendered":"Descubre el Cosmos y Aprende sobre F\u00edsica en la Noche del Observatorio de la UAdeC este 28 de Febrero."},"content":{"rendered":"\n<p>SALTILLO, Coahuila. 27 de febrero de 2025. La Universidad Aut\u00f3noma de Coahuila<br>a trav\u00e9s de la Facultad de Ciencias F\u00edsico Matem\u00e1ticas y el Observatorio<br>Astron\u00f3mico, invitan a la comunidad universitaria y p\u00fablico en general a disfrutar de<br>los cuerpos celestes en la Noche del Observatorio y la Charla de Divulgaci\u00f3n<br>Cient\u00edfica \u201cLa F\u00edsica y el Modelado Computacional en el Mundo que nos Rodea\u201d,<br>este viernes 28 de febrero.<\/p>\n\n\n\n<p>A partir de las 20:00 horas en el Observatorio Astron\u00f3mico, ubicado en el edificio de<br>la explanada central de la Unidad Camporredondo, los asistentes podr\u00e1n observar el<br>manto estelar y disfrutar de actividades como ciencia recreativa, exposici\u00f3n de<br>experimentos y juegos matem\u00e1ticos.<\/p>\n\n\n\n<p>El astr\u00f3nomo Juan Segura, se\u00f1al\u00f3 que durante la noche se podr\u00e1 observar al<br>planeta Venus, el cual abrir\u00e1 la jornada con su caracter\u00edstico resplandor en el Oeste,<br>aunque se ocultar\u00e1 a las 20:59 horas, por lo que permitir\u00e1 a quienes lleguen<br>temprano apreciarlo como una delicada medialuna a trav\u00e9s del telescopio.<\/p>\n\n\n\n<p>Adem\u00e1s, J\u00fapiter, el gigante del sistema solar, dominar\u00e1 el cielo nocturno y ofrecer\u00e1 la<br>oportunidad de observar sus bandas nubosas y sus lunas galileanas; por otra parte,<br>Marte, con su inconfundible tono rojizo, brillar\u00e1 en la constelaci\u00f3n de G\u00e9minis y<br>alcanzar\u00e1 su punto m\u00e1s alto alrededor de las 21:30 horas.<\/p>\n\n\n\n<p>La ausencia de la Luna, que se ocultar\u00e1 antes del evento, permitir\u00e1 una visi\u00f3n \u00f3ptima<br>de las estrellas y objetos de cielo profundo como Ori\u00f3n y su ic\u00f3nica nebulosa (M42),<br>hacia el Oeste, el cumulo estelar de Las Pl\u00e9yades (M45) en la constelaci\u00f3n de Tauro<br>y la galaxia de Andr\u00f3meda (M31), ser\u00e1n algunos de los principales atractivos para<br>los observadores, adem\u00e1s, constelaciones como Leo y C\u00e1ncer desplegar\u00e1n c\u00famulos<br>y galaxias que enriquecer\u00e1n la experiencia astron\u00f3mica.<\/p>\n\n\n\n<p>Comparte del evento a las 20:30 horas en el Auditorio \u201cJes\u00fas Ochoa Ruesga\u201d, se<br>presentar\u00e1 la Charla de Divulgaci\u00f3n Cient\u00edfica \u201cLa F\u00edsica y el Modelado<br>Computacional en el Mundo que Nos Rodea\u201d, a cargo del Dr. F\u00e9lix Saucedo Zendejo,<br>investigador del Centro de Investigaci\u00f3n en Matem\u00e1ticas Aplicadas (CIMA) de la<br>UAdeC.<\/p>\n\n\n\n<p>En esta ponencia, se explorar\u00e1 c\u00f3mo las leyes de la f\u00edsica y los m\u00e9todos<br>matem\u00e1ticos permiten modelar y simular fen\u00f3menos en diversas aplicaciones, desde<br>el desarrollo de videojuegos hasta misiones espaciales, o entrenamientos<br>especializados, con ejemplos concretos, se destacar\u00e1 la relevancia de estas<br>herramientas en la ciencia y la tecnolog\u00eda actual.<\/p>\n\n\n\n<p>El evento est\u00e1 sujeto a las condiciones meteorol\u00f3gicas, por lo que se exhorta a los<br>interesados a visitar la p\u00e1gina de Facebook \u201cObservatorio Astron\u00f3mico FCFM<\/p>\n\n\n\n<p>UAdeC\u201d, comunicarse a los tel\u00e9fonos (844) 4 14 47 39 y (844) 414 88 69 o al<br>correo&nbsp;observatorio@uadec.edu.mx.<\/p>\n","protected":false},"excerpt":{"rendered":"<p>SALTILLO, Coahuila. 27 de febrero de 2025. La Universidad Aut\u00f3noma de Coahuilaa trav\u00e9s de la Facultad de Ciencias F\u00edsico Matem\u00e1ticas y el ObservatorioAstron\u00f3mico, invitan a la comunidad universitaria y p\u00fablico en general a disfrutar delos cuerpos celestes en la Noche del Observatorio y la Charla de Divulgaci\u00f3nCient\u00edfica \u201cLa F\u00edsica y el Modelado Computacional en el Mundo que nos Rodea\u201d,este viernes 28 de febrero. A partir de las 20:00 horas en&#8230;<\/p>\n","protected":false},"author":1,"featured_media":24866,"comment_status":"closed","ping_status":"","sticky":false,"template":"","format":"standard","meta":{"footnotes":""},"categories":[2],"tags":[],"class_list":["post-24865","post","type-post","status-publish","format-standard","has-post-thumbnail","hentry","category-uadec","wpcat-2-id"],"_links":{"self":[{"href":"https:\/\/www.aquilaguna.com\/index.php\/wp-json\/wp\/v2\/posts\/24865","targetHints":{"allow":["GET"]}}],"collection":[{"href":"https:\/\/www.aquilaguna.com\/index.php\/wp-json\/wp\/v2\/posts"}],"about":[{"href":"https:\/\/www.aquilaguna.com\/index.php\/wp-json\/wp\/v2\/types\/post"}],"author":[{"embeddable":true,"href":"https:\/\/www.aquilaguna.com\/index.php\/wp-json\/wp\/v2\/users\/1"}],"replies":[{"embeddable":true,"href":"https:\/\/www.aquilaguna.com\/index.php\/wp-json\/wp\/v2\/comments?post=24865"}],"version-history":[{"count":1,"href":"https:\/\/www.aquilaguna.com\/index.php\/wp-json\/wp\/v2\/posts\/24865\/revisions"}],"predecessor-version":[{"id":24867,"href":"https:\/\/www.aquilaguna.com\/index.php\/wp-json\/wp\/v2\/posts\/24865\/revisions\/24867"}],"wp:featuredmedia":[{"embeddable":true,"href":"https:\/\/www.aquilaguna.com\/index.php\/wp-json\/wp\/v2\/media\/24866"}],"wp:attachment":[{"href":"https:\/\/www.aquilaguna.com\/index.php\/wp-json\/wp\/v2\/media?parent=24865"}],"wp:term":[{"taxonomy":"category","embeddable":true,"href":"https:\/\/www.aquilaguna.com\/index.php\/wp-json\/wp\/v2\/categories?post=24865"},{"taxonomy":"post_tag","embeddable":true,"href":"https:\/\/www.aquilaguna.com\/index.php\/wp-json\/wp\/v2\/tags?post=24865"}],"curies":[{"name":"wp","href":"https:\/\/api.w.org\/{rel}","templated":true}]}}