{"id":24869,"date":"2025-02-27T18:07:07","date_gmt":"2025-02-28T00:07:07","guid":{"rendered":"https:\/\/www.aquilaguna.com\/?p=24869"},"modified":"2025-02-27T18:07:07","modified_gmt":"2025-02-28T00:07:07","slug":"rinde-segundo-informe-la-coordinadora-de-unidad-laguna-de-la-uadec-sandra-lopez-chavarria","status":"publish","type":"post","link":"https:\/\/www.aquilaguna.com\/index.php\/2025\/02\/27\/rinde-segundo-informe-la-coordinadora-de-unidad-laguna-de-la-uadec-sandra-lopez-chavarria\/","title":{"rendered":"Rinde Segundo Informe la Coordinadora de Unidad Laguna de la UAdeC Sandra L\u00f3pez Chavarr\u00eda."},"content":{"rendered":"\n<p>TORRE\u00d3N, Coahuila. 27 de febrero de 2025. Ante el Consejo Universitario<br>funcionando por Unidad, y en atenci\u00f3n al principio de transparencia y rendici\u00f3n de<br>cuentas en la Universidad Aut\u00f3noma de Coahuila, la coordinadora de la Unidad<br>Laguna, Sandra L\u00f3pez Chavarr\u00eda, present\u00f3 este jueves su segundo informe del<br>segundo periodo de actividades 2023-2026.<\/p>\n\n\n\n<p>A la sesi\u00f3n efectuada en la Gran Sala del Centro Cultural Universitario \u201cBraulio<br>Fern\u00e1ndez Aguirre\u201d de Ciudad Universitaria de Torre\u00f3n, asisti\u00f3 el rector de la m\u00e1xima<br>casa de estudios, Octavio Pimentel Mart\u00ednez; en representaci\u00f3n del gobernador del<br>estado, Manolo Jim\u00e9nez Salinas, acudi\u00f3 el secretario de Desarrollo Regional de la<br>Laguna, Eduardo Olmos Castro; el alcalde de Torre\u00f3n, Rom\u00e1n Alberto Cepeda<br>Gonz\u00e1lez, adem\u00e1s de la coordinadora de la Unidad Sureste, Eva Kerena Hern\u00e1ndez<br>Mart\u00ednez, funcionariado universitario, directores, alumnos y docentes.<\/p>\n\n\n\n<p>En su mensaje, el rector Octavio Pimentel Mart\u00ednez, felicit\u00f3 a la Coordinadora por su<br>informe, el cual fue aprobado por unanimidad, y mencion\u00f3 los avances y acciones<br>registrados en la Unidad Laguna, los cuales reflejan el trabajo en equipo y la<br>colaboraci\u00f3n con el gobierno municipal, como el fortalecimiento de la seguridad en el<br>campus de Ciudad Universitaria, lo que ha permitido invertir en mejoras dentro de<br>CU.<\/p>\n\n\n\n<p>Pimentel Mart\u00ednez, resalt\u00f3 el liderazgo, Sandra L\u00f3pez, por su impulso a programas<br>clave como la Agenda Violeta, que ha promovido la equidad de g\u00e9nero y la<br>participaci\u00f3n de mujeres en la toma de decisiones dentro de la Universidad, tambi\u00e9n<br>los logros acad\u00e9micos y extracurriculares alcanzados en esta Unidad.<\/p>\n\n\n\n<p>Refrend\u00f3 su compromiso con la Unidad Laguna, para seguir avanzando y brindando<br>certeza a la comunidad estudiantil, y exhort\u00f3 a las y los directores a continuar el<br>trabajo colaborativo para fortalecer a la Universidad Aut\u00f3noma de Coahuila y cumplir<br>con su misi\u00f3n de formar generaciones comprometidas con la sociedad.<\/p>\n\n\n\n<p>Por su parte, el alcalde de Torre\u00f3n, Rom\u00e1n Alberto Cepeda Gonz\u00e1lez, destac\u00f3 la<br>importancia de la UAdeC como pilar fundamental en la educaci\u00f3n y el desarrollo de<br>la sociedad, adem\u00e1s como un espacio donde se construyen sue\u00f1os con esfuerzo,<br>dedicaci\u00f3n y sacrificio.<br>Mencion\u00f3 la colaboraci\u00f3n entre la UAdeC y el Gobierno Municipal para fortalecer la<br>educaci\u00f3n y el desarrollo de Torre\u00f3n, esfuerzos que han contribuido a la seguridad y<br>el progreso de la ciudad, ya que a trav\u00e9s de la educaci\u00f3n se construye una sociedad<br>m\u00e1s justa y equitativa.<\/p>\n\n\n\n<p>Durante su intervenci\u00f3n, Sandra L\u00f3pez Chavarr\u00eda resalt\u00f3 que las metas alcanzadas,<br>son gracias al compromiso, colaboraci\u00f3n y arduo trabajo realizado por las directoras<br>y directores de las 21 escuelas, facultades e institutos de la Unidad Laguna.<\/p>\n\n\n\n<p>Agradeci\u00f3 a los cientos de docentes y personal administrativo, que todos los d\u00edas<br>aportan a la universidad su talento para formar y dar servicio a las y los j\u00f3venes que<br>forjan su futuro y el de nuestra regi\u00f3n en las aulas de la instituci\u00f3n.<\/p>\n\n\n\n<p>Durante el 2024 se llev\u00f3 a cabo la Expo Feria Profesiones, en la que se ofertaron las<br>33 carreras de la Unidad Laguna y por primera vez se incluyeron las carreras de<br>Artes Pl\u00e1sticas y F\u00edsico Matem\u00e1ticas de la Unidad Sureste, buscando con ello<br>fortalecer a la instituci\u00f3n y ampliar las opciones.<\/p>\n\n\n\n<p>A trav\u00e9s del Departamento de Formaci\u00f3n Integral, fueron impartidos diversos talleres<br>y cursos, como el de Educaci\u00f3n Vial, realizado en las escuelas y facultades de la<br>UAdeC, as\u00ed como en Preparatorias incorporadas, atendiendo a un total de mil 462<br>personas entre trabajadores y alumnos.<\/p>\n\n\n\n<p>A\u00f1adi\u00f3 que con gran \u00e9xito concluy\u00f3 la primera edici\u00f3n del Programa Piloto \u201cMi<br>primera licencia\u201d, que estuvo a cargo de la Direcci\u00f3n de Vialidad y Movilidad Urbana<br>de Torre\u00f3n, con el cual se gener\u00f3 un instrumento innovador y \u00fanico a nivel estatal y<br>nacional.<\/p>\n\n\n\n<p>L\u00f3pez Chavarr\u00eda, destac\u00f3 la realizaci\u00f3n del Primer Foro de Investigadores e<br>Investigadoras de la Unidad Laguna el que cont\u00f3 con la participaron de 184 docentes<br>y alumnos con 84 trabajos en versi\u00f3n de ponencia y cartel.<\/p>\n\n\n\n<p>Agreg\u00f3 que una de las tareas sustantivas de la Coordinaci\u00f3n y una de las<br>instrucciones dadas por el rector de la m\u00e1xima casa de estudios del estado, es la<br>vinculaci\u00f3n con c\u00e1maras y consejos, tales como: la Comunidad de Instituciones de<br>Educaci\u00f3n Superior de la Laguna (CIESLAG), el Consejo de Seguridad y Desarrollo<br>Regional del Gobierno del estado, el Consejo de Vinculaci\u00f3n Universidad Empresa,<br>el Consejo Ciudadano del Medio Ambiente, y el Consejo Directivo de SIMAS, una<br>acci\u00f3n fundamental mantener una estrecha relaci\u00f3n con direcciones y<br>departamentos tanto estatales como municipales.<\/p>\n\n\n\n<p>Tambi\u00e9n dio a conocer que, desde su creaci\u00f3n en agosto de 2023, el programa de<br>Asesor\u00eda Psicol\u00f3gica tiene el objetivo de brindar atenci\u00f3n a distintas problem\u00e1ticas<br>de la salud mental, coadyuvando en la retenci\u00f3n y permanencia de los j\u00f3venes<br>universitarios.<\/p>\n\n\n\n<p>Coment\u00f3 los logros que se realizaron en difusi\u00f3n cultural, en el \u00e1mbito deportivo, en<br>las actividades de extensi\u00f3n, de vinculaci\u00f3n y en medio ambiente, logros apoyados<br>por la administraci\u00f3n central para el trabajo en equipo y a beneficio de la comunidad<br>universitaria de la Unida Laguna.<\/p>\n","protected":false},"excerpt":{"rendered":"<p>TORRE\u00d3N, Coahuila. 27 de febrero de 2025. Ante el Consejo Universitariofuncionando por Unidad, y en atenci\u00f3n al principio de transparencia y rendici\u00f3n decuentas en la Universidad Aut\u00f3noma de Coahuila, la coordinadora de la UnidadLaguna, Sandra L\u00f3pez Chavarr\u00eda, present\u00f3 este jueves su segundo informe delsegundo periodo de actividades 2023-2026. A la sesi\u00f3n efectuada en la Gran Sala del Centro Cultural Universitario \u201cBraulioFern\u00e1ndez Aguirre\u201d de Ciudad Universitaria de Torre\u00f3n, asisti\u00f3 el rector&#8230;<\/p>\n","protected":false},"author":1,"featured_media":24870,"comment_status":"closed","ping_status":"","sticky":false,"template":"","format":"standard","meta":{"footnotes":""},"categories":[7,2],"tags":[],"class_list":["post-24869","post","type-post","status-publish","format-standard","has-post-thumbnail","hentry","category-torreon","category-uadec","wpcat-7-id","wpcat-2-id"],"_links":{"self":[{"href":"https:\/\/www.aquilaguna.com\/index.php\/wp-json\/wp\/v2\/posts\/24869","targetHints":{"allow":["GET"]}}],"collection":[{"href":"https:\/\/www.aquilaguna.com\/index.php\/wp-json\/wp\/v2\/posts"}],"about":[{"href":"https:\/\/www.aquilaguna.com\/index.php\/wp-json\/wp\/v2\/types\/post"}],"author":[{"embeddable":true,"href":"https:\/\/www.aquilaguna.com\/index.php\/wp-json\/wp\/v2\/users\/1"}],"replies":[{"embeddable":true,"href":"https:\/\/www.aquilaguna.com\/index.php\/wp-json\/wp\/v2\/comments?post=24869"}],"version-history":[{"count":1,"href":"https:\/\/www.aquilaguna.com\/index.php\/wp-json\/wp\/v2\/posts\/24869\/revisions"}],"predecessor-version":[{"id":24871,"href":"https:\/\/www.aquilaguna.com\/index.php\/wp-json\/wp\/v2\/posts\/24869\/revisions\/24871"}],"wp:featuredmedia":[{"embeddable":true,"href":"https:\/\/www.aquilaguna.com\/index.php\/wp-json\/wp\/v2\/media\/24870"}],"wp:attachment":[{"href":"https:\/\/www.aquilaguna.com\/index.php\/wp-json\/wp\/v2\/media?parent=24869"}],"wp:term":[{"taxonomy":"category","embeddable":true,"href":"https:\/\/www.aquilaguna.com\/index.php\/wp-json\/wp\/v2\/categories?post=24869"},{"taxonomy":"post_tag","embeddable":true,"href":"https:\/\/www.aquilaguna.com\/index.php\/wp-json\/wp\/v2\/tags?post=24869"}],"curies":[{"name":"wp","href":"https:\/\/api.w.org\/{rel}","templated":true}]}}