{"id":24875,"date":"2025-02-27T18:17:35","date_gmt":"2025-02-28T00:17:35","guid":{"rendered":"https:\/\/www.aquilaguna.com\/?p=24875"},"modified":"2025-02-27T18:17:35","modified_gmt":"2025-02-28T00:17:35","slug":"se-aprueba-en-comision-otorgamiento-de-facultades-a-directora-del-instituto-municipal-de-la-mujer","status":"publish","type":"post","link":"https:\/\/www.aquilaguna.com\/index.php\/2025\/02\/27\/se-aprueba-en-comision-otorgamiento-de-facultades-a-directora-del-instituto-municipal-de-la-mujer\/","title":{"rendered":"Se aprueba en comisi\u00f3n otorgamiento de facultades a directora del Instituto Municipal de la Mujer."},"content":{"rendered":"\n<p>Torre\u00f3n, Coahuila a 27 de febrero de 2025.<\/p>\n\n\n\n<p>Esta ma\u00f1ana durante la segunda sesi\u00f3n de la Comisi\u00f3n de Derechos Humanos e<br>Igualdad de G\u00e9nero, los ediles aprobaron por unanimidad la solicitud de Amira<br>Luc\u00eda Darwich Garc\u00eda, directora del Instituto Municipal de la Mujer (IMM), a fin de<br>que se le autoricen y otorguen facultades para la celebraci\u00f3n de todo tipo de<br>convenios de colaboraci\u00f3n y de coordinaci\u00f3n con las autoridades federales,<br>estatales, municipales, as\u00ed como con organismos sociales, empresariales o<br>acad\u00e9micos.<\/p>\n\n\n\n<p>De igual forma, la comisi\u00f3n aprob\u00f3 que se le otorgue a la directora la facultad para<br>participar en convocatorias expedidas por los diferentes \u00f3rdenes de gobierno, la<br>Iniciativa Privada, entre otras, con la finalidad de obtener recursos p\u00fablicos o<br>diversos apoyos.<\/p>\n\n\n\n<p>Lo anterior para dar debido cumplimiento a la creaci\u00f3n y objetivos del Instituto<br>Municipal en favor de las mujeres de Torre\u00f3n.<\/p>\n\n\n\n<p>El asunto ser\u00e1 enviado al pleno de la pr\u00f3xima sesi\u00f3n de Cabildo para su an\u00e1lisis,<br>discusi\u00f3n y en su caso aprobaci\u00f3n.<\/p>\n\n\n\n<p>La sesi\u00f3n fue celebrada de forma virtual.<\/p>\n\n\n\n<p>La Comisi\u00f3n de Derechos Humanos e Igualdad de G\u00e9nero es presidida por la<br>regidora Jennifer Miroshlava Mu\u00f1oz Rivas, e integrada por los ediles: Zazil<br>Pacheco P\u00e9rez, Dora Elia Salinas Dur\u00e1n, Gabriel Francisco Pedro y Karla Liliana<br>Centeno F\u00e9lix.<\/p>\n","protected":false},"excerpt":{"rendered":"<p>Torre\u00f3n, Coahuila a 27 de febrero de 2025. Esta ma\u00f1ana durante la segunda sesi\u00f3n de la Comisi\u00f3n de Derechos Humanos eIgualdad de G\u00e9nero, los ediles aprobaron por unanimidad la solicitud de AmiraLuc\u00eda Darwich Garc\u00eda, directora del Instituto Municipal de la Mujer (IMM), a fin deque se le autoricen y otorguen facultades para la celebraci\u00f3n de todo tipo deconvenios de colaboraci\u00f3n y de coordinaci\u00f3n con las autoridades federales,estatales, municipales, as\u00ed como&#8230;<\/p>\n","protected":false},"author":1,"featured_media":24876,"comment_status":"closed","ping_status":"","sticky":false,"template":"","format":"standard","meta":{"footnotes":""},"categories":[5,28,7],"tags":[],"class_list":["post-24875","post","type-post","status-publish","format-standard","has-post-thumbnail","hentry","category-coahuila","category-la-laguna","category-torreon","wpcat-5-id","wpcat-28-id","wpcat-7-id"],"_links":{"self":[{"href":"https:\/\/www.aquilaguna.com\/index.php\/wp-json\/wp\/v2\/posts\/24875","targetHints":{"allow":["GET"]}}],"collection":[{"href":"https:\/\/www.aquilaguna.com\/index.php\/wp-json\/wp\/v2\/posts"}],"about":[{"href":"https:\/\/www.aquilaguna.com\/index.php\/wp-json\/wp\/v2\/types\/post"}],"author":[{"embeddable":true,"href":"https:\/\/www.aquilaguna.com\/index.php\/wp-json\/wp\/v2\/users\/1"}],"replies":[{"embeddable":true,"href":"https:\/\/www.aquilaguna.com\/index.php\/wp-json\/wp\/v2\/comments?post=24875"}],"version-history":[{"count":1,"href":"https:\/\/www.aquilaguna.com\/index.php\/wp-json\/wp\/v2\/posts\/24875\/revisions"}],"predecessor-version":[{"id":24877,"href":"https:\/\/www.aquilaguna.com\/index.php\/wp-json\/wp\/v2\/posts\/24875\/revisions\/24877"}],"wp:featuredmedia":[{"embeddable":true,"href":"https:\/\/www.aquilaguna.com\/index.php\/wp-json\/wp\/v2\/media\/24876"}],"wp:attachment":[{"href":"https:\/\/www.aquilaguna.com\/index.php\/wp-json\/wp\/v2\/media?parent=24875"}],"wp:term":[{"taxonomy":"category","embeddable":true,"href":"https:\/\/www.aquilaguna.com\/index.php\/wp-json\/wp\/v2\/categories?post=24875"},{"taxonomy":"post_tag","embeddable":true,"href":"https:\/\/www.aquilaguna.com\/index.php\/wp-json\/wp\/v2\/tags?post=24875"}],"curies":[{"name":"wp","href":"https:\/\/api.w.org\/{rel}","templated":true}]}}