{"id":24880,"date":"2025-02-27T18:51:13","date_gmt":"2025-02-28T00:51:13","guid":{"rendered":"https:\/\/www.aquilaguna.com\/?p=24880"},"modified":"2025-02-27T18:51:13","modified_gmt":"2025-02-28T00:51:13","slug":"octavio-pimentel-rector-de-la-universidad-auntonoma-de-coahuila-es-optimista-al-enfrentar-problemas-de-la-institucion-educativa","status":"publish","type":"post","link":"https:\/\/www.aquilaguna.com\/index.php\/2025\/02\/27\/octavio-pimentel-rector-de-la-universidad-auntonoma-de-coahuila-es-optimista-al-enfrentar-problemas-de-la-institucion-educativa\/","title":{"rendered":"Octavio Pimentel, Rector de la Universidad Aunt\u00f3noma de Coahuila es optimista al enfrentar problemas  de la instituci\u00f3n educativa."},"content":{"rendered":"\n<p>Torre\u00f3n, Coahuila.- Afirma el Rector de la Universidad Aut\u00f3noma de Coahuila que, &#8220;hoy ya no se vale decir, no hay o\u00a0no se puede porque no tengo, sino que\u00a0 tenemos hoy\u00a0que\u00a0 buscar el como si, lo que a veces no es sencillo, pero creo que la \u00fanica manera de hacerlo es colaborativa&#8221;.<\/p>\n\n\n\n<p>El\u00a0optimismo del Rector\u00a0 Octavio Pimentel corre parejo con su juventud, como miembro de la generaci\u00f3n vigente, para enfrentar los retos que las\u00a0 conocidas condiciones financieras dentro del marco social y pol\u00edtico del pa\u00eds y de las que de ello se desprenden, deber\u00e1n superarse \u00a0 en esa instituci\u00f3n\u00a0 para alcanzar\u00a0 los objetivos sustanciales\u00a0 que tiene la Universidad p\u00fablica a su cargo.<\/p>\n\n\n\n<p>&#8220;Yo les dije en campa\u00f1a que tenemos que generar certidumbre hacia dentro de la Universidad, hacia adentro y hacia afuera y esto ya lo logramos con las Auditor\u00edas\u00a0 del Gobierno Federal, del Gobierno Estatal, donde tuvimos en este \u00faltimo una reducci\u00f3n del 100 % en la Auditor\u00eda Federal, donde tuvimos cero Observaciones en tanto que en la Auditor\u00eda Estatal, hicimos una reducci\u00f3n del 75 %\u00a0 de las Observaciones&#8221;.<\/p>\n\n\n\n<p>&#8220;Entonces s\u00ed se puede&#8221;, dijo, y preguntarse luego\u00a0un &#8220;\u00bfQu\u00e9 necesitamos?&#8221;\u00a0<\/p>\n\n\n\n<p>&#8220;Tomar \u00a0decisiones\u00a0 que a veces no son las m\u00e1s populares, pero son las necesarias para sanear a la Universidad Aut\u00f3noma de Coahuila&#8221;.<\/p>\n\n\n\n<p>Yo creo,\u00a0 afirm\u00f3, &#8220;que ese\u00a0es el compromiso\u00a0 que tenemos que tener con los universitarios, esa es la demanda que yo escuch\u00e9 en campa\u00f1a y esa es la demanda que escucho\u00a0 cuando voy y visito las escuelas, tengo reuniones en cortito, me re\u00fano con alumnos, docentes\u00a0 e investigadores&#8221;.<\/p>\n\n\n\n<p>&#8220;Yo creo que todo mundo quiere que le vaya bien a la Universidad. Podr\u00e1 haver gente&#8221;, admiti\u00f3, &#8220;que no quiere que le vaya bien a la Universidad, pero bueno\u00a0 esos no son bienvenidos en la Universidad&#8221;. En cuanto a\u00a0 los retos acad\u00e9micos a enfrentar\u00a0 ahora, as\u00ed como\u00a0 pol\u00edtica\u00a0 en relaci\u00f3n a la tolerancia a la existencia de &#8220;aviadores&#8221; presionando las n\u00f3minas de la Universidad, expres\u00f3, &#8220;en cuanto a los aviadores, no los hay en la Universidad. Al cien por cien te lo digo&#8221;.<\/p>\n\n\n\n<p>Lo que pasa, explic\u00f3, &#8220;es que tenemos una n\u00f3mina muy cara. Eso es diferente, es decir, hemos tenido, se tuvo desorden administrativo durante unos a\u00f1os, sin particularizar\u00a0a alguien, sino simplemente fueron otras circunstancias, le toc\u00f3 a otras personas administrar\u00a0y antes\u00a0 hab\u00eda recurso para eso, pero al ir elimin\u00e1ndose el recurso federal,\u00a0 l\u00f3gicamente nos quedamos con una n\u00f3mina muy cara&#8221;.\u00a0<\/p>\n\n\n\n<p>&#8220;Puedo decir, que del 100% de los recursos de la Universidad, el 90 por ciento, es n\u00f3mina. Es muy cara para la Federaci\u00f3n, tenemos que reducirla, redistribu\u00edrla, hacerla muy productiva&#8221;.\u00a0<\/p>\n\n\n\n<p>&#8220;S\u00ed, tenemos mucha gente, pues hay que hacerla productiva. Eso es importante&#8221;.<\/p>\n\n\n\n<p>&#8220;Por otro lado, la Calidad Educativa, efectivamente la Universidad yo la recibo hace un a\u00f1o con el 28% de matr\u00edcula cursando en Programas de Calidad. Nuestra meta es que\u00a0 al cabo de tres a\u00f1os de administraci\u00f3n podamos incrementar al 80%&#8221;.<\/p>\n\n\n\n<p>&#8220;Es decir,\u00a0 que se puede hacer.\u00a0 Ya pusimos en marcha la acreditaci\u00f3n de 40 Programas de Calidad\u00a0 y el a\u00f1o que entra vienen los dem\u00e1s. Efectivamente\u00a0 la tarea es que la gente egrese\u00a0 bajo un Programa de Calidad&#8221;.<\/p>\n\n\n\n<p>Tambi\u00e9n acept\u00f3\u00a0que, &#8220;es importante el mantenimiento\u00a0 de los espacios, el equipamiento\u00a0 de los mismos, la certificaci\u00f3n de nuestros Docentes, las becas para los mismos, pero tambi\u00e9n incrementar el n\u00famero de Investigadores&#8221;.<\/p>\n\n\n\n<p>Este a\u00f1o, dijo, &#8220;aumentamos en\u00a0un 10 % el n\u00famero de nuestros Investigadores\u00a0 sin subir la n\u00f3mina un solo peso. Eso, es lo importante&#8221;.<\/p>\n\n\n\n<p>&#8220;Pudimos salir\u00a0 en tiempo y forma con el pago de aguinaldos, de pensionados y el incrementamos a 40 mil\u00a0el n\u00famero de nuestros estudiantes y no subi\u00f3 un solo peso en la colegiatura, un solo peso&#8221;.<\/p>\n\n\n\n<p>Reconoci\u00f3 que en el caso de los Investigadores, &#8220;estos no tuvieron un solo peso de aumento y esto, es importante pues se han puesto a jalar con lo que tienen. No hay m\u00e1s lana por ahora, pero si hay mucho trabajo e inter\u00e9s\u00a0 de\u00a0 su parte&#8221;, afirm\u00f3, &#8220;lo que tenemos que hacer es apoyarlos, incentivarlos\u00a0 con relaci\u00f3n a los empresarios y as\u00ed poder tener otro tipo de recursos. Ah\u00ed es d\u00f3nde\u00a0 nos tenemos que enfocar&#8221;.<\/p>\n\n\n\n<p>En cuanto a los recursos con destino al mantenimiento o rehabilitaci\u00f3n\u00a0 de la Infoteca \u00a0 de la\u00a0 Ciudad Universitaria\u00a0 en esta ciudad,\u00a0 el Rector Pimentel manifest\u00f3 que, &#8220;tengo tres Infotecas\u00a0 muy complicadas&#8221;, cit\u00e1ndolas por orden de gravedad; &#8220;Saltillo, Monclova y Torre\u00f3n&#8221;.<\/p>\n\n\n\n<p>Saltillo, afirm\u00f3, &#8220;es la m\u00e1s vieja, luego viene la de Monclova\u00a0 y tras ellas la de Torre\u00f3n&#8221;, \u00e9sta consider\u00f3, &#8220;es incluso m\u00e1s funcional aun que la de Saltillo&#8221;.\u00a0<\/p>\n\n\n\n<p>&#8220;Tenemos\u00a0 un programa de remodelaci\u00f3n que viene en el Programa de Aportaciones\u00a0 M\u00faltiples, y debe venir para el segundo o tercer trimestre del a\u00f1o, pues los recursos llegan a cuentagotas&#8221;.<\/p>\n\n\n\n<p>&#8220;Ah\u00ed vienen cinco millones destinados para las Infotecas,\u00a0 y estimando que la\u00a0de Saltillo requerir\u00e1 alrededor de 2 millones, un mill\u00f3n en Monclova por lo menos y otro mill\u00f3n de pesos en Torre\u00f3n, m\u00e1s o menos&#8221;.<\/p>\n\n\n\n<p>Con tales montos, afirm\u00f3, &#8220;necesito que los empresarios nos apoyen, con tanto,\u00a0 y decirles que yo tengo tanto&#8221;.<\/p>\n\n\n\n<p>&#8220;Hay gente\u00a0 que s\u00ed le entra, tiene muchas ganas de trabajar, pero hay que hacerlo con orden&#8221;.<\/p>\n","protected":false},"excerpt":{"rendered":"<p>Torre\u00f3n, Coahuila.- Afirma el Rector de la Universidad Aut\u00f3noma de Coahuila que, &#8220;hoy ya no se vale decir, no hay o\u00a0no se puede porque no tengo, sino que\u00a0 tenemos hoy\u00a0que\u00a0 buscar el como si, lo que a veces no es sencillo, pero creo que la \u00fanica manera de hacerlo es colaborativa&#8221;. El\u00a0optimismo del Rector\u00a0 Octavio Pimentel corre parejo con su juventud, como miembro de la generaci\u00f3n vigente, para enfrentar los&#8230;<\/p>\n","protected":false},"author":2,"featured_media":0,"comment_status":"closed","ping_status":"","sticky":false,"template":"","format":"standard","meta":{"footnotes":""},"categories":[5,7,2],"tags":[],"class_list":["post-24880","post","type-post","status-publish","format-standard","hentry","category-coahuila","category-torreon","category-uadec","wpcat-5-id","wpcat-7-id","wpcat-2-id"],"_links":{"self":[{"href":"https:\/\/www.aquilaguna.com\/index.php\/wp-json\/wp\/v2\/posts\/24880","targetHints":{"allow":["GET"]}}],"collection":[{"href":"https:\/\/www.aquilaguna.com\/index.php\/wp-json\/wp\/v2\/posts"}],"about":[{"href":"https:\/\/www.aquilaguna.com\/index.php\/wp-json\/wp\/v2\/types\/post"}],"author":[{"embeddable":true,"href":"https:\/\/www.aquilaguna.com\/index.php\/wp-json\/wp\/v2\/users\/2"}],"replies":[{"embeddable":true,"href":"https:\/\/www.aquilaguna.com\/index.php\/wp-json\/wp\/v2\/comments?post=24880"}],"version-history":[{"count":1,"href":"https:\/\/www.aquilaguna.com\/index.php\/wp-json\/wp\/v2\/posts\/24880\/revisions"}],"predecessor-version":[{"id":24881,"href":"https:\/\/www.aquilaguna.com\/index.php\/wp-json\/wp\/v2\/posts\/24880\/revisions\/24881"}],"wp:attachment":[{"href":"https:\/\/www.aquilaguna.com\/index.php\/wp-json\/wp\/v2\/media?parent=24880"}],"wp:term":[{"taxonomy":"category","embeddable":true,"href":"https:\/\/www.aquilaguna.com\/index.php\/wp-json\/wp\/v2\/categories?post=24880"},{"taxonomy":"post_tag","embeddable":true,"href":"https:\/\/www.aquilaguna.com\/index.php\/wp-json\/wp\/v2\/tags?post=24880"}],"curies":[{"name":"wp","href":"https:\/\/api.w.org\/{rel}","templated":true}]}}