{"id":24887,"date":"2025-02-28T21:16:04","date_gmt":"2025-03-01T03:16:04","guid":{"rendered":"https:\/\/www.aquilaguna.com\/?p=24887"},"modified":"2025-02-28T21:16:04","modified_gmt":"2025-03-01T03:16:04","slug":"rector-de-la-uadec-cumple-compromiso-con-mejorar-el-alumbrado-en-el-campus-universitario-de-torreon","status":"publish","type":"post","link":"https:\/\/www.aquilaguna.com\/index.php\/2025\/02\/28\/rector-de-la-uadec-cumple-compromiso-con-mejorar-el-alumbrado-en-el-campus-universitario-de-torreon\/","title":{"rendered":"Rector de la UAdeC Cumple Compromiso con Mejorar el Alumbrado en el Campus Universitario de Torre\u00f3n."},"content":{"rendered":"\n<p>TORRE\u00d3N, Coahuila. 28 de febrero de 2025. Para dar continuidad con las mejoras<br>de infraestructura en beneficio de la comunidad universitaria de la Universidad<br>Aut\u00f3noma de Coahuila Unidad Laguna, el rector Octavio Pimentel Mart\u00ednez, realiz\u00f3<br>el encendido de 165 luminarias en Ciudad Universitaria Campus Torre\u00f3n, obra con la<br>que se da cumplimiento a un compromiso hecho durante su campa\u00f1a.<\/p>\n\n\n\n<p>En el evento se cont\u00f3 con la presencia de la coordinadora de Unidad Laguna,<br>Sandra L\u00f3pez Chavarr\u00eda, la coordinadora general de Administraci\u00f3n Patrimonial y de<br>Servicios, Paulette Sece\u00f1as V\u00e1zquez, el director de Planeaci\u00f3n, Jes\u00fas Alberto<br>Montalvo, la presidenta de la Academia de Directoras y Directores de Unidad<br>Laguna, Grace Aileen Ruiz Santoyo, directivos de escuelas y facultades, as\u00ed como la<br>comunidad docente y estudiantil de la UL.<\/p>\n\n\n\n<p>En su mensaje, el rector Octavio Pimentel Mart\u00ednez, manifest\u00f3 que, desde su<br>campa\u00f1a, una de las necesidades que le hicieron saber fue la de contar con un<br>campus universitario iluminado en su totalidad, tanto al interior como al exterior, por<br>lo que \u00e9l y su equipo de trabajo se dieron a la tarea de hacer una revisi\u00f3n, buscar<br>c\u00f3mo obtener el recurso, eficientar el gasto y hacerlo una realidad.<\/p>\n\n\n\n<p>Agreg\u00f3 que, el contar con un campus seguro requer\u00eda de trabajo en equipo y<br>colaborativo de la coordinaci\u00f3n de Administraci\u00f3n Patrimonial y de la direcci\u00f3n de<br>Planeaci\u00f3n, dependencias que se encargaron de poner en marcha la obra y de<br>conseguir los recursos, respectivamente, acciones aunadas a las gestiones y<br>acuerdos con el alcalde de Torre\u00f3n, Rom\u00e1n Alberto Cepeda, quien a trav\u00e9s de su<br>gobierno contribuy\u00f3 con la instalaci\u00f3n de una caseta de vigilancia m\u00f3vil.<\/p>\n\n\n\n<p>Por su parte, la coordinadora general de Administraci\u00f3n Patrimonial y de Servicios,<br>Paulette Sece\u00f1as, inform\u00f3 que la obra de iluminaci\u00f3n cont\u00f3 con una inversi\u00f3n de<br>$898 mil pesos con el Fondo de Aportaciones M\u00faltiples del ejercicio 2024, a trav\u00e9s<br>de la cual se realizaron trabajos de rehabilitaci\u00f3n del alumbrado exterior que<br>incluyeron la instalaci\u00f3n de 2 mil metros lineales de cableado el\u00e9ctrico, el suministro<br>y colocaci\u00f3n de 51 luminarias LED en postes de 100 watts en los andadores de las<br>Facultades de Econom\u00eda y Mercadotecnia, Biol\u00f3gicas, Ingenier\u00eda Civil y la Escuela<br>de Ciencias de la Comunidad.<\/p>\n\n\n\n<p>Se\u00f1al\u00f3 que tambi\u00e9n se instalaron 48 reflectores de 400 watts en la explanada, \u00e1reas<br>deportivas y estacionamiento de la Facultad de Ingenier\u00eda Civil, adem\u00e1s, fueron<br>colocadas 14 luminarias suburbanas tipo poste en el estacionamiento de la Facultad<br>de Ciencias Pol\u00edticas y Sociales (FCPYS) y la Facultad de Administraci\u00f3n Fiscal y<br>Financiera (FAFF), dando un total de 165 luminarias.<\/p>\n\n\n\n<p>Mientras que, el director de Planeaci\u00f3n, Jes\u00fas Alberto Montalvo, se\u00f1al\u00f3 que<br>actualmente los recursos est\u00e1n m\u00e1s escasos para la educaci\u00f3n superior y media<br>superior, pero que el rector Octavio Pimentel ha buscado en todo momento atender<br>las necesidades que las y los alumnos de la m\u00e1xima casa de estudio le han hecho<br>saber, por ello y gracias a su liderazgo, se ha encargado de hacer de manera muy<br>puntual las gestiones, ya que los procesos de presupuestaci\u00f3n de este a\u00f1o, iniciaron<br>desde seis meses.<\/p>\n\n\n\n<p>Comparti\u00f3 que respecto al ejercicio del presupuesto de egresos de la federaci\u00f3n<br>para este 2025 se logr\u00f3 un presupuesto hist\u00f3rico que desde el 2015 no se obten\u00eda,<br>este a\u00f1o fue de 79 millones de pesos, cantidad presupuestal que se va a cristalizar<br>en obras de mantenimiento y equipamiento de la Universidad.<\/p>\n","protected":false},"excerpt":{"rendered":"<p>TORRE\u00d3N, Coahuila. 28 de febrero de 2025. Para dar continuidad con las mejorasde infraestructura en beneficio de la comunidad universitaria de la UniversidadAut\u00f3noma de Coahuila Unidad Laguna, el rector Octavio Pimentel Mart\u00ednez, realiz\u00f3el encendido de 165 luminarias en Ciudad Universitaria Campus Torre\u00f3n, obra con laque se da cumplimiento a un compromiso hecho durante su campa\u00f1a. En el evento se cont\u00f3 con la presencia de la coordinadora de Unidad Laguna,Sandra L\u00f3pez&#8230;<\/p>\n","protected":false},"author":1,"featured_media":24888,"comment_status":"closed","ping_status":"","sticky":false,"template":"","format":"standard","meta":{"footnotes":""},"categories":[7,2],"tags":[],"class_list":["post-24887","post","type-post","status-publish","format-standard","has-post-thumbnail","hentry","category-torreon","category-uadec","wpcat-7-id","wpcat-2-id"],"_links":{"self":[{"href":"https:\/\/www.aquilaguna.com\/index.php\/wp-json\/wp\/v2\/posts\/24887","targetHints":{"allow":["GET"]}}],"collection":[{"href":"https:\/\/www.aquilaguna.com\/index.php\/wp-json\/wp\/v2\/posts"}],"about":[{"href":"https:\/\/www.aquilaguna.com\/index.php\/wp-json\/wp\/v2\/types\/post"}],"author":[{"embeddable":true,"href":"https:\/\/www.aquilaguna.com\/index.php\/wp-json\/wp\/v2\/users\/1"}],"replies":[{"embeddable":true,"href":"https:\/\/www.aquilaguna.com\/index.php\/wp-json\/wp\/v2\/comments?post=24887"}],"version-history":[{"count":1,"href":"https:\/\/www.aquilaguna.com\/index.php\/wp-json\/wp\/v2\/posts\/24887\/revisions"}],"predecessor-version":[{"id":24889,"href":"https:\/\/www.aquilaguna.com\/index.php\/wp-json\/wp\/v2\/posts\/24887\/revisions\/24889"}],"wp:featuredmedia":[{"embeddable":true,"href":"https:\/\/www.aquilaguna.com\/index.php\/wp-json\/wp\/v2\/media\/24888"}],"wp:attachment":[{"href":"https:\/\/www.aquilaguna.com\/index.php\/wp-json\/wp\/v2\/media?parent=24887"}],"wp:term":[{"taxonomy":"category","embeddable":true,"href":"https:\/\/www.aquilaguna.com\/index.php\/wp-json\/wp\/v2\/categories?post=24887"},{"taxonomy":"post_tag","embeddable":true,"href":"https:\/\/www.aquilaguna.com\/index.php\/wp-json\/wp\/v2\/tags?post=24887"}],"curies":[{"name":"wp","href":"https:\/\/api.w.org\/{rel}","templated":true}]}}