{"id":24893,"date":"2025-02-28T21:20:49","date_gmt":"2025-03-01T03:20:49","guid":{"rendered":"https:\/\/www.aquilaguna.com\/?p=24893"},"modified":"2025-02-28T21:20:49","modified_gmt":"2025-03-01T03:20:49","slug":"presenta-radio-torreon-agenda-de-actividades","status":"publish","type":"post","link":"https:\/\/www.aquilaguna.com\/index.php\/2025\/02\/28\/presenta-radio-torreon-agenda-de-actividades\/","title":{"rendered":"Presenta Radio Torre\u00f3n agenda de actividades."},"content":{"rendered":"\n<p>Torre\u00f3n, Coahuila. A 28 de febrero de 2025.<\/p>\n\n\n\n<p>En rueda de prensa, fue presentada la agenda de actividades de Radio Torre\u00f3n,<br>en la que destaca el impulso a la creatividad, el arte, el deporte y la promoci\u00f3n de<br>la lectura, a trav\u00e9s de diferentes concursos.<\/p>\n\n\n\n<p>Jos\u00e9 Armando Cobi\u00e1n Lafont, director general de Radio Torre\u00f3n, anunci\u00f3 que se<br>llevar\u00e1 a cabo una edici\u00f3n m\u00e1s de \u201cPinta tu m\u00fasica\u201d, que arranca a partir de este<br>momento, los participantes tienen hasta el 24 de julio del presente a\u00f1o para<br>inscribirse.<\/p>\n\n\n\n<p>\u201cPor instrucciones del alcalde Rom\u00e1n Alberto Cepeda Gonz\u00e1lez esta convocatoria<br>ser\u00e1 llevada a todas las escuelas de pintura, escuelas p\u00fablicas y privadas y con<br>los profesionales, para que sean parte de este ya tradicional concurso de pintura\u201d,<br>se\u00f1al\u00f3 el director.<\/p>\n\n\n\n<p>La categor\u00eda infantil es para participantes de hasta 16 a\u00f1os de edad, y la categor\u00eda<br>libre para el resto de la poblaci\u00f3n interesada.<\/p>\n\n\n\n<p>Se calificar\u00e1 t\u00e9cnica libre, formato m\u00ednimo de 40&#215;40 cent\u00edmetros y m\u00e1ximo de 140<br>cent\u00edmetros. La obra deber\u00e1 estar montada en una superficie r\u00edgida, lista para<br>exposici\u00f3n.<\/p>\n\n\n\n<p>Los ganadores ser\u00e1n los primeros tres lugares de cada g\u00e9nero musical como:<br>Regional Mexicana, Cl\u00e1sico y Opera, y Jazz y Rock.<\/p>\n\n\n\n<p>Por otro lado, se dio a conocer tambi\u00e9n sobre la carrera 5K RADIO TORRE\u00d3N<br>96.3 FM \u201cVamos a Correr Escuchando la Radio\u201d, en colaboraci\u00f3n con la Direcci\u00f3n<br>de Comunicaci\u00f3n Social, el Instituto Municipal del Deporte y CarrerasMx.<\/p>\n\n\n\n<p>Esto en el marco de la celebraci\u00f3n de los 34 a\u00f1os de la estaci\u00f3n de los<br>torreonenses.<\/p>\n\n\n\n<p>\u201cEsta carrera ser\u00e1 transmitida completamente en vivo por el 96.3 FM de Radio<br>Torre\u00f3n, as\u00ed que los corredores podr\u00e1n escuchar llevando sus aud\u00edfonos<br>colocados y al finalizar, disfrutar de un peque\u00f1o concierto de los dobles de los<br>Beatles y la rifa de 50 mil pesos en premios\u201d, anunci\u00f3 Cobi\u00e1n Lafont.<\/p>\n\n\n\n<p>Dijo que el alcalde Rom\u00e1n Alberto Cepeda busca que sea un evento recreativo<br>que congregue a las familias, y se propicie la convivencia y el deporte.<\/p>\n\n\n\n<p>La carrera est\u00e1 programada para llevarse a cabo el pr\u00f3ximo 26 de abril a las 19:00<br>horas, partiendo de Plaza Mayor para tomar la calle Ram\u00f3n Corona rumbo al<br>bulevar Independencia y de ah\u00ed enfilarse a la avenida Bravo, hasta llegar a la calle<br>17, donde se ubica Radio Torre\u00f3n y que ser\u00e1 la meta.<\/p>\n\n\n\n<p>Las inscripciones y entrega de kit ser\u00e1n en las instalaciones de Radio Torre\u00f3n, en<br>avenida Bravo y calle 17, con \u201cYAYO\u201d en el bosque Venustiano Carranza, y en la<br>p\u00e1gina oficial de CarrerasMx.<\/p>\n\n\n\n<p>El director tambi\u00e9n hizo el recordatorio a la poblaci\u00f3n estudiantil para participar en<br>el concurso: \u201cYo leo, t\u00fa lees, todos leemos\u201d, realizado en coordinaci\u00f3n con la<br>Secretar\u00eda de Educaci\u00f3n en Coahuila.<\/p>\n\n\n\n<p>\u201cEst\u00e1 dirigido a alumnos de todas las escuelas primarias y secundarias. El<br>concurso arranca a mediados del mes de abril y culmina en el mes de junio con la<br>gran final. Las escuelas que participan son del sector educativo p\u00fablico, por lo que<br>m\u00e1s de 31 zonas, federales y estatales, podr\u00e1n ser parte de este concurso de<br>lectura en la radio en esta primera edici\u00f3n\u201d, mencion\u00f3 el director de Radio<br>Torre\u00f3n.<\/p>\n","protected":false},"excerpt":{"rendered":"<p>Torre\u00f3n, Coahuila. A 28 de febrero de 2025. En rueda de prensa, fue presentada la agenda de actividades de Radio Torre\u00f3n,en la que destaca el impulso a la creatividad, el arte, el deporte y la promoci\u00f3n dela lectura, a trav\u00e9s de diferentes concursos. Jos\u00e9 Armando Cobi\u00e1n Lafont, director general de Radio Torre\u00f3n, anunci\u00f3 que sellevar\u00e1 a cabo una edici\u00f3n m\u00e1s de \u201cPinta tu m\u00fasica\u201d, que arranca a partir de estemomento,&#8230;<\/p>\n","protected":false},"author":1,"featured_media":24894,"comment_status":"closed","ping_status":"","sticky":false,"template":"","format":"standard","meta":{"footnotes":""},"categories":[5,28,7],"tags":[],"class_list":["post-24893","post","type-post","status-publish","format-standard","has-post-thumbnail","hentry","category-coahuila","category-la-laguna","category-torreon","wpcat-5-id","wpcat-28-id","wpcat-7-id"],"_links":{"self":[{"href":"https:\/\/www.aquilaguna.com\/index.php\/wp-json\/wp\/v2\/posts\/24893","targetHints":{"allow":["GET"]}}],"collection":[{"href":"https:\/\/www.aquilaguna.com\/index.php\/wp-json\/wp\/v2\/posts"}],"about":[{"href":"https:\/\/www.aquilaguna.com\/index.php\/wp-json\/wp\/v2\/types\/post"}],"author":[{"embeddable":true,"href":"https:\/\/www.aquilaguna.com\/index.php\/wp-json\/wp\/v2\/users\/1"}],"replies":[{"embeddable":true,"href":"https:\/\/www.aquilaguna.com\/index.php\/wp-json\/wp\/v2\/comments?post=24893"}],"version-history":[{"count":1,"href":"https:\/\/www.aquilaguna.com\/index.php\/wp-json\/wp\/v2\/posts\/24893\/revisions"}],"predecessor-version":[{"id":24895,"href":"https:\/\/www.aquilaguna.com\/index.php\/wp-json\/wp\/v2\/posts\/24893\/revisions\/24895"}],"wp:featuredmedia":[{"embeddable":true,"href":"https:\/\/www.aquilaguna.com\/index.php\/wp-json\/wp\/v2\/media\/24894"}],"wp:attachment":[{"href":"https:\/\/www.aquilaguna.com\/index.php\/wp-json\/wp\/v2\/media?parent=24893"}],"wp:term":[{"taxonomy":"category","embeddable":true,"href":"https:\/\/www.aquilaguna.com\/index.php\/wp-json\/wp\/v2\/categories?post=24893"},{"taxonomy":"post_tag","embeddable":true,"href":"https:\/\/www.aquilaguna.com\/index.php\/wp-json\/wp\/v2\/tags?post=24893"}],"curies":[{"name":"wp","href":"https:\/\/api.w.org\/{rel}","templated":true}]}}