{"id":24896,"date":"2025-02-28T21:22:24","date_gmt":"2025-03-01T03:22:24","guid":{"rendered":"https:\/\/www.aquilaguna.com\/?p=24896"},"modified":"2025-02-28T21:22:24","modified_gmt":"2025-03-01T03:22:24","slug":"listo-el-operativo-de-seguridad-vial-para-el-maraton-lala-2025-alertan-sobre-cierre-de-vialidades-durante-la-competencia","status":"publish","type":"post","link":"https:\/\/www.aquilaguna.com\/index.php\/2025\/02\/28\/listo-el-operativo-de-seguridad-vial-para-el-maraton-lala-2025-alertan-sobre-cierre-de-vialidades-durante-la-competencia\/","title":{"rendered":"Listo el operativo de Seguridad Vial para el Marat\u00f3n Lala 2025; alertan sobre cierre de vialidades durante la competencia."},"content":{"rendered":"\n<p>Torre\u00f3n, Coahuila. A 28 de febrero de 2025.<\/p>\n\n\n\n<p>Un total de 300 agentes de la Direcci\u00f3n de Tr\u00e1nsito y Vialidad participar\u00e1n en el<br>operativo del pr\u00f3ximo domingo 2 de marzo. Se exhorta a los conductores a tomar<br>las precauciones debidas porque habr\u00e1 cierre de importantes avenidas, bulevares<br>y calzadas durante la celebraci\u00f3n de la edici\u00f3n 2025 del Marat\u00f3n Lala, una<br>competencia deportiva regional que es un referente a nivel nacional e<br>internacional.<\/p>\n\n\n\n<p>El alcalde Rom\u00e1n Alberto Cepeda Gonz\u00e1lez se\u00f1al\u00f3 que se encuentra todo listo<br>para brindar Orden y Seguridad Vial de manera coordinada con todas las<br>corporaciones, para resguardar a los participantes y las familias que se congregan<br>para animar la competencia.<\/p>\n\n\n\n<p>\u201cSe tuvo ya una reuni\u00f3n con los directivos de la empresa y encargados de la<br>organizaci\u00f3n del Marat\u00f3n para que se d\u00e9 la coordinaci\u00f3n; desde hace un par de<br>meses se ha tenido todo visto con las dependencias de Vialidad, Salud, Polic\u00eda<br>Municipal, el Ejercito Mexicano y todas las corporaciones estatales para<br>salvaguardar la integridad de los corredores y las familias que acuden a observar<br>el recorrido\u201d, dijo el Presidente Municipal.<\/p>\n\n\n\n<p>Por su parte, Luis Morales Cort\u00e9s, director Vialidad y Movilidad Urbana dio a<br>conocer que participar\u00e1n 300 elementos de la dependencia en el operativo, con el<br>que se busca brindar un orden y fluidez en las avenida, bulevares y calzadas del<br>recorrido de la competencia, con el objetivo de salvaguardar la integridad de los<br>atletas y la ciudadan\u00eda.<\/p>\n\n\n\n<p>Explic\u00f3 que desde las 06:00 hasta las 14:00 horas, las vialidades por donde pasa<br>el Marat\u00f3n ser\u00e1n cerradas con vallas, en las cuales estar\u00e1n presentes agentes<br>viales.<\/p>\n\n\n\n<p>Dijo que las vialidades que permanecer\u00e1n con cortes a la circulaci\u00f3n son: bulevar<br>Constituci\u00f3n, bulevar Independencia, avenida Madrid, calzada Col\u00f3n, avenida<br>Ju\u00e1rez, y calzada Cuauht\u00e9moc.<\/p>\n\n\n\n<p>De esta manera, el corte a las vialidades se dar\u00e1 en el bulevar Constituci\u00f3n, de la<br>calle M\u00fazquiz a Sertoma, recorriendo el cierre de esta \u00faltima calle del Constituci\u00f3n<br>al bulevar Independencia.<\/p>\n\n\n\n<p>Tambi\u00e9n se dar\u00e1 cierre en el bulevar Independencia, desde la avenida<br>Cuauht\u00e9moc a la calle Javier Mina, as\u00ed como en el Sistema Vial 4 Caminos de<br>oriente a poniente.<\/p>\n\n\n\n<p>De igual manera tendr\u00e1 un cierre la calzada Col\u00f3n, en la intersecci\u00f3n de la calle<br>Matamoros, y de la Col\u00f3n a la calle Ram\u00f3n Corona. A su vez, de esta \u00faltima<br>vialidad, entre la Matamoros y la Ju\u00e1rez y hasta la Leona Vicario y la Rosendo<br>Guerrero.<\/p>\n\n\n\n<p>Adem\u00e1s de la calle Jos\u00e9 Mar\u00eda del Bosque, de la avenida Ju\u00e1rez al bulevar<br>Revoluci\u00f3n, as\u00ed como a partir de la calle Central en la glorieta de Torre\u00f3n Jard\u00edn,<br>hasta Paseo de la Rosita.<\/p>\n\n\n\n<p>Las rutas alternas disponibles ser\u00e1n: bulevar Laguna Sur, Diagonal Las Fuentes,<br>calzada Saltillo 400, Diagonal Reforma, calzada Abastos, el perif\u00e9rico Ra\u00fal L\u00f3pez<br>S\u00e1nchez, carretera Mieleras, la Torre\u00f3n-Matamoros y calzada Paseo del<br>Tecnol\u00f3gico.<\/p>\n\n\n\n<p>Morales Cort\u00e9s pidi\u00f3 a la ciudadan\u00eda su comprensi\u00f3n ante estos cierres y exhort\u00f3<br>a acatar las instrucciones de los agentes para que como cada a\u00f1o, se pueda<br>contar con el desarrollo de un Marat\u00f3n tranquilo y sin hechos de tr\u00e1nsito.<\/p>\n\n\n\n<p>Por parte de la Direcci\u00f3n de Protecci\u00f3n Civil y Bomberos, la recomendaci\u00f3n para<br>quienes acuden a disfrutar del evento como espectadores es cuidar en todo<br>momento a los menores de edad, acudir en ropa c\u00f3moda, mantenerse hidratados<br>y no atravesarse en el espacio de los corredores.<\/p>\n","protected":false},"excerpt":{"rendered":"<p>Torre\u00f3n, Coahuila. A 28 de febrero de 2025. Un total de 300 agentes de la Direcci\u00f3n de Tr\u00e1nsito y Vialidad participar\u00e1n en eloperativo del pr\u00f3ximo domingo 2 de marzo. Se exhorta a los conductores a tomarlas precauciones debidas porque habr\u00e1 cierre de importantes avenidas, bulevaresy calzadas durante la celebraci\u00f3n de la edici\u00f3n 2025 del Marat\u00f3n Lala, unacompetencia deportiva regional que es un referente a nivel nacional einternacional. El alcalde Rom\u00e1n&#8230;<\/p>\n","protected":false},"author":1,"featured_media":24897,"comment_status":"closed","ping_status":"","sticky":false,"template":"","format":"standard","meta":{"footnotes":""},"categories":[5,28,7],"tags":[],"class_list":["post-24896","post","type-post","status-publish","format-standard","has-post-thumbnail","hentry","category-coahuila","category-la-laguna","category-torreon","wpcat-5-id","wpcat-28-id","wpcat-7-id"],"_links":{"self":[{"href":"https:\/\/www.aquilaguna.com\/index.php\/wp-json\/wp\/v2\/posts\/24896","targetHints":{"allow":["GET"]}}],"collection":[{"href":"https:\/\/www.aquilaguna.com\/index.php\/wp-json\/wp\/v2\/posts"}],"about":[{"href":"https:\/\/www.aquilaguna.com\/index.php\/wp-json\/wp\/v2\/types\/post"}],"author":[{"embeddable":true,"href":"https:\/\/www.aquilaguna.com\/index.php\/wp-json\/wp\/v2\/users\/1"}],"replies":[{"embeddable":true,"href":"https:\/\/www.aquilaguna.com\/index.php\/wp-json\/wp\/v2\/comments?post=24896"}],"version-history":[{"count":1,"href":"https:\/\/www.aquilaguna.com\/index.php\/wp-json\/wp\/v2\/posts\/24896\/revisions"}],"predecessor-version":[{"id":24898,"href":"https:\/\/www.aquilaguna.com\/index.php\/wp-json\/wp\/v2\/posts\/24896\/revisions\/24898"}],"wp:featuredmedia":[{"embeddable":true,"href":"https:\/\/www.aquilaguna.com\/index.php\/wp-json\/wp\/v2\/media\/24897"}],"wp:attachment":[{"href":"https:\/\/www.aquilaguna.com\/index.php\/wp-json\/wp\/v2\/media?parent=24896"}],"wp:term":[{"taxonomy":"category","embeddable":true,"href":"https:\/\/www.aquilaguna.com\/index.php\/wp-json\/wp\/v2\/categories?post=24896"},{"taxonomy":"post_tag","embeddable":true,"href":"https:\/\/www.aquilaguna.com\/index.php\/wp-json\/wp\/v2\/tags?post=24896"}],"curies":[{"name":"wp","href":"https:\/\/api.w.org\/{rel}","templated":true}]}}