{"id":24899,"date":"2025-02-28T21:24:12","date_gmt":"2025-03-01T03:24:12","guid":{"rendered":"https:\/\/www.aquilaguna.com\/?p=24899"},"modified":"2025-02-28T21:24:12","modified_gmt":"2025-03-01T03:24:12","slug":"unen-esfuerzos-para-combatir-la-pobreza-alimentaria-en-coahuila","status":"publish","type":"post","link":"https:\/\/www.aquilaguna.com\/index.php\/2025\/02\/28\/unen-esfuerzos-para-combatir-la-pobreza-alimentaria-en-coahuila\/","title":{"rendered":"UNEN ESFUERZOS PARA COMBATIR LA POBREZA ALIMENTARIA EN COAHUILA."},"content":{"rendered":"\n<p>Saltillo, Coahuila de Zaragoza; a 28 de febrero de 2025.- Como parte del compromiso del gobernador Manolo Jim\u00e9nez de fortalecer a las familias coahuilenses, se formaliz\u00f3 el Programa de Desarrollo Institucional para la Reducci\u00f3n de la Pobreza Alimentaria mediante la firma de un convenio de colaboraci\u00f3n entre el secretario de Inclusi\u00f3n y Desarrollo Social, Enrique Mart\u00ednez y Morales, y el consejero del Banco Internacional de Alimentos A.C., Jos\u00e9 Mart\u00edn Faz R\u00edos.<\/p>\n\n\n\n<p>Este acuerdo tiene como objetivo principal rescatar, recolectar y distribuir alimentos a personas en situaci\u00f3n de marginaci\u00f3n y pobreza alimentaria, adem\u00e1s de impulsar acciones que contribuyan a la reconstrucci\u00f3n del tejido social en la comunidad.<\/p>\n\n\n\n<p>\u201cHemos entregado apoyos a ni\u00f1as, ni\u00f1os, adultos mayores, casas hogar, asilos, comunidades rurales, colectivos LGBTI+, migrantes, j\u00f3venes internos; con la intenci\u00f3n de abatir la pobreza alimentaria y mejorar la calidad de vida, en colaboraci\u00f3n con la sociedad civil, recordando que la uni\u00f3n hace la fuerza\u201d finaliz\u00f3 Mart\u00ednez y Morales.<\/p>\n\n\n\n<p>El subsecretario de Inclusi\u00f3n y Desarrollo Social, Luis Alberto Dur\u00e1n Herrera, particip\u00f3 en la firma con el compromiso del trabajo continuo, para lograr los objetivos de este convenio.<\/p>\n","protected":false},"excerpt":{"rendered":"<p>Saltillo, Coahuila de Zaragoza; a 28 de febrero de 2025.- Como parte del compromiso del gobernador Manolo Jim\u00e9nez de fortalecer a las familias coahuilenses, se formaliz\u00f3 el Programa de Desarrollo Institucional para la Reducci\u00f3n de la Pobreza Alimentaria mediante la firma de un convenio de colaboraci\u00f3n entre el secretario de Inclusi\u00f3n y Desarrollo Social, Enrique Mart\u00ednez y Morales, y el consejero del Banco Internacional de Alimentos A.C., Jos\u00e9 Mart\u00edn Faz&#8230;<\/p>\n","protected":false},"author":1,"featured_media":24900,"comment_status":"closed","ping_status":"","sticky":false,"template":"","format":"standard","meta":{"footnotes":""},"categories":[5,15],"tags":[],"class_list":["post-24899","post","type-post","status-publish","format-standard","has-post-thumbnail","hentry","category-coahuila","category-gobierno-de-coahuila","wpcat-5-id","wpcat-15-id"],"_links":{"self":[{"href":"https:\/\/www.aquilaguna.com\/index.php\/wp-json\/wp\/v2\/posts\/24899","targetHints":{"allow":["GET"]}}],"collection":[{"href":"https:\/\/www.aquilaguna.com\/index.php\/wp-json\/wp\/v2\/posts"}],"about":[{"href":"https:\/\/www.aquilaguna.com\/index.php\/wp-json\/wp\/v2\/types\/post"}],"author":[{"embeddable":true,"href":"https:\/\/www.aquilaguna.com\/index.php\/wp-json\/wp\/v2\/users\/1"}],"replies":[{"embeddable":true,"href":"https:\/\/www.aquilaguna.com\/index.php\/wp-json\/wp\/v2\/comments?post=24899"}],"version-history":[{"count":1,"href":"https:\/\/www.aquilaguna.com\/index.php\/wp-json\/wp\/v2\/posts\/24899\/revisions"}],"predecessor-version":[{"id":24901,"href":"https:\/\/www.aquilaguna.com\/index.php\/wp-json\/wp\/v2\/posts\/24899\/revisions\/24901"}],"wp:featuredmedia":[{"embeddable":true,"href":"https:\/\/www.aquilaguna.com\/index.php\/wp-json\/wp\/v2\/media\/24900"}],"wp:attachment":[{"href":"https:\/\/www.aquilaguna.com\/index.php\/wp-json\/wp\/v2\/media?parent=24899"}],"wp:term":[{"taxonomy":"category","embeddable":true,"href":"https:\/\/www.aquilaguna.com\/index.php\/wp-json\/wp\/v2\/categories?post=24899"},{"taxonomy":"post_tag","embeddable":true,"href":"https:\/\/www.aquilaguna.com\/index.php\/wp-json\/wp\/v2\/tags?post=24899"}],"curies":[{"name":"wp","href":"https:\/\/api.w.org\/{rel}","templated":true}]}}