{"id":24928,"date":"2025-03-03T20:18:45","date_gmt":"2025-03-04T02:18:45","guid":{"rendered":"https:\/\/www.aquilaguna.com\/?p=24928"},"modified":"2025-03-03T20:18:45","modified_gmt":"2025-03-04T02:18:45","slug":"frente-frio-num-31-traera-fuertes-vientos-a-coahuila","status":"publish","type":"post","link":"https:\/\/www.aquilaguna.com\/index.php\/2025\/03\/03\/frente-frio-num-31-traera-fuertes-vientos-a-coahuila\/","title":{"rendered":"FRENTE FR\u00cdO N\u00daM. 31 TRAER\u00c1 FUERTES VIENTOS A COAHUILA."},"content":{"rendered":"\n<p>Saltillo, Coahuila de Zaragoza; a 3 de marzo de 2025.- La Secretar\u00eda de Gobierno, a trav\u00e9s de la Subsecretar\u00eda de Protecci\u00f3n Civil del Estado, informa que el frente fr\u00edo n\u00fam. 31 llegar\u00e1 este martes a Coahuila, acompa\u00f1ado de vientos de 40 a 50 km\/h y rachas de hasta 100 km\/h en las regiones Norte, Carbon\u00edfera, Centro y Sureste del Estado.<\/p>\n\n\n\n<p>Dado que la humedad en el ambiente ser\u00e1 baja, se recomienda tomar precauciones con respecto al manejo del fuego, especialmente en \u00e1reas al aire libre, para prevenir situaciones de riesgo e incendios.&nbsp;<\/p>\n\n\n\n<p>Recomendaciones:<\/p>\n\n\n\n<p>* Abr\u00edgate bien, sobre todo en las ma\u00f1anas y noches.<\/p>\n\n\n\n<p>* Evita salir si hay vientos fuertes.<\/p>\n\n\n\n<p>* Maneja con precauci\u00f3n, ya que el viento puede reducir la visibilidad.<\/p>\n\n\n\n<p>* Mantente informado a trav\u00e9s de los avisos oficiales.<\/p>\n\n\n\n<p>La Subsecretar\u00eda de Protecci\u00f3n Civil monitorea la situaci\u00f3n y, si es necesario, emitir\u00e1 alertas y brindar\u00e1 apoyo a la poblaci\u00f3n.<\/p>\n\n\n\n<p><strong>EN TU VIVIENDA<\/strong><\/p>\n\n\n\n<p>\u2022\u2060&nbsp;&nbsp;\u2060Cierra y asegura puertas, ventanas o toldos.<\/p>\n\n\n\n<p>\u2022\u2060&nbsp;&nbsp;\u2060Retira todos aquellos objetos que puedan caer a la calle y provocar un accidente.<\/p>\n\n\n\n<p>\u2022\u2060&nbsp;&nbsp;\u2060Si los vidrios de las ventanas no son resistentes, coloca cinta adhesiva transparente en la parte interior para evitar que al romperse provoquen da\u00f1os.<\/p>\n\n\n\n<p>\u2022\u2060&nbsp;&nbsp;\u2060Evita salir de casa si no es necesario.<\/p>\n\n\n\n<p><strong>EN LA CALLE O EN EL CAMPO:<\/strong><\/p>\n\n\n\n<p>\u2022\u2060&nbsp;&nbsp;\u2060Al\u00e9jate de cornisas, muros o \u00e1rboles que puedan desprenderse.<\/p>\n\n\n\n<p>\u2022\u2060&nbsp;&nbsp;\u2060Toma precauciones frente a edificaciones en construcci\u00f3n o en mal estado.<\/p>\n\n\n\n<p>\u2022\u2060&nbsp;&nbsp;\u2060Abstente de subir a andamios sin las adecuadas medidas de protecci\u00f3n.<\/p>\n\n\n\n<p>\u2022\u2060&nbsp;&nbsp;\u2060No te resguardes del viento en zonas cercanas a muros, \u00e1rboles o edificios en mal estado o en construcci\u00f3n.<\/p>\n\n\n\n<p><strong>SI EST\u00c1S CONDUCIENDO:<\/strong><\/p>\n\n\n\n<p>\u2022\u2060&nbsp;&nbsp;\u2060Evita manejar por \u00e1reas inundadas y por agua estancada.<\/p>\n\n\n\n<p>\u2022\u2060&nbsp;&nbsp;\u2060Ten precauci\u00f3n, ya que son frecuentes los cortes en v\u00edas debido a la ca\u00edda de \u00e1rboles y cables el\u00e9ctricos.<\/p>\n\n\n\n<p>\u2022\u2060&nbsp;&nbsp;\u2060Conduce con cuidado, ya que puede haber formaci\u00f3n de nubes de polvo.<\/p>\n\n\n\n<p>\u2022\u2060&nbsp;&nbsp;\u2060Si tu auto se ve afectado por la fuerza del viento, evita los rebases y ten precauci\u00f3n en los cruces y puentes.<\/p>\n\n\n\n<p>\u2022\u2060&nbsp;&nbsp;\u2060Conduce con precauci\u00f3n, disminuyendo la velocidad y con las luces encendidas si la visibilidad es escasa.<\/p>\n\n\n\n<p>\u2022\u2060&nbsp;&nbsp;\u2060Ten precauci\u00f3n al adelantar veh\u00edculos de carga pesada, ya que pueden hacer movimientos imprevistos.<\/p>\n\n\n\n<p>\u2022\u2060&nbsp;&nbsp;\u2060Localiza con anticipaci\u00f3n los Refugios Temporales habilitados por las autoridades en la p\u00e1gina&nbsp;<a href=\"http:\/\/proteccioncivil.sfpcoahuila.gob.mx\/modulo22.php?opcion=8\" target=\"_blank\" rel=\"noreferrer noopener\">http:\/\/proteccioncivil.sfpcoahuila.gob.mx\/modulo22.php?opcion=8<\/a>.<\/p>\n\n\n\n<p>Ante cualquier emergencia, la ciudadan\u00eda puede llamar al 911.<\/p>\n","protected":false},"excerpt":{"rendered":"<p>Saltillo, Coahuila de Zaragoza; a 3 de marzo de 2025.- La Secretar\u00eda de Gobierno, a trav\u00e9s de la Subsecretar\u00eda de Protecci\u00f3n Civil del Estado, informa que el frente fr\u00edo n\u00fam. 31 llegar\u00e1 este martes a Coahuila, acompa\u00f1ado de vientos de 40 a 50 km\/h y rachas de hasta 100 km\/h en las regiones Norte, Carbon\u00edfera, Centro y Sureste del Estado. Dado que la humedad en el ambiente ser\u00e1 baja, se&#8230;<\/p>\n","protected":false},"author":1,"featured_media":0,"comment_status":"closed","ping_status":"","sticky":false,"template":"","format":"standard","meta":{"footnotes":""},"categories":[27,5,15,54],"tags":[],"class_list":["post-24928","post","type-post","status-publish","format-standard","hentry","category-clima","category-coahuila","category-gobierno-de-coahuila","category-proteccion-civil","wpcat-27-id","wpcat-5-id","wpcat-15-id","wpcat-54-id"],"_links":{"self":[{"href":"https:\/\/www.aquilaguna.com\/index.php\/wp-json\/wp\/v2\/posts\/24928","targetHints":{"allow":["GET"]}}],"collection":[{"href":"https:\/\/www.aquilaguna.com\/index.php\/wp-json\/wp\/v2\/posts"}],"about":[{"href":"https:\/\/www.aquilaguna.com\/index.php\/wp-json\/wp\/v2\/types\/post"}],"author":[{"embeddable":true,"href":"https:\/\/www.aquilaguna.com\/index.php\/wp-json\/wp\/v2\/users\/1"}],"replies":[{"embeddable":true,"href":"https:\/\/www.aquilaguna.com\/index.php\/wp-json\/wp\/v2\/comments?post=24928"}],"version-history":[{"count":1,"href":"https:\/\/www.aquilaguna.com\/index.php\/wp-json\/wp\/v2\/posts\/24928\/revisions"}],"predecessor-version":[{"id":24929,"href":"https:\/\/www.aquilaguna.com\/index.php\/wp-json\/wp\/v2\/posts\/24928\/revisions\/24929"}],"wp:attachment":[{"href":"https:\/\/www.aquilaguna.com\/index.php\/wp-json\/wp\/v2\/media?parent=24928"}],"wp:term":[{"taxonomy":"category","embeddable":true,"href":"https:\/\/www.aquilaguna.com\/index.php\/wp-json\/wp\/v2\/categories?post=24928"},{"taxonomy":"post_tag","embeddable":true,"href":"https:\/\/www.aquilaguna.com\/index.php\/wp-json\/wp\/v2\/tags?post=24928"}],"curies":[{"name":"wp","href":"https:\/\/api.w.org\/{rel}","templated":true}]}}