{"id":24942,"date":"2025-03-04T18:50:16","date_gmt":"2025-03-05T00:50:16","guid":{"rendered":"https:\/\/www.aquilaguna.com\/?p=24942"},"modified":"2025-03-04T18:50:16","modified_gmt":"2025-03-05T00:50:16","slug":"con-diversas-actividades-conmemorara-uadec-unidad-laguna-el-dia-internacional-de-la-mujer","status":"publish","type":"post","link":"https:\/\/www.aquilaguna.com\/index.php\/2025\/03\/04\/con-diversas-actividades-conmemorara-uadec-unidad-laguna-el-dia-internacional-de-la-mujer\/","title":{"rendered":"Con Diversas Actividades Conmemorar\u00e1 UAdeC Unidad Laguna el D\u00eda Internacional de la Mujer."},"content":{"rendered":"\n<p>TORRE\u00d3N, Coahuila. 4 de marzo de 2025. Para conmemorar el D\u00eda Internacional de<br>la Mujer, la Coordinaci\u00f3n de Unidad Laguna de la Universidad Aut\u00f3noma de<br>Coahuila, a trav\u00e9s de Escuelas, Facultades, Institutos y Centros, realizar\u00e1 diversas<br>actividades con las que se busca proporcionar estrategias y herramientas para el<br>empoderamiento femenino.<\/p>\n\n\n\n<p>La Facultad de Derecho, Criminolog\u00eda y Ciencias Forenses Unidad Laguna, realizar\u00e1<br>el martes 4 de marzo a las 18:30 horas en el Auditorio \u201cLic. Jorge Mario C\u00e1rdenas<br>Gonz\u00e1lez\u201d, la conferencia \u201cRed Flags\u201d, por parte de la crimin\u00f3loga, Argentina Picazo;<br>el mi\u00e9rcoles 5 de marzo \u201cMujeres desaparecidas\u201d a las 10:00 horas, a cargo de la<br>representante de los colectivos \u201cVoz que clama justicia por personas desaparecidas\u201d<br>y \u201cB\u00fasqueda y localizaci\u00f3n de personas desaparecidas, Mar\u00eda de la Luz L\u00f3pez<br>Castruita y ese mismo d\u00eda a las 18:30 horas \u201cViolencia en el noviazgo\u201d, por la<br>psic\u00f3loga, Maril\u00fa Reyes Partida.<\/p>\n\n\n\n<p>Por otro lado, el jueves 6 de marzo a las 10:00 horas se llevar\u00e1 a cabo el Foro<br>\u201cMujeres que cambian el mundo\u201d, en el que participar\u00e1n como moderadoras, la<br>octava regidora del Ayuntamiento de Torre\u00f3n, Karla Centeno y la catedr\u00e1tica de la<br>Facultad de Derecho, Joss Gonz\u00e1lez, como participantes la comandante encargada<br>de la Unidad Especializada en Atenci\u00f3n Temprana y Acompa\u00f1amiento en<br>Situaciones de Riesgo de la DGSMP, Blanca P\u00e9rez.<\/p>\n\n\n\n<p>Adem\u00e1s, la periodista, conductora y actriz, Lynda Vargas, la nutri\u00f3loga y fundadora<br>del Colegio de Nutri\u00f3logos de la Laguna, Kim Sahori y la directora de Prevenci\u00f3n<br>Social del Delito, Blanca \u00c1lvarez y a las 18:30 horas, \u201cLa lucha del feminismo en<br>M\u00e9xico y su estrategia social\u201d, a cargo de la Dra., Marimar Centeno; el viernes 7 de<br>marzo, llevar\u00e1 a cabo la Feria del Emprendimiento: Mujeres Leyes de 8:30 a 18:30<br>horas en la cancha del plantel.<\/p>\n\n\n\n<p>Mientras que, la Coordinaci\u00f3n de Unidad Laguna, llevar\u00e1 a cabo el 19 de marzo a las<br>10:00 horas la Segunda Jornada para Universitarias &#8220;Cultura de la Denuncia Legal&#8221;,<br>donde se contar\u00e1 con la presencia de la coordinadora de Unidad Laguna, Sandra<br>L\u00f3pez Chavarr\u00eda, la directora del Instituto Municipal de la Mujer de Torre\u00f3n, Amira<br>Darwich y la directora del Facultad de Econom\u00eda y Mercadotecnia, Grace Aileen Ruiz<br>Santoyo.<\/p>\n\n\n\n<p>De 10:30 10:45 se abordar\u00e1 el tema Red Flags: Cu\u00e1ndo y d\u00f3nde poner una denuncia<br>ante violencia de g\u00e9nero, por el Instituto Municipal de la Mujer de Torre\u00f3n, de 11:45 a<br>12:45 el Taller Reeducativo y &#8220;Tu espacio, Tus Reglas&#8221;; el 20 de marzo a las 10:00<br>horas la Segunda Jornada Reeducativa para Universitarios &#8220;Hackeando al sistema&#8221;,<br>que iniciar\u00e1 a las 10:00 horas, de 10:30 a 12:30 horas el Taller Reeducativo con el<\/p>\n\n\n\n<p>Tema: &#8220;Universitarios reconstruyendo la masculinidad&#8221;, por el Instituto Municipal d la<br>Mujer de Torre\u00f3n y un espacio Reflexivo de 11:30 a 13:00 horas.<\/p>\n\n\n\n<p>Por otro lado, la Facultad de Enfermer\u00eda convoca a una colecta de art\u00edculos de<br>higiene personal para mujeres en situaciones vulnerables, del 3 al 15 de marzo<br>recibir\u00e1n pastillas para c\u00f3licos, toallas sanitarias y tampones en los centros de<br>acopio las Facultades de Medicina, de Psicolog\u00eda, de Ciencias Pol\u00edticas y Sociales y<br>de Ciencias Biol\u00f3gicas.<\/p>\n\n\n\n<p>En el Instituto \u201cManuel Mu\u00f1oz Olivares\u201d el jueves 6 de marzo desarrollar\u00e1n \u00c1rbol<br>Violeta, una mirada a tu \u00e1rbol familiar, CinemaIMMO en segundo semestre a las 8:00<br>horas \u201cNo est\u00e1s sola; Lucha contra la manada\u201d y en el sal\u00f3n de cuarto semestre a<br>las 10:00 horas \u201cNoche de Fuego\u201d.<\/p>\n\n\n\n<p>La elaboraci\u00f3n y exposici\u00f3n de carteles de 2\u00ba y 4\u00ba semestre a las 12:00 horas,<br>Historia \u201cD\u00eda Internacional de la Mujer\u201d y Huellas de Mujer en la historia; a las 13:00<br>horas habr\u00e1 un encendido de humo \u201cNuestro Humo Violeta\u201d.<\/p>\n\n\n\n<p>El 7 de marzo la Facultad de Medicina de 10:00 a 12:00 horas en su auditorio invita a<br>las ponencias \u201cCuidado Femenino durante el s\u00edndrome premenstrual\u201d por la Dra.<br>Elsa Laura M\u00e9ndez y \u201cEstrategias para manejar el estr\u00e9s, conciliaci\u00f3n entre la vida<br>personal y profesional de la mujer\u201d por la Psic\u00f3loga Diana Elizabeth de la Fuente<br>Parra.<\/p>\n\n\n\n<p>Para ese mismo d\u00eda se convoca a la comunidad estudiantil de la Unidad Laguna al<br>concurso \u201cEl Arte de ser mujer\u201d y expresar de manera art\u00edstica en pintura y cartel,<br>para el primer lugar de cada modalidad se entregar\u00e1 un kit quir\u00fargico.<\/p>\n\n\n\n<p>El 6 de marzo la Escuela de Ciencias de la Comunidad a trav\u00e9s de la l\u00ednea de<br>Investigaci\u00f3n Diversidad Sociocultural y Relaciones Humanas, presentan el Panel:<br>\u201cLa Importancia de la Participaci\u00f3n Pol\u00edtica en los Sistemas de Gobierno para<br>atenci\u00f3n a Mujeres en Situaci\u00f3n Vulnerable\u201d, en la Infoteca \u201cLe\u00f3n Felipe\u201d de Ciudad<br>Universitaria de Torre\u00f3n a las 17:00 horas.<\/p>\n\n\n\n<p>Las invitadas especiales son la directora de Atenci\u00f3n a Mujeres (Torre\u00f3n) Joaly<br>Jaqueline L\u00f3pez Garc\u00eda, del \u00e1rea Jur\u00eddica de Atenci\u00f3n a Mujeres en Torre\u00f3n, Lic.<br>Daniela Navarrete Aparicio; del \u00e1rea de atenci\u00f3n a Mujeres en Lerdo Durango, la Lic.<br>Mariana Gonz\u00e1lez Cardoza y la procuradora de la Defensa de la Mujer de G\u00f3mez<br>Palacio Durango, Lic. Hillary Chelsea Bueno Flores.<\/p>\n\n\n\n<p>En la Facultad de Ciencias Pol\u00edticas y Sociales de la UL el mi\u00e9rcoles 5 y 6 de marzo<br>ser\u00e1 la actividad separatista de 11:00 a 13:00 horas en el Aula Milenio de la Facultad<br>se desarrollar\u00e1 el Taller de Exvotos Pict\u00f3ricos \u201cArte Resiliente para Mujeres\u201d,<br>impartido por Rita Alicia Ram\u00edrez y Ver\u00f3nica Araceli Cardiel, la exposici\u00f3n ser\u00e1 el 7<br>de marzo en la misma facultad.<\/p>\n\n\n\n<p>Mientras que, en el Centro de Investigaciones en Ciencias Sociales, el maestro<br>Lerins Varela y la Dra. Lucila Navarrete coordinan el ciclo de conferencias<br>denominado \u201cMujeres Participaci\u00f3n Pol\u00edtica, Edadismo y Artes, aproximaciones<br>Interdisciplinarias\u201d en el Aula Milenio de la Coordinaci\u00f3n de Unidad Laguna se<br>realizar\u00e1n las siguientes conferencias; para el 12 de marzo a las 11:00 horas se<br>presentar\u00e1 la ponencia \u201cMujeres y Pol\u00edtica: de la participaci\u00f3n subsidiaria a la<br>participaci\u00f3n paritaria\u201d, a cargo de la Dra. Rosario Varela Z\u00fa\u00f1iga.<\/p>\n\n\n\n<p>Para el 19 de marzo de 2025 a las 11:00 horas \u201cMujeres y calidad de vida en<br>Edadismo, a cargo de la Dra. Mar\u00eda del Carmen Flores Ram\u00edrez; el 26 de marzo a la<br>misma hora \u201cLas palabras importan. Implicaciones Jur\u00eddicas de la no ficci\u00f3n sobre<br>feminicidios\u201d por la Dra. Lucila Navarrete Turrent y el 2 de abril a las 10:30 horas<br>ser\u00e1 proyectad la pel\u00edcula \u201cUn equipo muy especial\u201d (1992) comentada por el<br>maestro Jos\u00e9 Alejandro V\u00e1zquez Hern\u00e1ndez.<\/p>\n","protected":false},"excerpt":{"rendered":"<p>TORRE\u00d3N, Coahuila. 4 de marzo de 2025. Para conmemorar el D\u00eda Internacional dela Mujer, la Coordinaci\u00f3n de Unidad Laguna de la Universidad Aut\u00f3noma deCoahuila, a trav\u00e9s de Escuelas, Facultades, Institutos y Centros, realizar\u00e1 diversasactividades con las que se busca proporcionar estrategias y herramientas para elempoderamiento femenino. La Facultad de Derecho, Criminolog\u00eda y Ciencias Forenses Unidad Laguna, realizar\u00e1el martes 4 de marzo a las 18:30 horas en el Auditorio \u201cLic. Jorge&#8230;<\/p>\n","protected":false},"author":1,"featured_media":24943,"comment_status":"closed","ping_status":"","sticky":false,"template":"","format":"standard","meta":{"footnotes":""},"categories":[7,2],"tags":[],"class_list":["post-24942","post","type-post","status-publish","format-standard","has-post-thumbnail","hentry","category-torreon","category-uadec","wpcat-7-id","wpcat-2-id"],"_links":{"self":[{"href":"https:\/\/www.aquilaguna.com\/index.php\/wp-json\/wp\/v2\/posts\/24942","targetHints":{"allow":["GET"]}}],"collection":[{"href":"https:\/\/www.aquilaguna.com\/index.php\/wp-json\/wp\/v2\/posts"}],"about":[{"href":"https:\/\/www.aquilaguna.com\/index.php\/wp-json\/wp\/v2\/types\/post"}],"author":[{"embeddable":true,"href":"https:\/\/www.aquilaguna.com\/index.php\/wp-json\/wp\/v2\/users\/1"}],"replies":[{"embeddable":true,"href":"https:\/\/www.aquilaguna.com\/index.php\/wp-json\/wp\/v2\/comments?post=24942"}],"version-history":[{"count":1,"href":"https:\/\/www.aquilaguna.com\/index.php\/wp-json\/wp\/v2\/posts\/24942\/revisions"}],"predecessor-version":[{"id":24944,"href":"https:\/\/www.aquilaguna.com\/index.php\/wp-json\/wp\/v2\/posts\/24942\/revisions\/24944"}],"wp:featuredmedia":[{"embeddable":true,"href":"https:\/\/www.aquilaguna.com\/index.php\/wp-json\/wp\/v2\/media\/24943"}],"wp:attachment":[{"href":"https:\/\/www.aquilaguna.com\/index.php\/wp-json\/wp\/v2\/media?parent=24942"}],"wp:term":[{"taxonomy":"category","embeddable":true,"href":"https:\/\/www.aquilaguna.com\/index.php\/wp-json\/wp\/v2\/categories?post=24942"},{"taxonomy":"post_tag","embeddable":true,"href":"https:\/\/www.aquilaguna.com\/index.php\/wp-json\/wp\/v2\/tags?post=24942"}],"curies":[{"name":"wp","href":"https:\/\/api.w.org\/{rel}","templated":true}]}}