{"id":24975,"date":"2025-03-05T19:49:41","date_gmt":"2025-03-06T01:49:41","guid":{"rendered":"https:\/\/www.aquilaguna.com\/?p=24975"},"modified":"2025-03-05T19:55:00","modified_gmt":"2025-03-06T01:55:00","slug":"revisan-acciones-de-seguridad-para-reforzar-el-orden-en-centros-nocturnos","status":"publish","type":"post","link":"https:\/\/www.aquilaguna.com\/index.php\/2025\/03\/05\/revisan-acciones-de-seguridad-para-reforzar-el-orden-en-centros-nocturnos\/","title":{"rendered":"Revisan acciones de seguridad para reforzar el orden en centros nocturnos."},"content":{"rendered":"\n<p>Torre\u00f3n, Coahuila. A 5 de marzo de 2025.<\/p>\n\n\n\n<p>Durante la octava reuni\u00f3n semanal de seguridad, que en representaci\u00f3n del<br>alcalde Rom\u00e1n Alberto Cepeda Gonz\u00e1lez, presidi\u00f3 el secretario del Ayuntamiento,<br>Jos\u00e9 El\u00edas Ganem Guerrero, se acord\u00f3 el fortalecimiento en las medidas de<br>supervisi\u00f3n en bares, restaurantes y centros nocturnos, a la par de fijar<br>compromisos por parte los propietarios de estos establecimientos para que se<br>capacite al personal y conozcan los protocolos de actuaci\u00f3n en caso de alg\u00fan<br>incidente.<\/p>\n\n\n\n<p>El secretario dijo que es una indicaci\u00f3n del Presidente Municipal privilegiar el<br>orden y la paz social para garantizar la seguridad de la ciudadan\u00eda que acude a<br>estos lugares de esparcimiento.<\/p>\n\n\n\n<p>En ese sentido, mencion\u00f3 que se reunir\u00e1n con propietarios y representantes de<br>bares y centros nocturnos para reforzar las estrategias implementadas para<br>mantener el orden en Torre\u00f3n, como es la capacitaci\u00f3n del personal de seguridad<br>interna.<\/p>\n\n\n\n<p>Adem\u00e1s, dependencias municipales y estatales redoblar\u00e1n las acciones conjuntas<br>de inspecci\u00f3n como es en el aforo de los lugares, salidas de emergencia,<br>protocolos de protecci\u00f3n civil, entre otras.<\/p>\n\n\n\n<p>En otro tema, Ganem Guerrero destac\u00f3 la postura de la Administraci\u00f3n Municipal<br>del alcalde Rom\u00e1n Alberto Cepeda Gonz\u00e1lez, hacia las manifestaciones pac\u00edficas<br>como es la marcha del 8 de marzo por el D\u00eda Internacional de la Mujer, y reafirm\u00f3<br>el compromiso de este gobierno hacia las causas que buscan la igualdad de<br>g\u00e9nero.<\/p>\n\n\n\n<p>Referente al \u00edndice semanal, el comisario C\u00e9sar Antonio Perales Esparza, director<br>de la Polic\u00eda de Torre\u00f3n, inform\u00f3 que en la semana del 25 de febrero al 03 de<br>marzo, disminuy\u00f3 el \u00edndice delictivo en el rubro de robo a veh\u00edculo sin violencia,<br>con dos eventos; robo de accesorio de veh\u00edculo, con cero eventos; robo a local sin<br>violencia, con tres eventos; as\u00ed como el robo a persona con violencia, con un<br>evento; y el robo en transporte p\u00fablico individual, con cero eventos.<br>La Polic\u00eda Municipal efectu\u00f3 103 detenciones que fueron remitidas al Ministerio<br>P\u00fablico y 77 al Juez Calificador.<br>\u00a0<\/p>\n\n\n\n<p>El Grupo de Reacci\u00f3n Torre\u00f3n realiz\u00f3 18 detenciones relacionadas con la<br>posesi\u00f3n de narc\u00f3ticos.<\/p>\n\n\n\n<p>Martha Esther Rodr\u00edguez Romero, directora general del Centro de Justicia<br>Municipal, indic\u00f3 que se renov\u00f3 la alianza de colaboraci\u00f3n con la comunidad<br>terap\u00e9utica femenil \u201cDejando el Pasado\u201d; y se agregaron nuevos v\u00ednculos con<br>asociaciones como Drogadictos An\u00f3nimos A.C. Grupo Nueva Vida; Instituto Ser<br>Libre A.C.; y Grupo CRAD Luz de Vida A.C.<\/p>\n\n\n\n<p>Adem\u00e1s, se llev\u00f3 a cabo la capacitaci\u00f3n del Modelo Homologado de Justicia<br>C\u00edvica, a jueces de los municipios de Francisco I Madero y Matamoros, sobre su<br>correcta aplicaci\u00f3n en los tribunales.<\/p>\n\n\n\n<p>Tambi\u00e9n, la directora imparti\u00f3 una pl\u00e1tica a estudiantes del Tec Milenio sobre la<br>justicia c\u00edvica.<\/p>\n\n\n\n<p>Luis Alberto Morales Cort\u00e9s, director general de Vialidad y Movilidad Urbana,<br>inform\u00f3 sobre la cobertura de Seguridad Vial en el Marat\u00f3n Lala, que result\u00f3 en<br>saldo blanco y con 4 mil 500 participantes, donde adem\u00e1s brindaron diferentes<br>labores sociales.<\/p>\n\n\n\n<p>Por otro lado, mencion\u00f3 que se reuni\u00f3 con integrantes de la C\u00e1mara Nacional de<br>Autotransportes de Carga (CANACAR), y el primer regidor Luis Jorge Cuerda<br>Serna, para revisar los temas concernientes al paso de veh\u00edculos de carga pesada<br>por el Perif\u00e9rico Ra\u00fal L\u00f3pez S\u00e1nchez.<\/p>\n\n\n\n<p>De igual forma, dio a conocer sobre la participaci\u00f3n en sesi\u00f3n ordinaria del<br>Consejo Consultivo de Vialidad, del Jefe de Gabinete Ariel Mart\u00ednez, para<br>promover la participaci\u00f3n de la sociedad civil en el Foro del Plan Municipal de<br>Desarrollo.<\/p>\n\n\n\n<p>Jorge Luis Ju\u00e1rez Llanas, director de Protecci\u00f3n Civil y Bomberos de Torre\u00f3n, dijo<br>que durante la semana atendieron 225 eventos, principalmente en reporte de<br>incendios en lotes bald\u00edos.<\/p>\n\n\n\n<p>Inform\u00f3 sobre la labor de los elementos para la atenci\u00f3n de emergencia por viento<br>el d\u00eda de ayer, y destac\u00f3 que se mantienen las acciones preventivas como es la<br>revisi\u00f3n de lonas y estructuras, debido a que se mantiene el pron\u00f3stico de<br>presencia de r\u00e1fagas de viento en pr\u00f3ximos d\u00edas.<\/p>\n\n\n\n<p>Por otra parte, dio a conocer sobre la revisi\u00f3n conjunta con otras dependencias en<br>comercios ambulantes, en lo referente a medidas de protecci\u00f3n civil como es la<br>seguridad en el uso de tanques de gas en los negocios de venta de comida.<\/p>\n\n\n\n<p>Pablo Fern\u00e1ndez Llamas, director de Inspecci\u00f3n y Verificaci\u00f3n, inform\u00f3 que los<br>principales reportes que recibi\u00f3 la dependencia mediante el sistema 073 fueron<br>por obstrucci\u00f3n en la v\u00eda p\u00fablica, con 36; y veh\u00edculos chatarra, con 44.<\/p>\n\n\n\n<p>Indic\u00f3 adem\u00e1s sobre el cierre al operativo de hoteles y moteles que se llev\u00f3 a<br>cabo en febrero, donde se revisaron que los establecimientos cumplan con su<br>documentaci\u00f3n completa, as\u00ed como con las medidas de seguridad e higiene.<\/p>\n","protected":false},"excerpt":{"rendered":"<p>Torre\u00f3n, Coahuila. A 5 de marzo de 2025. Durante la octava reuni\u00f3n semanal de seguridad, que en representaci\u00f3n delalcalde Rom\u00e1n Alberto Cepeda Gonz\u00e1lez, presidi\u00f3 el secretario del Ayuntamiento,Jos\u00e9 El\u00edas Ganem Guerrero, se acord\u00f3 el fortalecimiento en las medidas desupervisi\u00f3n en bares, restaurantes y centros nocturnos, a la par de fijarcompromisos por parte los propietarios de estos establecimientos para que secapacite al personal y conozcan los protocolos de actuaci\u00f3n en caso&#8230;<\/p>\n","protected":false},"author":1,"featured_media":24976,"comment_status":"closed","ping_status":"closed","sticky":false,"template":"","format":"standard","meta":{"footnotes":""},"categories":[5,28,59],"tags":[],"class_list":["post-24975","post","type-post","status-publish","format-standard","has-post-thumbnail","hentry","category-coahuila","category-la-laguna","category-tecnologia","wpcat-5-id","wpcat-28-id","wpcat-59-id"],"_links":{"self":[{"href":"https:\/\/www.aquilaguna.com\/index.php\/wp-json\/wp\/v2\/posts\/24975","targetHints":{"allow":["GET"]}}],"collection":[{"href":"https:\/\/www.aquilaguna.com\/index.php\/wp-json\/wp\/v2\/posts"}],"about":[{"href":"https:\/\/www.aquilaguna.com\/index.php\/wp-json\/wp\/v2\/types\/post"}],"author":[{"embeddable":true,"href":"https:\/\/www.aquilaguna.com\/index.php\/wp-json\/wp\/v2\/users\/1"}],"replies":[{"embeddable":true,"href":"https:\/\/www.aquilaguna.com\/index.php\/wp-json\/wp\/v2\/comments?post=24975"}],"version-history":[{"count":1,"href":"https:\/\/www.aquilaguna.com\/index.php\/wp-json\/wp\/v2\/posts\/24975\/revisions"}],"predecessor-version":[{"id":24977,"href":"https:\/\/www.aquilaguna.com\/index.php\/wp-json\/wp\/v2\/posts\/24975\/revisions\/24977"}],"wp:featuredmedia":[{"embeddable":true,"href":"https:\/\/www.aquilaguna.com\/index.php\/wp-json\/wp\/v2\/media\/24976"}],"wp:attachment":[{"href":"https:\/\/www.aquilaguna.com\/index.php\/wp-json\/wp\/v2\/media?parent=24975"}],"wp:term":[{"taxonomy":"category","embeddable":true,"href":"https:\/\/www.aquilaguna.com\/index.php\/wp-json\/wp\/v2\/categories?post=24975"},{"taxonomy":"post_tag","embeddable":true,"href":"https:\/\/www.aquilaguna.com\/index.php\/wp-json\/wp\/v2\/tags?post=24975"}],"curies":[{"name":"wp","href":"https:\/\/api.w.org\/{rel}","templated":true}]}}