{"id":24978,"date":"2025-03-05T19:51:45","date_gmt":"2025-03-06T01:51:45","guid":{"rendered":"https:\/\/www.aquilaguna.com\/?p=24978"},"modified":"2025-03-05T19:51:45","modified_gmt":"2025-03-06T01:51:45","slug":"invita-gobernador-a-sumarse-a-la-colecta-de-la-cruz-roja-en-coahuila","status":"publish","type":"post","link":"https:\/\/www.aquilaguna.com\/index.php\/2025\/03\/05\/invita-gobernador-a-sumarse-a-la-colecta-de-la-cruz-roja-en-coahuila\/","title":{"rendered":"INVITA GOBERNADOR A SUMARSE A LA COLECTA DE LA CRUZ ROJA EN COAHUILA."},"content":{"rendered":"\n<p>\u00b7&nbsp;&nbsp;&nbsp;&nbsp;&nbsp;&nbsp;<strong><em>Arranca colecta anual de la Cruz Roja 2025 en Coahuila<\/em><\/strong><\/p>\n\n\n\n<p>Saltillo Coahuila de Zaragoza; a 05 de marzo de 2025.- El gobernador Manolo Jim\u00e9nez Salinas inici\u00f3 la Colecta Anual de la Cruz Roja Mexicana 2025 con el firme compromiso de fortalecer el invaluable trabajo de esta instituci\u00f3n humanitaria; as\u00ed como destacar la seguridad que tiene Coahuila.<\/p>\n\n\n\n<p>&#8220;\u00a1En Coahuila somos solidarios! Desde Palacio de Gobierno dimos el banderazo de arranque a la colecta anual de la Cruz Roja Mexicana. Invitamos a todas y todos los coahuilenses a sumarse a esta noble causa. Adem\u00e1s, entregamos diferentes apoyos a las delegaciones que est\u00e1n en todas las regiones del estado. Trabajando en equipo, sociedad y gobierno, fortalecemos el trabajo comunitario en Coahuila \u00a1Sigamos sumando esfuerzos para bien de todos!&#8221;, destac\u00f3.<\/p>\n\n\n\n<p>Asimismo, agradeci\u00f3 por esta&nbsp;&nbsp;labor a todos los que integran la Cruz Roja, &#8220;desde las doctoras, doctores, enfermeras, enfermeros, camilleros, los choferes de las ambulancias, todo el personal administrativo, por supuesto las damas voluntarias, por supuesto los representantes, los directores, los delegados. O sea, todas y todos los que est\u00e1n aqu\u00ed, este es un trabajo voluntario, extraordinario\u201d.<\/p>\n\n\n\n<p>\u201cCuentan con nosotros; nos sumamos a esta Colecta. Le voy a pedir a nuestro equipo de Comunicaci\u00f3n que haga una campa\u00f1a muy intensa. Que nos sumemos en una campa\u00f1a muy intensa de comunicaci\u00f3n, en radio, en tele, en los peri\u00f3dicos, en las redes sociales para sensibilizar a la gente y que, bueno, la gente coopere en esta gran colecta a la que nos sumamos el d\u00eda de hoy y a la que vamos a apoyar\u201d.<\/p>\n\n\n\n<p>Resalt\u00f3 que este a\u00f1o el Gobierno del Estado, realiza una aportaci\u00f3n hist\u00f3rica de m\u00e1s de 40 millones de pesos. As\u00ed c\u00f3mo apoyar con la adquisici\u00f3n de cinco ambulancias.<\/p>\n\n\n\n<p>Agreg\u00f3 que la seguridad que se tiene en Coahuila y el papel del Ej\u00e9rcito Mexicano: \u201custedes saben que el tema de seguridad es el tema m\u00e1s importante para nosotros aqu\u00ed en Coahuila. Y todos los d\u00edas trabajamos para brindar nuestro Estado. Aprovechamos que vivimos con paz y con tranquilidad para robustecer nuestro modelo de seguridad de manera permanente.<\/p>\n\n\n\n<p>En otro tema, inform\u00f3 sobre el Comit\u00e9 del ISN, d\u00f3nde se analiza la viabilidad financiera, as\u00ed como analizar las obras de infraestructura que se llevan a cabo en la entidad con una inversi\u00f3n de 1.6 mdp para proyectos, programas y obras.<\/p>\n\n\n\n<p>Como ejemplo se efect\u00faan las obras de infraestructura de la Prolongaci\u00f3n del Bulevar Nazario Ortiz Garza, el Bulevar a Derramadero; el Deprimido de Abastos-Independencia en La Laguna; en la regi\u00f3n Centro la continuaci\u00f3n del Libramiento Carlos Salinas de Gortari; en Piedras Negras se crea la Ruta Fiscal, que es el bulevar que va desde la entrada de Piedras Negras hasta el Puente II; en el caso de Acu\u00f1a se hizo el Bulevar Jes\u00fas Mar\u00eda Ram\u00f3n y en la regi\u00f3n Carbon\u00edfera se tiene un proyecto fortalecer el abasto de agua; como la construir cuarteles y adquisici\u00f3n de patrullas.<\/p>\n\n\n\n<p>En el evento realizado en Palacio de Gobierno, se efectu\u00f3 la entrega de cheques, por recaudaci\u00f3n en el pago de control vehicular correspondiente de enero a diciembre del 2024 a las delegaciones de Acu\u00f1a, Piedras Negras, Sabinas, M\u00fazquiz, Monclova, Torre\u00f3n, Francisco I. Madero, Matamoros, San Pedro, Parras de la Fuente y Saltillo.<\/p>\n\n\n\n<p>Tambi\u00e9n se hizo la entrega de cheque como aportaci\u00f3n de la Colecta 2024 de los Trabajadores del Estado; c\u00f3mo el primer donativo ciudadano por parte del mandatario estatal y autoridades del presidio en \u00e1nfora a personal de la Cruz Roja de Coahuila.<\/p>\n\n\n\n<p>Se cont\u00f3 con las intervenciones de la presidenta Honoraria del DIF Coahuila, Liliana Salinas Vald\u00e9s; el Administrador Fiscal General, Jos\u00e9 Mar\u00eda Morales Padilla; del alcalde de Saltillo, Javier D\u00edaz Gonz\u00e1lez, Presidente municipal de Saltillo y del Delegado Estatal de la Cruz Roja en Coahuila, Ra\u00fal Gerardo Salinas Vald\u00e9s.<\/p>\n\n\n\n<p>Acompa\u00f1aron al gobernador en el pres\u00eddium: Paola Rodr\u00edguez L\u00f3pez, presidenta honoraria de INSPIRA Coahuila; el General de Divisi\u00f3n DEM, Eufemio Alberto Ibarra Flores, Comandante de la XI Regi\u00f3n Militar; el General de Brigada DEM, Jes\u00fas Alejandro Adame Cabrera, Comandante de la 6ta Zona Militar; Luly L\u00f3pez Naranjo, presidenta honoraria del DIF Saltillo; Beatriz Fraustro D\u00e1vila, diputada local; Eliud Felipe Aguirre V\u00e1zquez, secretario de Salud y Jos\u00e9 Antonio Guti\u00e9rrez Rodr\u00edguez, secretario de Finanzas.<\/p>\n","protected":false},"excerpt":{"rendered":"<p>\u00b7&nbsp;&nbsp;&nbsp;&nbsp;&nbsp;&nbsp;Arranca colecta anual de la Cruz Roja 2025 en Coahuila Saltillo Coahuila de Zaragoza; a 05 de marzo de 2025.- El gobernador Manolo Jim\u00e9nez Salinas inici\u00f3 la Colecta Anual de la Cruz Roja Mexicana 2025 con el firme compromiso de fortalecer el invaluable trabajo de esta instituci\u00f3n humanitaria; as\u00ed como destacar la seguridad que tiene Coahuila. &#8220;\u00a1En Coahuila somos solidarios! Desde Palacio de Gobierno dimos el banderazo de arranque a&#8230;<\/p>\n","protected":false},"author":1,"featured_media":24979,"comment_status":"closed","ping_status":"","sticky":false,"template":"","format":"standard","meta":{"footnotes":""},"categories":[5,15],"tags":[],"class_list":["post-24978","post","type-post","status-publish","format-standard","has-post-thumbnail","hentry","category-coahuila","category-gobierno-de-coahuila","wpcat-5-id","wpcat-15-id"],"_links":{"self":[{"href":"https:\/\/www.aquilaguna.com\/index.php\/wp-json\/wp\/v2\/posts\/24978","targetHints":{"allow":["GET"]}}],"collection":[{"href":"https:\/\/www.aquilaguna.com\/index.php\/wp-json\/wp\/v2\/posts"}],"about":[{"href":"https:\/\/www.aquilaguna.com\/index.php\/wp-json\/wp\/v2\/types\/post"}],"author":[{"embeddable":true,"href":"https:\/\/www.aquilaguna.com\/index.php\/wp-json\/wp\/v2\/users\/1"}],"replies":[{"embeddable":true,"href":"https:\/\/www.aquilaguna.com\/index.php\/wp-json\/wp\/v2\/comments?post=24978"}],"version-history":[{"count":1,"href":"https:\/\/www.aquilaguna.com\/index.php\/wp-json\/wp\/v2\/posts\/24978\/revisions"}],"predecessor-version":[{"id":24980,"href":"https:\/\/www.aquilaguna.com\/index.php\/wp-json\/wp\/v2\/posts\/24978\/revisions\/24980"}],"wp:featuredmedia":[{"embeddable":true,"href":"https:\/\/www.aquilaguna.com\/index.php\/wp-json\/wp\/v2\/media\/24979"}],"wp:attachment":[{"href":"https:\/\/www.aquilaguna.com\/index.php\/wp-json\/wp\/v2\/media?parent=24978"}],"wp:term":[{"taxonomy":"category","embeddable":true,"href":"https:\/\/www.aquilaguna.com\/index.php\/wp-json\/wp\/v2\/categories?post=24978"},{"taxonomy":"post_tag","embeddable":true,"href":"https:\/\/www.aquilaguna.com\/index.php\/wp-json\/wp\/v2\/tags?post=24978"}],"curies":[{"name":"wp","href":"https:\/\/api.w.org\/{rel}","templated":true}]}}