{"id":25004,"date":"2025-03-07T20:34:37","date_gmt":"2025-03-08T02:34:37","guid":{"rendered":"https:\/\/www.aquilaguna.com\/?p=25004"},"modified":"2025-03-07T20:34:37","modified_gmt":"2025-03-08T02:34:37","slug":"comparte-la-ministra-loretta-ortiz-ahlf-la-ponencia-retos-del-poder-judicial-de-la-federacion-con-la-comunidad-de-la-uadec","status":"publish","type":"post","link":"https:\/\/www.aquilaguna.com\/index.php\/2025\/03\/07\/comparte-la-ministra-loretta-ortiz-ahlf-la-ponencia-retos-del-poder-judicial-de-la-federacion-con-la-comunidad-de-la-uadec\/","title":{"rendered":"Comparte la Ministra Loretta Ort\u00edz Ahlf la Ponencia Retos del Poder Judicial de la Federaci\u00f3n con la Comunidad de la UAdeC."},"content":{"rendered":"\n<p>ARTEAGA, Coahuila. 7 de marzo de 2025. En la Casa Morada de la Academia<br>Interamericana de Derechos Humanos de la Universidad Aut\u00f3noma de Coahuila, se<br>llev\u00f3 a cabo la conferencia \u201cRetos del Poder Judicial de la Federaci\u00f3n\u201d a cargo de la<br>ministra de la Suprema Corte de Justicia de la Naci\u00f3n, Loretta Ort\u00edz Ahlf.<\/p>\n\n\n\n<p>Asisti\u00f3 el rector de la m\u00e1xima casa de estudios, Octavio Pimentel Mart\u00ednez, la<br>secretaria de la Academia Interamericana de los Derechos Humanos, Magdalena<br>L\u00f3pez Vald\u00e9s, la coordinadora de Unidad Laguna, Sandra L\u00f3pez Chavarr\u00eda, la<br>coordinadora de la Unidad Sureste, Eva Kerena Hern\u00e1ndez, docentes de la unidad<br>central y del Campus Arteaga, estudiantes de la AIDH, personal de la fiscal\u00eda general<br>de Justicia del Estado de Coahuila y funcionariado universitario.<\/p>\n\n\n\n<p>V\u00eda remota la directora de la AIDH, Irene Spigno, dio la bienvenida a la ministra, y<br>agradeci\u00f3 por haber pensado en la Academia para el desarrollo de esta importante<br>conferencia sobre los retos actuales del poder judicial de la federaci\u00f3n, ya que es de<br>suma importancia conversar en este encuentro acad\u00e9mico con la ministra que<br>compartir\u00e1 su gran experiencia como jueza constitucional en tem\u00e1ticas tan<br>relevantes que se atienden en la Suprema Corte.<\/p>\n\n\n\n<p>Por su parte, el rector Octavio Pimentel, dijo que es un honor recibir a una destacada<br>jurista que tiene toda la experiencia y la calidad moral para poder platicar con la<br>comunidad universitaria lo que est\u00e1 sucediendo en nuestro entorno, y tenemos la<br>obligaci\u00f3n de adaptarnos a los cambios que se est\u00e1n dando, transformarnos y<br>contribuir con lo m\u00e1s importante que tenemos en la Universidad, nuestras y nuestros<br>j\u00f3venes que son los actores de cambio en nuestra sociedad.<\/p>\n\n\n\n<p>La ministra Loretta Ort\u00edz, en su conferencia los Retos del Poder Judicial de la<br>Federaci\u00f3n comparti\u00f3 la necesidad de la Reforma Judicial, al separar el \u00f3rgano de<br>administraci\u00f3n como es el Consejo de la Judicatura Federal y la Suprema Corte,<br>porque uno administra recursos y la otra, preserva el orden institucional establecido<br>en la constituci\u00f3n.<\/p>\n\n\n\n<p>Resalt\u00f3 la importancia de la creaci\u00f3n de un Tribunal de Disciplina que refiere a ser<br>una comisi\u00f3n de vigilancia, que realizar\u00e1 las visitas a los tribunales, a la funci\u00f3n que<br>desempe\u00f1an los jueces, magistrados, ministros y que sean supervisados como<br>servidores p\u00fablicos que se deben al pueblo.<\/p>\n\n\n\n<p>Habl\u00f3 sobre la soberan\u00eda del pueblo, establecida en el art\u00edculo 39 Constitucional, y<br>parte de ah\u00ed la votaci\u00f3n de quienes conformar\u00e1n el Poder Judicial, igual que los otros<br>poderes, que a trav\u00e9s del voto se elige al o la presidenta y en el caso del poder<br>legislativo se elige a las y los diputados y a los integrantes del Senado de la<br>Rep\u00fablica.<\/p>\n\n\n\n<p>Les explico a las y los universitarios que con la Reforma ha cambiado el requisito de<br>la edad de elecci\u00f3n para los integrantes del Poder Judicial, es decir a partir de los 25<br>a\u00f1os, ya pueden ser electos egresados del derecho, que cuenten con alto promedio<br>de la carrea como de la especialidad y tienen la oportunidad de ser candidatos a<br>ministros o ministras.<\/p>\n\n\n\n<p>Reconoci\u00f3 a la Academia Interamericana de Derechos Humanos, as\u00ed como la<br>m\u00e1xima casa de estudios por formar a especialistas del derecho con Perspectiva en<br>Derechos Humanos, y afirm\u00f3 que, por ello, el efecto de la Reforma es que estamos<br>obligados, dijo, a tener contacto con la ciudadan\u00eda porque los jueces, magistrados y<br>ministros realizan la labor interpretativa y ah\u00ed entran los derechos humanos.<\/p>\n\n\n\n<p>Comparti\u00f3 con los asistentes un espacio de preguntas y respuestas en la que la<br>ministra explic\u00f3 importantes casos que llegan a la Suprema Corte de Justicia y en los<br>cuales se tiene que aplicar la realidad en la que vivimos en la actualidad.<\/p>\n\n\n\n<p>La ministra Loretta Ortiz Ahlf, es egresada de la Escuela Libre de Derecho, maestra<br>en Derechos Humanos por la Universidad Iberoamericana y doctora en Derechos<br>Humanos y Derecho Comunitario Europeo por la Universidad Nacional de Educaci\u00f3n<br>a Distancia de Espa\u00f1a.<\/p>\n\n\n\n<p>Es miembro del Sistema Nacional de Investigadores, Nivel III. Fue directora y<br>docente del Departamento de Derecho de la Universidad Iberoamericana, Ciudad de<br>M\u00e9xico. A nivel nacional ha impartido c\u00e1tedra en la Universidad Panamericana, en el<br>Instituto Mat\u00edas Romero y en la Escuela Libre de Derecho, a nivel internacional ha<br>sido docente de la Academia de Derecho Internacional de La Haya, Holanda.<\/p>\n\n\n\n<p>Cuenta con diversas publicaciones en materia de derecho internacional y derechos<br>humanos, destacando los t\u00edtulos \u201cDerecho Internacional P\u00fablico\u201d, \u201cR\u00e9gimen Interno e<br>Internacional de los Tratados\u201d y \u201cLas Tres Vertientes de la Protecci\u00f3n de los<br>Derechos de la Persona Humana\u201d.<\/p>\n\n\n\n<p>Se desempe\u00f1\u00f3 como Asesora del Consultor Jur\u00eddico de la Secretar\u00eda de Relaciones<br>Exteriores; Asesora de la Direcci\u00f3n General Adjunta del Banco de M\u00e9xico; directora<br>Jur\u00eddica del Consejo Nacional para la Cultura y las Artes; consejera Legal del<br>Acuerdo de Cooperaci\u00f3n Ambiental del TLCAN; consejera de la Comisi\u00f3n Nacional<br>de Derechos Humanos; Diputada Federal; Integrante del Grupo Redactor de la<br>Constituci\u00f3n de la Ciudad de M\u00e9xico, y consejera de la Judicatura Federal.<\/p>\n\n\n\n<p>Desde el 12 de diciembre de 2021 es ministra de la Suprema Corte de Justicia de la<br>Naci\u00f3n, adscrita a la Segunda Sala.<\/p>\n","protected":false},"excerpt":{"rendered":"<p>ARTEAGA, Coahuila. 7 de marzo de 2025. En la Casa Morada de la AcademiaInteramericana de Derechos Humanos de la Universidad Aut\u00f3noma de Coahuila, sellev\u00f3 a cabo la conferencia \u201cRetos del Poder Judicial de la Federaci\u00f3n\u201d a cargo de laministra de la Suprema Corte de Justicia de la Naci\u00f3n, Loretta Ort\u00edz Ahlf. Asisti\u00f3 el rector de la m\u00e1xima casa de estudios, Octavio Pimentel Mart\u00ednez, lasecretaria de la Academia Interamericana de los&#8230;<\/p>\n","protected":false},"author":1,"featured_media":25005,"comment_status":"closed","ping_status":"","sticky":false,"template":"","format":"standard","meta":{"footnotes":""},"categories":[2],"tags":[],"class_list":["post-25004","post","type-post","status-publish","format-standard","has-post-thumbnail","hentry","category-uadec","wpcat-2-id"],"_links":{"self":[{"href":"https:\/\/www.aquilaguna.com\/index.php\/wp-json\/wp\/v2\/posts\/25004","targetHints":{"allow":["GET"]}}],"collection":[{"href":"https:\/\/www.aquilaguna.com\/index.php\/wp-json\/wp\/v2\/posts"}],"about":[{"href":"https:\/\/www.aquilaguna.com\/index.php\/wp-json\/wp\/v2\/types\/post"}],"author":[{"embeddable":true,"href":"https:\/\/www.aquilaguna.com\/index.php\/wp-json\/wp\/v2\/users\/1"}],"replies":[{"embeddable":true,"href":"https:\/\/www.aquilaguna.com\/index.php\/wp-json\/wp\/v2\/comments?post=25004"}],"version-history":[{"count":1,"href":"https:\/\/www.aquilaguna.com\/index.php\/wp-json\/wp\/v2\/posts\/25004\/revisions"}],"predecessor-version":[{"id":25006,"href":"https:\/\/www.aquilaguna.com\/index.php\/wp-json\/wp\/v2\/posts\/25004\/revisions\/25006"}],"wp:featuredmedia":[{"embeddable":true,"href":"https:\/\/www.aquilaguna.com\/index.php\/wp-json\/wp\/v2\/media\/25005"}],"wp:attachment":[{"href":"https:\/\/www.aquilaguna.com\/index.php\/wp-json\/wp\/v2\/media?parent=25004"}],"wp:term":[{"taxonomy":"category","embeddable":true,"href":"https:\/\/www.aquilaguna.com\/index.php\/wp-json\/wp\/v2\/categories?post=25004"},{"taxonomy":"post_tag","embeddable":true,"href":"https:\/\/www.aquilaguna.com\/index.php\/wp-json\/wp\/v2\/tags?post=25004"}],"curies":[{"name":"wp","href":"https:\/\/api.w.org\/{rel}","templated":true}]}}