{"id":25020,"date":"2025-03-07T20:47:37","date_gmt":"2025-03-08T02:47:37","guid":{"rendered":"https:\/\/www.aquilaguna.com\/?p=25020"},"modified":"2025-03-07T20:47:37","modified_gmt":"2025-03-08T02:47:37","slug":"se-esperan-vientos-fuertes-y-descenso-de-temperaturas-en-coahuila","status":"publish","type":"post","link":"https:\/\/www.aquilaguna.com\/index.php\/2025\/03\/07\/se-esperan-vientos-fuertes-y-descenso-de-temperaturas-en-coahuila\/","title":{"rendered":"SE ESPERAN VIENTOS FUERTES Y DESCENSO DE TEMPERATURAS EN COAHUILA."},"content":{"rendered":"\n<p>Saltillo, Coahuila de Zaragoza; a 7 de marzo de 2025.- La Secretar\u00eda de Gobierno, a trav\u00e9s de la Subsecretar\u00eda de Protecci\u00f3n Civil del Estado, informa que este s\u00e1bado, el frente fr\u00edo n\u00famero 33 y su masa de aire fr\u00edo asociada se desplazar\u00e1n gradualmente sobre Coahuila, interaccionar\u00e1n con una vaguada polar y subtropical, originado descenso de temperatura y vientos con rachas de 70 a 90 km\/h en el Estado.<\/p>\n\n\n\n<p>La probabilidad de que se generen o propaguen incendios forestales o urbanos aumenta por este factor; adem\u00e1s de que el pron\u00f3stico de humedad relativa para este d\u00eda es menor al 20%, por lo que el riesgo de incendio forestal o urbano se ver\u00e1 influenciado, por el factor de atmosfera seca.<\/p>\n\n\n\n<p>El domingo, la masa de aire fr\u00edo asociada al frente, en combinaci\u00f3n con una vaguada polar y con las corrientes en chorro polar y subtropical, generar\u00e1n vientos fuertes de 20 a 30 km\/h con rachas de 40 a 60 km\/h y tolvaneras principalmente en las regiones Norte, Carbon\u00edfera y Centro del Estado.<\/p>\n\n\n\n<p>El lunes la masa de aire fr\u00edo asociada modificar\u00e1 sus caracter\u00edsticas t\u00e9rmicas en el transcurso del d\u00eda, ocasionando un ascenso gradual de las temperaturas en Coahuila<\/p>\n\n\n\n<p><strong>PRON\u00d3STICO DEL CLIMA<\/strong><\/p>\n\n\n\n<p>Regi\u00f3n Norte<\/p>\n\n\n\n<p>\u2022&nbsp; S\u00e1bado: M\u00e1xima 27\u00b0C \/ M\u00ednima 8\u00b0C<\/p>\n\n\n\n<p>\u2022&nbsp; Domingo: M\u00e1xima 24\u00b0C \/ M\u00ednima 6\u00b0C<\/p>\n\n\n\n<p>-Lunes: M\u00e1xima 29\u00b0C \/ M\u00ednima 11\u00b0C<\/p>\n\n\n\n<p>Regi\u00f3n Carbon\u00edfera<\/p>\n\n\n\n<p>\u2022&nbsp; S\u00e1bado: M\u00e1xima 30\u00b0C \/ M\u00ednima 8\u00b0C<\/p>\n\n\n\n<p>\u2022&nbsp; Domingo: M\u00e1xima 25\u00b0C \/ M\u00ednima 6\u00b0C<\/p>\n\n\n\n<p>-Lunes: M\u00e1xima 28\u00b0C \/ M\u00ednima 9\u00b0C<\/p>\n\n\n\n<p>Regi\u00f3n Centro<\/p>\n\n\n\n<p>\u2022&nbsp; S\u00e1bado: M\u00e1xima 31\u00b0C \/ M\u00ednima 8\u00b0C<\/p>\n\n\n\n<p>\u2022&nbsp; Domingo: M\u00e1xima 24\u00b0C \/ M\u00ednima 8\u00b0C<\/p>\n\n\n\n<p>-Lunes: M\u00e1xima 27\u00b0C \/ M\u00ednima 10\u00b0C<\/p>\n\n\n\n<p>Regi\u00f3n Laguna<\/p>\n\n\n\n<p>\u2022&nbsp; S\u00e1bado: M\u00e1xima 32\u00b0C \/ M\u00ednima 8\u00b0C<\/p>\n\n\n\n<p>\u2022&nbsp; Domingo: M\u00e1xima 22\u00b0C \/ M\u00ednima 4\u00b0C<\/p>\n\n\n\n<p>-Lunes: M\u00e1xima 27\u00b0C \/ M\u00ednima 8\u00b0C<\/p>\n\n\n\n<p>Regi\u00f3n Sureste<\/p>\n\n\n\n<p>\u2022&nbsp; S\u00e1bado: M\u00e1xima 29\u00b0C \/ M\u00ednima 4\u00b0C<\/p>\n\n\n\n<p>\u2022&nbsp; Domingo: M\u00e1xima 18\u00b0C \/ M\u00ednima 3\u00b0C<\/p>\n\n\n\n<p>-Lunes: M\u00e1xima 22\u00b0C \/ M\u00ednima 8\u00b0C<\/p>\n\n\n\n<p><strong>RECOMENDACIONES<\/strong><\/p>\n\n\n\n<p>\u2022&nbsp; Debido a la baja humedad, es importante extremar precauciones con el uso del fuego, especialmente en exteriores, para evitar incendios.<\/p>\n\n\n\n<p>Tambi\u00e9n se recomienda:<\/p>\n\n\n\n<p>\u2022&nbsp; Abrigarse bien, sobre todo en las ma\u00f1anas y noches.<\/p>\n\n\n\n<p>\u2022&nbsp; Evitar salir si hay vientos fuertes.<\/p>\n\n\n\n<p>\u2022&nbsp; Conducir con precauci\u00f3n, ya que el viento puede reducir la visibilidad.<\/p>\n\n\n\n<p>\u2022&nbsp; Mantenerse informado a trav\u00e9s de los avisos oficiales.<\/p>\n\n\n\n<p>La Subsecretar\u00eda de Protecci\u00f3n Civil del Estado seguir\u00e1 monitoreando la situaci\u00f3n y, si es necesario, emitir\u00e1 alertas y brindar\u00e1 apoyo a la poblaci\u00f3n.<\/p>\n\n\n\n<p><strong>EN TU VIVIENDA<\/strong><\/p>\n\n\n\n<p>\u2022&nbsp; Cierra y asegura puertas, ventanas o toldos.<\/p>\n\n\n\n<p>\u2022&nbsp; Retira todos aquellos objetos que puedan caer a la calle y provocar un accidente.<\/p>\n\n\n\n<p>\u2022&nbsp; Si los vidrios de las ventanas no son resistentes, coloca cinta adhesiva transparente en la parte interior para evitar que al romperse provoquen da\u00f1os.<\/p>\n\n\n\n<p>\u2022&nbsp; Evita salir de casa si no es necesario.<\/p>\n\n\n\n<p><strong>EN LA CALLE O EN EL CAMPO:<\/strong><\/p>\n\n\n\n<p>\u2022&nbsp; Al\u00e9jate de cornisas, muros o \u00e1rboles que puedan desprenderse.<\/p>\n\n\n\n<p>\u2022&nbsp; Toma precauciones frente a edificaciones en construcci\u00f3n o en mal estado.<\/p>\n\n\n\n<p>\u2022&nbsp; Abstente de subir a andamios sin las adecuadas medidas de protecci\u00f3n.<\/p>\n\n\n\n<p>\u2022&nbsp; No te resguardes del viento en zonas cercanas a muros, \u00e1rboles o edificios en mal estado o en construcci\u00f3n.<\/p>\n\n\n\n<p><strong>SI EST\u00c1S CONDUCIENDO:<\/strong><\/p>\n\n\n\n<p>\u2022&nbsp; Evita manejar por \u00e1reas inundadas y por agua estancada.<\/p>\n\n\n\n<p>\u2022&nbsp; Ten precauci\u00f3n, ya que son frecuentes los cortes en v\u00edas debido a la ca\u00edda de \u00e1rboles y cables el\u00e9ctricos.<\/p>\n\n\n\n<p>\u2022&nbsp; Conduce con cuidado, ya que puede haber formaci\u00f3n de nubes de polvo.<\/p>\n\n\n\n<p>\u2022&nbsp; Si tu auto se ve afectado por la fuerza del viento, evita los rebases y ten precauci\u00f3n en los cruces y puentes.<\/p>\n\n\n\n<p>\u2022&nbsp; Conduce con precauci\u00f3n, disminuyendo la velocidad y con las luces encendidas si la visibilidad es escasa.<\/p>\n\n\n\n<p>\u2022&nbsp; Ten precauci\u00f3n al adelantar veh\u00edculos de carga pesada, ya que pueden hacer movimientos imprevistos.<\/p>\n\n\n\n<p>\u2022&nbsp; Localiza con anticipaci\u00f3n los Refugios Temporales habilitados por las autoridades en la p\u00e1gina&nbsp;<a href=\"http:\/\/proteccioncivil.sfpcoahuila.gob.mx\/modulo22.php?opcion=8\" target=\"_blank\" rel=\"noreferrer noopener\">http:\/\/proteccioncivil.sfpcoahuila.gob.mx\/modulo22.php?opcion=8<\/a>.<\/p>\n\n\n\n<p><strong>PARA LAS ZONAS ALTAS DEL ESTADO, DONDE HABR\u00c1 DESCENSO EN LAS TEMPERATURAS:<\/strong><\/p>\n\n\n\n<p>\u2022&nbsp; Evita intoxicaciones por el uso de carb\u00f3n, le\u00f1a y gas como fuentes de calefacci\u00f3n en el interior de las casas.<\/p>\n\n\n\n<p>\u2022&nbsp; Verifica que tu casa no tenga filtraciones de aire. Sella puertas y ventanas con cinta adhesiva u otros materiales similares.<\/p>\n\n\n\n<p>\u2022&nbsp; Abr\u00edgate con ropa adecuada (gorro, bufanda, tapabocas, guantes, chamarra, etc.) y permanece, en lo posible, en lugares cerrados.<\/p>\n\n\n\n<p>\u2022&nbsp; Bebe l\u00edquidos calientes y consume alimentos ricos en carbohidratos (energ\u00eda), como pan, tortillas, chocolates y grasas, as\u00ed como vitaminas \u201cC\u201d (c\u00edtricos, ciruelas, guayaba, pi\u00f1a, etc.).<\/p>\n\n\n\n<p>\u2022&nbsp; Si los materiales con los que est\u00e1 construida tu casa son l\u00e1minas, madera o cart\u00f3n, identifica el Refugio Temporal m\u00e1s cercano y, en caso de necesidad, trasl\u00e1dalo hacia \u00e9l.<\/p>\n\n\n\n<p>\u2022&nbsp; Informa a las autoridades competentes y procura especial cuidado a los grupos o personas vulnerables (menores de edad, adultos mayores, enfermos, personas con discapacidades y en situaci\u00f3n de calle) para su atenci\u00f3n.<\/p>\n\n\n\n<p>\u2022&nbsp; Si padeces enfermedades respiratorias o cardiacas, evita las corrientes de aire fr\u00edo y no salgas a zonas fr\u00edas.<\/p>\n\n\n\n<p>\u2022&nbsp; Ubica con anticipaci\u00f3n los Refugios Temporales habilitados por las autoridades para estos casos en la p\u00e1gina&nbsp;<a href=\"http:\/\/proteccioncivil.sfpcoahuila.gob.mx\/modulo22.php?opcion=8\" target=\"_blank\" rel=\"noreferrer noopener\">http:\/\/proteccioncivil.sfpcoahuila.gob.mx\/modulo22.php?opcion=8<\/a>.<\/p>\n\n\n\n<p>\u2022&nbsp; \u00a1Evita incendios! No sobrecargues las tomas de corriente el\u00e9ctrica con aparatos el\u00e9ctricos.<\/p>\n\n\n\n<p>Mantente informado por los medios oficiales de comunicaci\u00f3n y atento a los avisos que emita el Servicio Meteorol\u00f3gico Nacional y la Subsecretar\u00eda de Protecci\u00f3n Civil del Estado.<\/p>\n\n\n\n<p>Ante cualquier emergencia, la ciudadan\u00eda puede llamar al 911.<\/p>\n","protected":false},"excerpt":{"rendered":"<p>Saltillo, Coahuila de Zaragoza; a 7 de marzo de 2025.- La Secretar\u00eda de Gobierno, a trav\u00e9s de la Subsecretar\u00eda de Protecci\u00f3n Civil del Estado, informa que este s\u00e1bado, el frente fr\u00edo n\u00famero 33 y su masa de aire fr\u00edo asociada se desplazar\u00e1n gradualmente sobre Coahuila, interaccionar\u00e1n con una vaguada polar y subtropical, originado descenso de temperatura y vientos con rachas de 70 a 90 km\/h en el Estado. La probabilidad&#8230;<\/p>\n","protected":false},"author":1,"featured_media":25021,"comment_status":"closed","ping_status":"","sticky":false,"template":"","format":"standard","meta":{"footnotes":""},"categories":[27,5,15,54],"tags":[],"class_list":["post-25020","post","type-post","status-publish","format-standard","has-post-thumbnail","hentry","category-clima","category-coahuila","category-gobierno-de-coahuila","category-proteccion-civil","wpcat-27-id","wpcat-5-id","wpcat-15-id","wpcat-54-id"],"_links":{"self":[{"href":"https:\/\/www.aquilaguna.com\/index.php\/wp-json\/wp\/v2\/posts\/25020","targetHints":{"allow":["GET"]}}],"collection":[{"href":"https:\/\/www.aquilaguna.com\/index.php\/wp-json\/wp\/v2\/posts"}],"about":[{"href":"https:\/\/www.aquilaguna.com\/index.php\/wp-json\/wp\/v2\/types\/post"}],"author":[{"embeddable":true,"href":"https:\/\/www.aquilaguna.com\/index.php\/wp-json\/wp\/v2\/users\/1"}],"replies":[{"embeddable":true,"href":"https:\/\/www.aquilaguna.com\/index.php\/wp-json\/wp\/v2\/comments?post=25020"}],"version-history":[{"count":1,"href":"https:\/\/www.aquilaguna.com\/index.php\/wp-json\/wp\/v2\/posts\/25020\/revisions"}],"predecessor-version":[{"id":25022,"href":"https:\/\/www.aquilaguna.com\/index.php\/wp-json\/wp\/v2\/posts\/25020\/revisions\/25022"}],"wp:featuredmedia":[{"embeddable":true,"href":"https:\/\/www.aquilaguna.com\/index.php\/wp-json\/wp\/v2\/media\/25021"}],"wp:attachment":[{"href":"https:\/\/www.aquilaguna.com\/index.php\/wp-json\/wp\/v2\/media?parent=25020"}],"wp:term":[{"taxonomy":"category","embeddable":true,"href":"https:\/\/www.aquilaguna.com\/index.php\/wp-json\/wp\/v2\/categories?post=25020"},{"taxonomy":"post_tag","embeddable":true,"href":"https:\/\/www.aquilaguna.com\/index.php\/wp-json\/wp\/v2\/tags?post=25020"}],"curies":[{"name":"wp","href":"https:\/\/api.w.org\/{rel}","templated":true}]}}