{"id":25028,"date":"2025-03-09T18:59:23","date_gmt":"2025-03-10T00:59:23","guid":{"rendered":"https:\/\/www.aquilaguna.com\/?p=25028"},"modified":"2025-03-09T18:59:23","modified_gmt":"2025-03-10T00:59:23","slug":"direccion-de-proteccion-civil-inicia-con-revisiones-de-quintas-y-albercas","status":"publish","type":"post","link":"https:\/\/www.aquilaguna.com\/index.php\/2025\/03\/09\/direccion-de-proteccion-civil-inicia-con-revisiones-de-quintas-y-albercas\/","title":{"rendered":"Direcci\u00f3n de Protecci\u00f3n Civil inicia con revisiones de quintas y albercas."},"content":{"rendered":"\n<p>Torre\u00f3n, Coahuila. A 09 de marzo de 2025.<\/p>\n\n\n\n<p>La Direcci\u00f3n de Protecci\u00f3n Civil y Bomberos de Torre\u00f3n inici\u00f3 con la revisi\u00f3n de<br>quintas, albercas y salones, a fin de verificar que cumplan con las condiciones de<br>seguridad necesarias para cuidar la integridad de quienes las utilizan.<\/p>\n\n\n\n<p>Jorge Luis Ju\u00e1rez Llanas, director de la dependencia, inform\u00f3 que sostuvo una<br>reuni\u00f3n con la Asociaci\u00f3n de Quintas de La Laguna, en donde les comunic\u00f3 los<br>puntos con los que deben contar sus establecimientos para operar de manera<br>adecuada.<\/p>\n\n\n\n<p>\u201cSiempre hemos trabajado de manera coordinada con esta asociaci\u00f3n y en ese<br>sentido, se sostuvo la reuni\u00f3n para continuar acentuando la seguridad de sus<br>quintas en beneficio de salvaguardar la integridad de los usuarios\u201d, coment\u00f3.<\/p>\n\n\n\n<p>Destac\u00f3 que dentro de las medidas que deben cumplir estos establecimientos,<br>est\u00e1 el tener personal capacitado en primeros auxilios para reaccionar de manera<br>oportuna de darse alg\u00fan accidente.<\/p>\n\n\n\n<p>Adem\u00e1s de que el reglamento al usuario y la profundidad con la que cuenta la<br>alberca est\u00e9 a la vista.<\/p>\n\n\n\n<p>El director dijo que es importante que las instalaciones el\u00e9ctricas est\u00e9n de forma<br>adecuada, y subray\u00f3 que se revisa que todo est\u00e9 dentro de la norma de seguridad<br>en el \u00e1rea de cocina.<\/p>\n\n\n\n<p>\u201cLos propietarios deben tener el visto bueno de Protecci\u00f3n Civil, en cuanto a<br>aspectos de seguridad tales como tener en perfectas condiciones todo lo<br>relacionado a las instalaciones el\u00e9ctricas, que cuenten con un botiqu\u00edn, tel\u00e9fonos<br>de emergencia a la vista, la debida se\u00f1alizaci\u00f3n de la profundidad de las albercas,<br>incluso contar con salvavidas, entre otros\u201d, puntualiz\u00f3.<\/p>\n\n\n\n<p>Exhort\u00f3 a los due\u00f1os de estos establecimientos a que se acerquen a la<br>dependencia para que se realice una revisi\u00f3n y se les comenten las \u00e1reas de<br>oportunidad en su caso, para que puedan mejorar, con la finalidad de que no se<br>presente ning\u00fan incidente dentro de su predio.<\/p>\n\n\n\n<p>Asimismo, hizo un llamado a los usuarios para que respeten el reglamento de<br>Protecci\u00f3n Civil y prioricen su integridad y la de sus familiares, haciendo buen uso<br>de estos complejos.<\/p>\n\n\n\n<p>Dijo que para reportar cualquier situaci\u00f3n de emergencia, los ciudadanos pueden<br>comunicarse al n\u00famero de emergencia 911, o a la Direcci\u00f3n de Protecci\u00f3n Civil y<br>Bomberos al tel\u00e9fono 8717120066.<\/p>\n","protected":false},"excerpt":{"rendered":"<p>Torre\u00f3n, Coahuila. A 09 de marzo de 2025. La Direcci\u00f3n de Protecci\u00f3n Civil y Bomberos de Torre\u00f3n inici\u00f3 con la revisi\u00f3n dequintas, albercas y salones, a fin de verificar que cumplan con las condiciones deseguridad necesarias para cuidar la integridad de quienes las utilizan. Jorge Luis Ju\u00e1rez Llanas, director de la dependencia, inform\u00f3 que sostuvo unareuni\u00f3n con la Asociaci\u00f3n de Quintas de La Laguna, en donde les comunic\u00f3 lospuntos con&#8230;<\/p>\n","protected":false},"author":1,"featured_media":25029,"comment_status":"closed","ping_status":"","sticky":false,"template":"","format":"standard","meta":{"footnotes":""},"categories":[5,28,7],"tags":[],"class_list":["post-25028","post","type-post","status-publish","format-standard","has-post-thumbnail","hentry","category-coahuila","category-la-laguna","category-torreon","wpcat-5-id","wpcat-28-id","wpcat-7-id"],"_links":{"self":[{"href":"https:\/\/www.aquilaguna.com\/index.php\/wp-json\/wp\/v2\/posts\/25028","targetHints":{"allow":["GET"]}}],"collection":[{"href":"https:\/\/www.aquilaguna.com\/index.php\/wp-json\/wp\/v2\/posts"}],"about":[{"href":"https:\/\/www.aquilaguna.com\/index.php\/wp-json\/wp\/v2\/types\/post"}],"author":[{"embeddable":true,"href":"https:\/\/www.aquilaguna.com\/index.php\/wp-json\/wp\/v2\/users\/1"}],"replies":[{"embeddable":true,"href":"https:\/\/www.aquilaguna.com\/index.php\/wp-json\/wp\/v2\/comments?post=25028"}],"version-history":[{"count":1,"href":"https:\/\/www.aquilaguna.com\/index.php\/wp-json\/wp\/v2\/posts\/25028\/revisions"}],"predecessor-version":[{"id":25030,"href":"https:\/\/www.aquilaguna.com\/index.php\/wp-json\/wp\/v2\/posts\/25028\/revisions\/25030"}],"wp:featuredmedia":[{"embeddable":true,"href":"https:\/\/www.aquilaguna.com\/index.php\/wp-json\/wp\/v2\/media\/25029"}],"wp:attachment":[{"href":"https:\/\/www.aquilaguna.com\/index.php\/wp-json\/wp\/v2\/media?parent=25028"}],"wp:term":[{"taxonomy":"category","embeddable":true,"href":"https:\/\/www.aquilaguna.com\/index.php\/wp-json\/wp\/v2\/categories?post=25028"},{"taxonomy":"post_tag","embeddable":true,"href":"https:\/\/www.aquilaguna.com\/index.php\/wp-json\/wp\/v2\/tags?post=25028"}],"curies":[{"name":"wp","href":"https:\/\/api.w.org\/{rel}","templated":true}]}}