{"id":25031,"date":"2025-03-09T19:01:47","date_gmt":"2025-03-10T01:01:47","guid":{"rendered":"https:\/\/www.aquilaguna.com\/?p=25031"},"modified":"2025-03-09T19:01:47","modified_gmt":"2025-03-10T01:01:47","slug":"invitan-a-feria-de-la-salud-el-proximo-martes","status":"publish","type":"post","link":"https:\/\/www.aquilaguna.com\/index.php\/2025\/03\/09\/invitan-a-feria-de-la-salud-el-proximo-martes\/","title":{"rendered":"Invitan a \u201cFeria de la Salud\u201d el pr\u00f3ximo martes."},"content":{"rendered":"\n<p>Torre\u00f3n, Coahuila a 9 de marzo de 2025.<\/p>\n\n\n\n<p>En el marco del D\u00eda Mundial de la Obesidad que se conmemora el 4 de marzo, la<br>Direcci\u00f3n de Salud P\u00fablica Municipal invita a la \u201cFeria de Salud\u201d, el pr\u00f3ximo<br>martes 11 de marzo en la explanada de la dependencia.<\/p>\n\n\n\n<p>El director Jos\u00e9 Manuel Riveroll Duarte, mencion\u00f3 que se otorgar\u00e1n diferentes<br>servicios gratuitos como: toma de peso, estatura, glucosa capilar (deber\u00e1n<br>presentarse en ayunas) y presi\u00f3n arterial.<\/p>\n\n\n\n<p>El evento estar\u00e1 coordinado por las nutri\u00f3logas Deborah M\u00e1rquez Trasfi y Lizeth<br>Rodr\u00edguez Estrada, que forman parte de la Direcci\u00f3n de Salud P\u00fablica Municipal.<\/p>\n\n\n\n<p>Las expertas en nutrici\u00f3n abordar\u00e1n temas enfocados en las consecuencias de<br>padecer obesidad: qu\u00e9 provoca el consumo excesivo de az\u00facares, cu\u00e1les son los<br>desayunos saludables, entre otros que buscan el bienestar de los asistentes.<\/p>\n\n\n\n<p>La cita es el pr\u00f3ximo martes 11 de marzo a partir de las 09:00 hasta las 13:00<br>horas, en la explanada de la dependencia, ubicada en Avenida Ocampo 1167<br>Colonia Segundo de Cobi\u00e1n, Centro.<\/p>\n\n\n\n<p>Riveroll Duarte indic\u00f3 que es importante la prevenci\u00f3n de la obesidad, ya que<br>puede tener m\u00faltiples consecuencias para la salud f\u00edsica, emocional y social de<br>una persona.<\/p>\n\n\n\n<p>Agreg\u00f3 que alguien que padece obesidad tiene mayor riesgo de sufrir<br>enfermedades como: problemas hormonales, diabetes, c\u00e1ncer, problemas<br>hep\u00e1ticos, hipertensi\u00f3n, infartos y accidentes cerebrovasculares.<\/p>\n\n\n\n<p>Adem\u00e1s de los problemas f\u00edsicos, la autoestima de una persona con obesidad<br>disminuye y tambi\u00e9n podr\u00edan padecer de ansiedad o depresi\u00f3n.<\/p>\n\n\n\n<p>Asimismo, en casos extremos, la obesidad puede reducir la capacidad para<br>moverse con facilidad, lo que dificulta llevar una vida activa.<\/p>\n\n\n\n<p>El funcionario indic\u00f3 que es muy importante tomar medidas preventivas y buscar<br>ayuda m\u00e9dica si se sospecha que la obesidad est\u00e1 afectando la salud.<\/p>\n","protected":false},"excerpt":{"rendered":"<p>Torre\u00f3n, Coahuila a 9 de marzo de 2025. En el marco del D\u00eda Mundial de la Obesidad que se conmemora el 4 de marzo, laDirecci\u00f3n de Salud P\u00fablica Municipal invita a la \u201cFeria de Salud\u201d, el pr\u00f3ximomartes 11 de marzo en la explanada de la dependencia. El director Jos\u00e9 Manuel Riveroll Duarte, mencion\u00f3 que se otorgar\u00e1n diferentesservicios gratuitos como: toma de peso, estatura, glucosa capilar (deber\u00e1npresentarse en ayunas) y presi\u00f3n&#8230;<\/p>\n","protected":false},"author":1,"featured_media":25032,"comment_status":"closed","ping_status":"","sticky":false,"template":"","format":"standard","meta":{"footnotes":""},"categories":[5,28,7],"tags":[],"class_list":["post-25031","post","type-post","status-publish","format-standard","has-post-thumbnail","hentry","category-coahuila","category-la-laguna","category-torreon","wpcat-5-id","wpcat-28-id","wpcat-7-id"],"_links":{"self":[{"href":"https:\/\/www.aquilaguna.com\/index.php\/wp-json\/wp\/v2\/posts\/25031","targetHints":{"allow":["GET"]}}],"collection":[{"href":"https:\/\/www.aquilaguna.com\/index.php\/wp-json\/wp\/v2\/posts"}],"about":[{"href":"https:\/\/www.aquilaguna.com\/index.php\/wp-json\/wp\/v2\/types\/post"}],"author":[{"embeddable":true,"href":"https:\/\/www.aquilaguna.com\/index.php\/wp-json\/wp\/v2\/users\/1"}],"replies":[{"embeddable":true,"href":"https:\/\/www.aquilaguna.com\/index.php\/wp-json\/wp\/v2\/comments?post=25031"}],"version-history":[{"count":1,"href":"https:\/\/www.aquilaguna.com\/index.php\/wp-json\/wp\/v2\/posts\/25031\/revisions"}],"predecessor-version":[{"id":25033,"href":"https:\/\/www.aquilaguna.com\/index.php\/wp-json\/wp\/v2\/posts\/25031\/revisions\/25033"}],"wp:featuredmedia":[{"embeddable":true,"href":"https:\/\/www.aquilaguna.com\/index.php\/wp-json\/wp\/v2\/media\/25032"}],"wp:attachment":[{"href":"https:\/\/www.aquilaguna.com\/index.php\/wp-json\/wp\/v2\/media?parent=25031"}],"wp:term":[{"taxonomy":"category","embeddable":true,"href":"https:\/\/www.aquilaguna.com\/index.php\/wp-json\/wp\/v2\/categories?post=25031"},{"taxonomy":"post_tag","embeddable":true,"href":"https:\/\/www.aquilaguna.com\/index.php\/wp-json\/wp\/v2\/tags?post=25031"}],"curies":[{"name":"wp","href":"https:\/\/api.w.org\/{rel}","templated":true}]}}