{"id":25034,"date":"2025-03-09T19:03:53","date_gmt":"2025-03-10T01:03:53","guid":{"rendered":"https:\/\/www.aquilaguna.com\/?p=25034"},"modified":"2025-03-09T19:03:53","modified_gmt":"2025-03-10T01:03:53","slug":"el-festival-de-la-carne-asada-evento-que-reune-a-miles-de-familias-manolo","status":"publish","type":"post","link":"https:\/\/www.aquilaguna.com\/index.php\/2025\/03\/09\/el-festival-de-la-carne-asada-evento-que-reune-a-miles-de-familias-manolo\/","title":{"rendered":"EL FESTIVAL DE LA CARNE ASADA, EVENTO QUE RE\u00daNE A MILES DE FAMILIAS: MANOLO."},"content":{"rendered":"\n<p>Sabinas, Coahuila de Zaragoza; a 8 de marzo de 2025.- El gobernador Manolo Jim\u00e9nez Salinas asisti\u00f3 a la cuarta edici\u00f3n del Festival de la Carne Asada Sabinas 2025, que se celebr\u00f3 en los terrenos de la Feria de la Uni\u00f3n Ganadera Regional de Coahuila en este municipio, y a la que asistieron miles de familias de la regi\u00f3n, de diferentes municipios de la entidad, as\u00ed como de otras entidades del pa\u00eds.<\/p>\n\n\n\n<p>El Festival de la Carne Asada Sabinas es el m\u00e1ximo encuentro de la regi\u00f3n Carbon\u00edfera donde resalta la gastronom\u00eda y tradici\u00f3n de nuestro estado; sobre todo, un evento que fortalece grandemente la actividad econ\u00f3mica y tur\u00edstica de toda esta regi\u00f3n.<\/p>\n\n\n\n<p>El Mandatario estatal felicit\u00f3 a todos los integrantes del comit\u00e9 organizador porque, asegur\u00f3, sin duda hoy se est\u00e1 llevando a cabo el mejor festival de carne asada de M\u00e9xico y del mundo.<\/p>\n\n\n\n<p>\u201cEsta es una muestra que cuando se trabaja en coordinaci\u00f3n, la sociedad civil organizada, la iniciativa privada, los ciudadanos, el Municipio y el Gobierno del Estado, se pueden hacer grandes eventos\u201d, manifest\u00f3.<\/p>\n\n\n\n<p>A nombre de las y los coahuilenses, dio la bienvenida a los equipos participantes que vinieron de otros estados del pa\u00eds.<\/p>\n\n\n\n<p>Manolo Jim\u00e9nez reiter\u00f3 su compromiso con Sabina y con la regi\u00f3n Carbon\u00edfera para seguir llevando a cabo eventos como este.<\/p>\n\n\n\n<p>Destac\u00f3 que durante su recorrido por todos los stands pudo constatar la gran cantidad de gente y las miles de familias presentes en el evento, conviviendo y disfrutando en completa paz y tranquilidad, y se\u00f1al\u00f3 que este tipo de eventos se pueden lograr al vivir en una ciudad y en un estado con seguridad.<\/p>\n\n\n\n<p>\u201cPor eso, adem\u00e1s, adem\u00e1s de reiterar el compromiso de seguir trabajando en equipo por eventos como este, tambi\u00e9n hacemos el compromiso de seguir manteniendo a Coahuila blindado, para que nuestras familias sigan viviendo con paz y con tranquilidad\u201d, puntualiz\u00f3 el gobernador Manolo Jim\u00e9nez.<\/p>\n\n\n\n<p>Desde su primera edici\u00f3n, el festival de la carne asada ha reunido a expertos y aficionados de la parrilla; un lugar donde se fomenta la sana convivencia y se apoyan causas buenas. Actualmente, el Festival de la Carne Asada es tambi\u00e9n un referente gastron\u00f3mico que ha escalado a nivel nacional e internacional.&nbsp;<\/p>\n\n\n\n<p>En este a\u00f1o, Coahuila avanz\u00f3 en proyecci\u00f3n mundial al ganar el Premio Excelencias Gourmet 2024 de la Feria Internacional del Turismo en Madrid, Espa\u00f1a, con el Festival de la Carne Asada de Sabinas.<\/p>\n\n\n\n<p>Este galard\u00f3n posicion\u00f3 a Sabinas en el mapa internacional como una ciudad con una fuerte tradici\u00f3n culinaria con un evento que exalta la identidad gastron\u00f3mica de todo el estado<\/p>\n\n\n\n<p>Lo anterior gracias a las miles de familias, amigos, chefs y parrilleros de todas las edades y de distintas ciudades que visitan Sabinas durante la celebraci\u00f3n de este intercambio cultural, que adem\u00e1s sirve de plataforma para los productores locales que traen sus productos y consolidan relaciones comerciales con empresarios del sector gastron\u00f3mico.<\/p>\n\n\n\n<p>Acompa\u00f1aron al gobernador durante su recorrido al Festival de la Carne Asada, Jos\u00e9 Feliciano Diaz Iribarren, alcalde de Sabinas; Cristina Amezcua Gonz\u00e1lez, secretaria de Turismo y Desarrollo de Pueblos M\u00e1gicos; Alejandro Guti\u00e9rrez Balderrama, presidente de la Asociaci\u00f3n Local Ganadera de Sabinas; Anuar Yutani Morales, del Comit\u00e9 Organizador Festival de la Carne Asada 2025; Jes\u00fas Mar\u00eda Montemayor Garza, secretario de Desarrollo Rural del Estado; Abel Ayala&nbsp;<\/p>\n\n\n\n<p>presidente de la Uni\u00f3n Ganadera Regional de Coahuila&nbsp;<\/p>\n\n\n\n<p>As\u00ed como alcaldes de distintos municipios de Coahuila; funcionarios estatales y municipales.<\/p>\n","protected":false},"excerpt":{"rendered":"<p>Sabinas, Coahuila de Zaragoza; a 8 de marzo de 2025.- El gobernador Manolo Jim\u00e9nez Salinas asisti\u00f3 a la cuarta edici\u00f3n del Festival de la Carne Asada Sabinas 2025, que se celebr\u00f3 en los terrenos de la Feria de la Uni\u00f3n Ganadera Regional de Coahuila en este municipio, y a la que asistieron miles de familias de la regi\u00f3n, de diferentes municipios de la entidad, as\u00ed como de otras entidades del&#8230;<\/p>\n","protected":false},"author":1,"featured_media":0,"comment_status":"closed","ping_status":"","sticky":false,"template":"","format":"standard","meta":{"footnotes":""},"categories":[5,15,34],"tags":[],"class_list":["post-25034","post","type-post","status-publish","format-standard","hentry","category-coahuila","category-gobierno-de-coahuila","category-turismo","wpcat-5-id","wpcat-15-id","wpcat-34-id"],"_links":{"self":[{"href":"https:\/\/www.aquilaguna.com\/index.php\/wp-json\/wp\/v2\/posts\/25034","targetHints":{"allow":["GET"]}}],"collection":[{"href":"https:\/\/www.aquilaguna.com\/index.php\/wp-json\/wp\/v2\/posts"}],"about":[{"href":"https:\/\/www.aquilaguna.com\/index.php\/wp-json\/wp\/v2\/types\/post"}],"author":[{"embeddable":true,"href":"https:\/\/www.aquilaguna.com\/index.php\/wp-json\/wp\/v2\/users\/1"}],"replies":[{"embeddable":true,"href":"https:\/\/www.aquilaguna.com\/index.php\/wp-json\/wp\/v2\/comments?post=25034"}],"version-history":[{"count":1,"href":"https:\/\/www.aquilaguna.com\/index.php\/wp-json\/wp\/v2\/posts\/25034\/revisions"}],"predecessor-version":[{"id":25035,"href":"https:\/\/www.aquilaguna.com\/index.php\/wp-json\/wp\/v2\/posts\/25034\/revisions\/25035"}],"wp:attachment":[{"href":"https:\/\/www.aquilaguna.com\/index.php\/wp-json\/wp\/v2\/media?parent=25034"}],"wp:term":[{"taxonomy":"category","embeddable":true,"href":"https:\/\/www.aquilaguna.com\/index.php\/wp-json\/wp\/v2\/categories?post=25034"},{"taxonomy":"post_tag","embeddable":true,"href":"https:\/\/www.aquilaguna.com\/index.php\/wp-json\/wp\/v2\/tags?post=25034"}],"curies":[{"name":"wp","href":"https:\/\/api.w.org\/{rel}","templated":true}]}}