{"id":2504,"date":"2021-05-30T23:35:53","date_gmt":"2021-05-31T04:35:53","guid":{"rendered":"https:\/\/www.aquilaguna.com\/?p=2504"},"modified":"2021-05-30T23:35:53","modified_gmt":"2021-05-31T04:35:53","slug":"aqui-laguna-34","status":"publish","type":"post","link":"https:\/\/www.aquilaguna.com\/index.php\/2021\/05\/30\/aqui-laguna-34\/","title":{"rendered":"Aqu\u00ed Laguna."},"content":{"rendered":"\n<p>\u00a1No\u00a0 mas de tres d\u00edas! Y el per\u00edodo\u00a0 que la ley marca para realizar campa\u00f1as, a terminar\u00a0 el domingo\u00a0 seis de junio pr\u00f3ximo habr\u00e1n\u00a0 concluido, para iniciar\u00a0 tiempo\u00a0 de silencio previo a la jornada electoral, que al menos y hasta hoy, en Coahuila se anticipa tranquila, si bien la violencia pol\u00edtica que se registra en otras regiones del pa\u00eds y que hace sumar ya\u00a0 la tr\u00e1gica muerte de por lo menos 89\u00a0 personas\u00a0 hace prever\u00a0 condiciones\u00a0 dif\u00edciles,\u00a0 que por lo menos estar\u00e1n inhibiendo a decenas de ciudadanos a \u00b4 guardar  &#8221;su presencia ante las urnas&#8221;, p\u00faes esta visto que la autoridad federal, a trav\u00e9s claro, y se espera que as\u00ed sea, su Guardia Civil se ha mostrado a la fecha tambi\u00e9n\u00a0 ineficaz para\u00a0 persuadir a los violentos de cesar sus pusil\u00e1nimes objetivos en medio de un escenario nacional dividido, enfrentado casi \u00a0 con las enconadas posiciones que se mantienen desde el atril ubicado en la Presidencia de la Rep\u00fablica cada ma\u00f1ana de cada d\u00eda, en donde se identifica con igual rasero a sujetos pol\u00edticos, solo\u00a0 ciudadanos, unos\u00a0 que a instituciones\u00a0 y que a juicio de nuestro presidente se le resisten o le estorban, seg\u00fan sea el caso.<\/p>\n\n\n\n<p>Esta siembra de vientos , habr\u00e1 de\u00a0 generar y genera \u00a0 la cosecha correspondiente de tempestades,\u00a0 que ojal\u00e1 no tenga\u00a0 mas costo humano, pues bastantes son ya\u00a0 las personas que en los proleg\u00f3menos de \u00e9sta singular\u00a0 megaelecci\u00f3n han perdido ya sus vidas y que no son pocos, y\u00a0si as\u00ed\u00a0 fuera uno solo, pues la vida, es\u00a0 invaluable\u00a0 y su extinci\u00f3n\u00a0 irreparable.<\/p>\n\n\n\n<p>Con\u00a0 \u00a0 todo y ello, los ciudadanos enlistados en el listado nominal vigente, estar\u00e1n\u00a0 haciendo el esfuerzo por cumplir con su responsabilidad\u00a0 ciudadana, esperando que se ejerza\u00a0 el hoy llamado &#8221;voto razonado&#8221; que\u00a0 permita equilibrar la representaci\u00f3n de las fuerzas pol\u00edticas del pa\u00eds y con ello, se tenga lugar un esperado equilibrio de los poderes que conforman \u00a0 al Estado Mexicano,\u00a0 y ello permita\u00a0 la operaci\u00f3n de un gobierno\u00a0 con los\u00a0 pesos y contrapesos indispensables, seg\u00fan la teor\u00eda cl\u00e1sica\u00a0 de la divisi\u00f3n de poderes, que por ahora, en M\u00e9xico, se ha descarrillado un tanto, no solo por la artificiosa mayor\u00eda conformada\u00a0 por el oficialismo\u00a0 en turno, sino tambi\u00e9n por\u00a0 la poca eficacia pol\u00edtica que han desplegado hasta ahora tambi\u00e9n, los partidos y grupos de conforman la oposici\u00f3n,\u00a0 mas interesados en conservar sus peque\u00f1as \u00ednsulas de poder que en una aut\u00e9ntica representaci\u00f3n del inter\u00e9s ciudadano.<\/p>\n\n\n\n<p>Ahora resulta, seg\u00fan vemos, que es\u00a0 desde el extranjero,\u00a0 de\u00a0 donde parte de voces\u00a0 expresadas en letras no poco interesadas donde se marcan, se se\u00f1alan, las desmesuras del poder\u00a0 presidencial como es el caso del art\u00edculo publicado por The\u00a0 Economist\u00a0 en su edici\u00f3n internacional, cuya portada se la dedica\u00a0 a\u00a0 Andr\u00e9s Manuel L\u00f3pez Obrador,\u00a0 y\u00a0 a\u00a0 quien\u00a0 califica ya entrados en gastos, como\u00a0 necr\u00f3filo ideol\u00f3gico, ser\u00e1 por su reiterado\u00a0 regreso\u00a0 al pasado que exhibe\u00a0 un d\u00eda y otro tambi\u00e9n, en\u00a0 no solo en el hilo de su discurso, sino en el de que su gesti\u00f3n \u00a0 gubernamental. Por cierto, incierta la suerte que le quepa a la decisi\u00f3n de AMLO de adquirir una refinadora en el vecino pa\u00eds del norte,\u00a0 con un costo de 12 mil millones de pesos, mas una deuda de 980 millones de d\u00f3lares, compra que con todo contexto y\u00a0 proporci\u00f3n guardada, hizo\u00a0 recordar la malhadada adquisici\u00f3n de la planta de nitrogenados que\u00a0 hoy, su desenredo judicial \u00a0 \u00a0 ha comprometido\u00a0 a Alonso Ancira y sus socios,\u00a0 la mayor parte de sus acciones en Altos Hornos de M\u00e9xico, y quien nos dice si al paso de algunos a\u00f1os, la compra de la Refineria\u00a0 Deer Park\u00a0 no genere\u00a0 tambi\u00e9n la singular o parecida\u00a0 situaci\u00f3n a la que\u00a0 hoy enfrenta Lozoya, sus amigos y socios&#8230;<\/p>\n\n\n\n<p>En fin, que\u00a0 el pr\u00f3ximo lunes, M\u00e9xico amanecer\u00e1, sea cual fuere el resultado de la elecci\u00f3n,\u00a0 con una nueva \u00a0 conformaci\u00f3n de sus fuerzas pol\u00edticas, \u00a0 por ahora a solo ocho d\u00edas, resulta aun impredecible anticipar, pero que sin duda, definir\u00e1 rumbos al pa\u00eds, en primer lugar, marcar\u00e1 el inicio de la etapa poscovid y la reconstrucci\u00f3n\u00a0 de nuestro pa\u00eds,\u00a0 en las \u00e1reas mayormente afectadas por la pandemia, mas all\u00e1 de la judicializaci\u00f3n que sus resultados habr\u00e1 de generar, visto el antecedente en el que\u00a0 la mayor\u00eda de los partidos contendientes, en especial MORENA, ocup\u00f3 la mayor\u00eda de su tiempo para realizar campa\u00f1a, exponer propuestas, etc., en recurrir a jueces y tribunales\u00a0 para que les recompusieran la plana que su dirigente Mario Delgado y sus fantasmales encuestas, generaran a lo largo y ancho\u00a0 del Morenismo en este pa\u00eds.<\/p>\n\n\n\n<p>Por cierto, vaya oso el que escenific\u00f3 -grabado por \u00e9l mismo-, del incidente carretero \u00a0 y que &#8221;El Ojitos&#8221;\u00a0 Delgado quiso vender a al p\u00fablico, como detenci\u00f3n de sujetos armados y\u00a0 les result\u00f3 un fiasco, y en el que no solo lo exhibi\u00f3 como mentiroso, sino tambi\u00e9n como cobarde&#8230;<\/p>\n\n\n\n<p>Y sin duda\u00a0 \u00a0 por esta tierras, Luis Fernando Salazar Fernandez sigue sin freno en campa\u00f1a cual si fuera candidato de MORENA a la presidencia\u00a0 de Torre\u00f3n con todo y que el INE lo baj\u00f3 de tal contienda,\u00a0 sigue y sigue\u00a0 seg\u00fan se puede comprobar\u00a0 en los v\u00eddeos que sube a su cuenta de facebook sin pudor alguno, en tanto que su se\u00f1or padre, candidato oficial, sigue en condici\u00f3n de fantasma, de &#8221;juanito&#8221; en espera. Por lo pronto\u00a0 \u00a0 el aspirante &#8221;Super Chido&#8221; como el mismo se\u00a0 califica,\u00a0 continua sumando impugnaciones en su contra, ya lleva 31, de las cuales 29 fueron interpuestas por miembros de MORNA, lo que habla de su\u00a0 aceptaci\u00f3n en tal agrupamiento pol\u00edtico&#8230;<\/p>\n\n\n\n<p>Y en Torre\u00f3n vaya que en miniencuentros con\u00a0 simpatizantes en barrios y colonias de la ciudad, seg\u00fan lo impone la pandemia, el Licenciado Rom\u00e1n Alberto Cepeda estar\u00e1 concluyendo no mas all\u00e1 de \u00e9ste mismo mi\u00e9rcoles \u00a0 su campa\u00f1a electoral, si bien quiso que pasara literal y figuradamente de noche la presencia de la otrora\u00a0 beligerante\u00a0 lideresa priista Beatriz Paredes Rangel, \u00a0 a apoyar su\u00a0 campa\u00f1a \u00e9ste fin de semana.\u00a0 Igual perfil conserv\u00f3\u00a0 ya\u00a0 \u00a0 hasta el final, a su coordinador de campa\u00f1a Lauro Villarreal, envuelto en un halo de misterio que lo ha hecho ganarse el mote de &#8221;Diosito&#8221;, pues dicen que\u00a0 todo mundo sabe que existe, pero nadie lo pudo ver\u2026<\/p>\n\n\n\n<p>Y a quien si es mas que visible por su trabajo, por sus acciones en pro del crecimiento y\u00a0 prestigio de la Universidad Aut\u00f3noma de Coahuila, es al ingeniero Salvador Hern\u00e1ndez V\u00e9lez, su Rector, quien \u00e9sta semana, en medio de los escenarios\u00a0 que enfrenta la educaci\u00f3n superior en M\u00e9xico, encuentra atajos donde\u00a0 explorar camino para\u00a0 tareas sustanciales\u00a0 de\u00a0 la M\u00e1xima Casa de Estudios en Coahuila  inaugur\u00f3 \u00e9sta semana, la primera etapa del Jard\u00edn Etnobiol\u00f3gico\u00a0 ubicado en\u00a0 \u00a0 Viesca, destinado a crear el capital semilla de la flora del desierto,\u00a0 que sujeto a investigaci\u00f3n aporte \u00a0 v\u00edas de explotaci\u00f3n a sus \u00a0 recursos\u00a0 naturales, que los tiene&#8230;<\/p>\n\n\n\n<p>En tanto, no, no va en caballo de hacienda, el aspirante panista Marcelo Torres Cofi\u00f1o, presa por ahora de feo rencor contra\u00a0 el priismo, con cuyos miembros, sobre todo, los \u00a0 mas picudos \u00a0 y\u00a0 con\u00a0 quienes\u00a0 apenas hace\u00a0 semanas compart\u00eda\u00a0 presidiums\u00a0 y proyectos legislativos, as\u00ed pas\u00f3 por el Congreso de Coahuila. De pronto\u00a0 le pico alg\u00fan mosco\u00a0 y que se lanza, buscando encuentro personal con\u00a0 los candidatos pri\u00edstas, que no cayeron en tal garlito y lo dejaron hablando solo y ya ve, el tiempo para hacer \u00a0 campa\u00f1a\u00a0 ha llegado materialmente a su fin&#8230;<\/p>\n\n\n\n<p>Y \u00a0 con todo\u00a0 y que Usted y los suyos ya hayan sido vacunados, no es tiempo aun para dejar atr\u00e1s las medidas de prevenci\u00f3n contra el Covid-19. Faltan aun tramos por recorrer en este tema.<\/p>\n","protected":false},"excerpt":{"rendered":"<p>\u00a1No\u00a0 mas de tres d\u00edas! Y el per\u00edodo\u00a0 que la ley marca para realizar campa\u00f1as, a terminar\u00a0 el domingo\u00a0 seis de junio pr\u00f3ximo habr\u00e1n\u00a0 concluido, para iniciar\u00a0 tiempo\u00a0 de silencio previo a la jornada electoral, que al menos y hasta hoy, en Coahuila se anticipa tranquila, si bien la violencia pol\u00edtica que se registra en otras regiones del pa\u00eds y que hace sumar ya\u00a0 la tr\u00e1gica muerte de por lo&#8230;<\/p>\n","protected":false},"author":2,"featured_media":0,"comment_status":"closed","ping_status":"","sticky":false,"template":"","format":"standard","meta":{"footnotes":""},"categories":[8],"tags":[],"class_list":["post-2504","post","type-post","status-publish","format-standard","hentry","category-aqui-laguna","wpcat-8-id"],"_links":{"self":[{"href":"https:\/\/www.aquilaguna.com\/index.php\/wp-json\/wp\/v2\/posts\/2504","targetHints":{"allow":["GET"]}}],"collection":[{"href":"https:\/\/www.aquilaguna.com\/index.php\/wp-json\/wp\/v2\/posts"}],"about":[{"href":"https:\/\/www.aquilaguna.com\/index.php\/wp-json\/wp\/v2\/types\/post"}],"author":[{"embeddable":true,"href":"https:\/\/www.aquilaguna.com\/index.php\/wp-json\/wp\/v2\/users\/2"}],"replies":[{"embeddable":true,"href":"https:\/\/www.aquilaguna.com\/index.php\/wp-json\/wp\/v2\/comments?post=2504"}],"version-history":[{"count":1,"href":"https:\/\/www.aquilaguna.com\/index.php\/wp-json\/wp\/v2\/posts\/2504\/revisions"}],"predecessor-version":[{"id":2505,"href":"https:\/\/www.aquilaguna.com\/index.php\/wp-json\/wp\/v2\/posts\/2504\/revisions\/2505"}],"wp:attachment":[{"href":"https:\/\/www.aquilaguna.com\/index.php\/wp-json\/wp\/v2\/media?parent=2504"}],"wp:term":[{"taxonomy":"category","embeddable":true,"href":"https:\/\/www.aquilaguna.com\/index.php\/wp-json\/wp\/v2\/categories?post=2504"},{"taxonomy":"post_tag","embeddable":true,"href":"https:\/\/www.aquilaguna.com\/index.php\/wp-json\/wp\/v2\/tags?post=2504"}],"curies":[{"name":"wp","href":"https:\/\/api.w.org\/{rel}","templated":true}]}}