{"id":2511,"date":"2021-05-31T20:02:07","date_gmt":"2021-06-01T01:02:07","guid":{"rendered":"https:\/\/www.aquilaguna.com\/?p=2511"},"modified":"2021-05-31T20:02:08","modified_gmt":"2021-06-01T01:02:08","slug":"pide-antonio-gutierrez-jardon-cerrar-filas-para-concretar-gran-alianza-en-beneficio-de-todos","status":"publish","type":"post","link":"https:\/\/www.aquilaguna.com\/index.php\/2021\/05\/31\/pide-antonio-gutierrez-jardon-cerrar-filas-para-concretar-gran-alianza-en-beneficio-de-todos\/","title":{"rendered":"Pide Antonio Guti\u00e9rrez Jard\u00f3n cerrar filas para concretar gran alianza en beneficio de todos."},"content":{"rendered":"\n<p>Torre\u00f3n, Coahuila. A 31 de mayo 2021.<\/p>\n\n\n\n<p>A unos d\u00edas de la jornada electoral hist\u00f3rica del domingo 6 de junio, Antonio Guti\u00e9rrez Jard\u00f3n,<br>candidato del PRI a diputado federal por el V Distrito de Torre\u00f3n, pidi\u00f3 a las y los ciudadanos<br>cerrar filas mediante su voto, para concretar esta gran alianza de los candidatos priistas con el<br>gobierno estatal.<\/p>\n\n\n\n<p>Durante un encuentro con habitantes de la colonia Alamedas, destac\u00f3 la importancia de votar por<br>un mismo proyecto, en este caso el que encabezan los candidatos del PRI a las diputaciones<br>federales de los Distritos V y VI, as\u00ed como a la presidencia municipal de Torre\u00f3n, ya que esto<br>permitir\u00e1 hacer equipo con el gobierno de Coahuila y trabajar en conjunto por el beneficio del<br>estado y del municipio.<\/p>\n\n\n\n<p>Antonio Guti\u00e9rrez Jard\u00f3n se\u00f1al\u00f3 que a lo largo de la campa\u00f1a e incluso durante la precampa\u00f1a, su<br>labor se ha centrado en las propuestas, a diferencia de los candidatos de otros partidos pol\u00edticos<br>quienes se han dedicado a desacreditar a los abanderados del tricolor, mintiendo y evidenciando<br>que no han sabido administrar ni gobernar para todos.<\/p>\n\n\n\n<p>Dijo tambi\u00e9n que esta nueva normalidad bajo la que se han desarrollado las campa\u00f1as, ha<br>permitido tener un mayor acercamiento con la gente y escuchar directamente sus inquietudes y<br>necesidades, pues debido a la pandemia por Covid-19 solo se permiten reuniones con poca<br>asistencia para prevenir contagios y proteger la salud de la poblaci\u00f3n.<\/p>\n\n\n\n<p>Se\u00f1al\u00f3 que a nivel municipal, hay coincidencia en las demandas de servicios p\u00fablicos, seguridad y<br>en general, del abandono en que se ha dejado a la ciudad durante estos cuatro a\u00f1os.<\/p>\n\n\n\n<p>Respecto del gobierno federal, la poblaci\u00f3n reclama que se le regresen los programas sociales que<br>le significaban un gran beneficio y que el presidente elimin\u00f3 argumentando actos de corrupci\u00f3n<br>que hasta ahora no se han comprobado ni sancionado, tal es el caso de las estancias infantiles, el<br>Seguro Popular, Prospera, as\u00ed como los medicamentos para ni\u00f1os con c\u00e1ncer y el abastecimiento<br>de f\u00e1rmacos en las instituciones de salud p\u00fablica, las que actualmente no disponen ni de lo m\u00e1s<br>b\u00e1sico.<\/p>\n\n\n\n<p>El candidato del PRI a la diputaci\u00f3n por el V Distrito, tuvo una intensa actividad de campa\u00f1a<br>durante el fin de semana previo a la jornada electoral, pues adem\u00e1s de reunirse con los vecinos de<br>la colonia Alamedas, el domingo llev\u00f3 a cabo un extenso recorrido por las colonias Vista Hermosa<br>y La Constancia, ubicadas en el sector poniente de Torre\u00f3n.<\/p>\n\n\n\n<p>En cada lugar, ha establecido el compromiso de velar por los intereses de M\u00e9xico, de Coahuila y de<br>Torre\u00f3n, y de legislar para el beneficio de todos, por lo que pidi\u00f3 la confianza de los torreonenses.<\/p>\n","protected":false},"excerpt":{"rendered":"<p>Torre\u00f3n, Coahuila. A 31 de mayo 2021. A unos d\u00edas de la jornada electoral hist\u00f3rica del domingo 6 de junio, Antonio Guti\u00e9rrez Jard\u00f3n,candidato del PRI a diputado federal por el V Distrito de Torre\u00f3n, pidi\u00f3 a las y los ciudadanoscerrar filas mediante su voto, para concretar esta gran alianza de los candidatos priistas con elgobierno estatal. Durante un encuentro con habitantes de la colonia Alamedas, destac\u00f3 la importancia de votar&#8230;<\/p>\n","protected":false},"author":1,"featured_media":2512,"comment_status":"closed","ping_status":"closed","sticky":false,"template":"","format":"standard","meta":{"footnotes":""},"categories":[20,5,28,16,7],"tags":[],"class_list":["post-2511","post","type-post","status-publish","format-standard","has-post-thumbnail","hentry","category-campanas","category-coahuila","category-la-laguna","category-pri","category-torreon","wpcat-20-id","wpcat-5-id","wpcat-28-id","wpcat-16-id","wpcat-7-id"],"_links":{"self":[{"href":"https:\/\/www.aquilaguna.com\/index.php\/wp-json\/wp\/v2\/posts\/2511","targetHints":{"allow":["GET"]}}],"collection":[{"href":"https:\/\/www.aquilaguna.com\/index.php\/wp-json\/wp\/v2\/posts"}],"about":[{"href":"https:\/\/www.aquilaguna.com\/index.php\/wp-json\/wp\/v2\/types\/post"}],"author":[{"embeddable":true,"href":"https:\/\/www.aquilaguna.com\/index.php\/wp-json\/wp\/v2\/users\/1"}],"replies":[{"embeddable":true,"href":"https:\/\/www.aquilaguna.com\/index.php\/wp-json\/wp\/v2\/comments?post=2511"}],"version-history":[{"count":1,"href":"https:\/\/www.aquilaguna.com\/index.php\/wp-json\/wp\/v2\/posts\/2511\/revisions"}],"predecessor-version":[{"id":2513,"href":"https:\/\/www.aquilaguna.com\/index.php\/wp-json\/wp\/v2\/posts\/2511\/revisions\/2513"}],"wp:featuredmedia":[{"embeddable":true,"href":"https:\/\/www.aquilaguna.com\/index.php\/wp-json\/wp\/v2\/media\/2512"}],"wp:attachment":[{"href":"https:\/\/www.aquilaguna.com\/index.php\/wp-json\/wp\/v2\/media?parent=2511"}],"wp:term":[{"taxonomy":"category","embeddable":true,"href":"https:\/\/www.aquilaguna.com\/index.php\/wp-json\/wp\/v2\/categories?post=2511"},{"taxonomy":"post_tag","embeddable":true,"href":"https:\/\/www.aquilaguna.com\/index.php\/wp-json\/wp\/v2\/tags?post=2511"}],"curies":[{"name":"wp","href":"https:\/\/api.w.org\/{rel}","templated":true}]}}