{"id":25355,"date":"2025-03-27T18:12:21","date_gmt":"2025-03-28T00:12:21","guid":{"rendered":"https:\/\/www.aquilaguna.com\/?p=25355"},"modified":"2025-03-27T18:12:21","modified_gmt":"2025-03-28T00:12:21","slug":"llegara-a-saltillo-la-exposicion-insectus-ciencia-arte-y-cultura","status":"publish","type":"post","link":"https:\/\/www.aquilaguna.com\/index.php\/2025\/03\/27\/llegara-a-saltillo-la-exposicion-insectus-ciencia-arte-y-cultura\/","title":{"rendered":"LLEGAR\u00c1 A SALTILLO LA \u00a0EXPOSICI\u00d3N &#8220;INSECTUS, CIENCIA, ARTE Y CULTURA&#8221;."},"content":{"rendered":"\n<ul class=\"wp-block-list\">\n<li>Gobierno del Estado, Gobierno de Saltillo y Fundaci\u00f3n Coppel presentar\u00e1n exposici\u00f3n internacional del 10 de abril al 8 de mayo en la explanada del Museo del Desierto<\/li>\n<\/ul>\n\n\n\n<p>Saltillo, Coahuila de Zaragoza; a 27 de marzo de 2025.- Con el objetivo de acercar al p\u00fablico a la belleza y complejidad del mundo de los insectos, el Gobierno del Estado present\u00f3 ante medios de comunicaci\u00f3n la exposici\u00f3n &#8220;Insectus,&nbsp;Ciencia, Arte y Cultura&#8221;&nbsp;a efectuarse&nbsp;en la explanada del Museo del Desierto de Saltillo.<\/p>\n\n\n\n<p>De manera coordinada con el Gobierno de Saltillo y Fundaci\u00f3n Coppel, se expondr\u00e1 la muestra conformada por una colecci\u00f3n de 37 fotograf\u00edas capturadas por el renombrado fot\u00f3grafo Levon Biss, quien se especializa en la documentaci\u00f3n microsc\u00f3pica de la naturaleza.<\/p>\n\n\n\n<p>Las im\u00e1genes exhibidas forman parte del proyecto Microsculpture, el cual retoma insectos del Museo de Historia Natural de la Universidad de Oxford. Cada fotograf\u00eda de esta colecci\u00f3n requiri\u00f3 aproximadamente tres semanas de elaboraci\u00f3n y fue generada a partir de m\u00e1s de 8 mil im\u00e1genes individuales, tomadas con lentes de microscopio. Este proceso minucioso permite apreciar con detalle las texturas, colores y formas de estos peque\u00f1os seres, resaltando su valor en la ciencia y el arte.<\/p>\n\n\n\n<p>La exposici\u00f3n estar\u00e1 abierta al p\u00fablico en general en la explanada del Parque Maravillas a partir del 10 de abril hasta el 8 de mayo, en un horario de 10:00 a 18:00 horas. La entrada es gratuita, permitiendo a visitantes de todas las edades maravillarse con el impresionante mundo de los insectos a trav\u00e9s de la lente de Levon Biss.<\/p>\n\n\n\n<p>Mar\u00eda B\u00e1rbara Cepeda Boheringer, titular de la Secretaria de Vinculaci\u00f3n Ciudadana,<\/p>\n\n\n\n<p>Proyectos de Innovaci\u00f3n Social e Inversi\u00f3n P\u00fablico Productiva, invit\u00f3 a la comunidad a disfrutar de esta experiencia \u00fanica, donde la ciencia, el arte y la cultura convergen para ofrecer una nueva perspectiva sobre la biodiversidad y su importancia en nuestro entorno.<\/p>\n\n\n\n<p>\u201cLa exposici\u00f3n que hoy estamos presentando de Insectus con Levon Biss, nos ofrece una visi\u00f3n \u00fanica y fascinante del mundo de los insectos\u201d, precis\u00f3.<\/p>\n\n\n\n<p>En su intervenci\u00f3n, Lourdes L\u00f3pez Naranjo, presidenta honoraria del DIF Saltillo, resalt\u00f3 el trabajo en conjunto entre el Gobierno del Estado, &nbsp;el Municipio de Saltillo y la&nbsp;fundaci\u00f3n Coppel, que sirve para fortalecer el tejido social y brindar una mejor calidad de vida a la comunidad; que podr\u00e1 gozar de actividades culturales, art\u00edsticas y de ciencia.<\/p>\n\n\n\n<p>Miriam Gastelum Aispuro, gerente de Espacios P\u00fablicos y Cultura de Fundaci\u00f3n Coppel, se\u00f1al\u00f3 que, a trav\u00e9s de la cultura, el arte y la ciencia se puede generar una mejor calidad de vida de las personas; por lo que&nbsp;es un honor tener esta muestra en Saltillo y ser parte del circuito cultural donde se ha realizado como en Alemania, Francia, Nueva York, Ciudad de M\u00e9xico, Monterrey, Hermosillo y Culiac\u00e1n, entre otros.<\/p>\n\n\n\n<p>Arturo Gonz\u00e1lez, director del Museo del Desierto, expuso que esperan recibir m\u00e1s de 60 mil personas durante el mes de abril y mayo, que podr\u00e1n gozar de la exposici\u00f3n de &#8220;Insectus, Ciencia, Arte y Cultura&#8221;.<\/p>\n\n\n\n<p>En el evento se cont\u00f3 con la presencia de Cristina Amezcua Gonz\u00e1lez, secretaria de Turismo y Desarrollo de Pueblos M\u00e1gicos; Juan Ram\u00f3n C\u00e1rdenas Cant\u00fa, presidente del Patronato del Parque Maravillas; Lydia Mar\u00eda Gonz\u00e1lez Rodr\u00edguez, directora de Turismo de Saltillo; Jorge Alberto Salcido Portillo, subsecretario de Educaci\u00f3n B\u00e1sica; Javier Omar Aldrete, director del departamento jur\u00eddico de la Secretar\u00eda de Inclusi\u00f3n y Desarrollo Social<\/p>\n","protected":false},"excerpt":{"rendered":"<p>Saltillo, Coahuila de Zaragoza; a 27 de marzo de 2025.- Con el objetivo de acercar al p\u00fablico a la belleza y complejidad del mundo de los insectos, el Gobierno del Estado present\u00f3 ante medios de comunicaci\u00f3n la exposici\u00f3n &#8220;Insectus,&nbsp;Ciencia, Arte y Cultura&#8221;&nbsp;a efectuarse&nbsp;en la explanada del Museo del Desierto de Saltillo. De manera coordinada con el Gobierno de Saltillo y Fundaci\u00f3n Coppel, se expondr\u00e1 la muestra conformada por una colecci\u00f3n&#8230;<\/p>\n","protected":false},"author":1,"featured_media":25356,"comment_status":"closed","ping_status":"","sticky":false,"template":"","format":"standard","meta":{"footnotes":""},"categories":[5,50,15],"tags":[],"class_list":["post-25355","post","type-post","status-publish","format-standard","has-post-thumbnail","hentry","category-coahuila","category-ecologia","category-gobierno-de-coahuila","wpcat-5-id","wpcat-50-id","wpcat-15-id"],"_links":{"self":[{"href":"https:\/\/www.aquilaguna.com\/index.php\/wp-json\/wp\/v2\/posts\/25355","targetHints":{"allow":["GET"]}}],"collection":[{"href":"https:\/\/www.aquilaguna.com\/index.php\/wp-json\/wp\/v2\/posts"}],"about":[{"href":"https:\/\/www.aquilaguna.com\/index.php\/wp-json\/wp\/v2\/types\/post"}],"author":[{"embeddable":true,"href":"https:\/\/www.aquilaguna.com\/index.php\/wp-json\/wp\/v2\/users\/1"}],"replies":[{"embeddable":true,"href":"https:\/\/www.aquilaguna.com\/index.php\/wp-json\/wp\/v2\/comments?post=25355"}],"version-history":[{"count":1,"href":"https:\/\/www.aquilaguna.com\/index.php\/wp-json\/wp\/v2\/posts\/25355\/revisions"}],"predecessor-version":[{"id":25357,"href":"https:\/\/www.aquilaguna.com\/index.php\/wp-json\/wp\/v2\/posts\/25355\/revisions\/25357"}],"wp:featuredmedia":[{"embeddable":true,"href":"https:\/\/www.aquilaguna.com\/index.php\/wp-json\/wp\/v2\/media\/25356"}],"wp:attachment":[{"href":"https:\/\/www.aquilaguna.com\/index.php\/wp-json\/wp\/v2\/media?parent=25355"}],"wp:term":[{"taxonomy":"category","embeddable":true,"href":"https:\/\/www.aquilaguna.com\/index.php\/wp-json\/wp\/v2\/categories?post=25355"},{"taxonomy":"post_tag","embeddable":true,"href":"https:\/\/www.aquilaguna.com\/index.php\/wp-json\/wp\/v2\/tags?post=25355"}],"curies":[{"name":"wp","href":"https:\/\/api.w.org\/{rel}","templated":true}]}}