{"id":25362,"date":"2025-03-28T19:58:07","date_gmt":"2025-03-29T01:58:07","guid":{"rendered":"https:\/\/www.aquilaguna.com\/?p=25362"},"modified":"2025-03-28T19:58:07","modified_gmt":"2025-03-29T01:58:07","slug":"entrega-uadec-92-reconocimientos-a-la-mujer-universitaria-2024-2025","status":"publish","type":"post","link":"https:\/\/www.aquilaguna.com\/index.php\/2025\/03\/28\/entrega-uadec-92-reconocimientos-a-la-mujer-universitaria-2024-2025\/","title":{"rendered":"Entrega UAdeC 92 Reconocimientos a la Mujer Universitaria 2024-2025."},"content":{"rendered":"\n<p>ARTEAGA, Coahuila. 28 de marzo de 2025. La Universidad Aut\u00f3noma de Coahuila a<br>trav\u00e9s del Instituto de Investigaci\u00f3n para el Desarrollo Integral de la Mujer<br>Universitaria (IIDIMU), galardon\u00f3 a 92 estudiantes, maestras y trabajadoras<br>administrativas o manuales con el Reconocimientos a la Mujer Universitaria 2024-<br>2025.<\/p>\n\n\n\n<p>Con este premio se reconoce a las mujeres universitarias cuya trayectoria y<br>aportaciones a la ciencia, la academia y a la sociedad con enfoque de perspectiva de<br>g\u00e9nero se distingan en cualquiera de las \u00e1reas Acad\u00e9mica, Art\u00edstica, Cient\u00edfica,<br>Deportiva, Emprendedora y Social.<\/p>\n\n\n\n<p>Al Aula Magna del Centro Cultural Universitario Campus Arteaga, asisti\u00f3 el rector de<br>la m\u00e1xima casa de estudios, Octavio Pimentel Mart\u00ednez, la titular de la Fiscal\u00eda de las<br>Mujeres, Katy Salinas P\u00e9rez y la coordinadora de Igualdad de G\u00e9nero y represente<br>del IIDIMU, Lorena Argentina Medina Bocanegra.<\/p>\n\n\n\n<p>Adem\u00e1s, la titular del Tribunal Universitario, Nadia Salas Carrillo, los coordinadores<br>de Unidad Sureste, Laguna y Norte, Eva Kerena Hern\u00e1ndez Mart\u00ednez, Sandra L\u00f3pez<br>Chavarr\u00eda y Luis Carlos Talamantes Arredondo, respectivamente e invitados<br>especiales.<\/p>\n\n\n\n<p>En su mensaje el rector Octavio Pimentel Mart\u00ednez, destac\u00f3 que \u00e9l ha aprendido de<br>las mujeres de la Universidad, pues son muestra de lucha, de lealtad, de liderazgo y<br>de logros de las Lobas de la m\u00e1xima casa de estudios, esto al ser una inspiraci\u00f3n<br>para muchas generaciones, por lo que las invit\u00f3 a seguir apost\u00e1ndole a esta lucha.<\/p>\n\n\n\n<p>\u201cEste evento tiene un gran significado, es el acto en donde la UAdeC refrenda su<br>compromiso con las mujeres universitarias, en busca de construir una mejor<br>sociedad, porque ustedes son la base de esta, sigan en ese camino de lucha,<br>sigamos trabajando en equipo y con apertura, para poder entendernos y contin\u00faen<br>siendo una fuente de inspiraci\u00f3n para otras personas\u201d, coment\u00f3.<\/p>\n\n\n\n<p>Por su parte, la titular de la Fiscal\u00eda de las Mujeres, Katy Salinas P\u00e9rez, dijo que,<br>aunque se tienen que cambiar muchas cosas, se ha ido avanzando en el tema bajo<br>la administraci\u00f3n del rector Octavio Pimentel y, se\u00f1al\u00f3 que una de las maneras de<br>prevenir la violencia, es reconociendo los grandes pasos, avances y trayectoria de<br>las mujeres, ya que esto las empodera.<\/p>\n\n\n\n<p>\u201cHoy se reconoce a grandes mujeres y sepan que en la Fiscal\u00eda de las Mujeres<br>siempre estamos para ustedes, tienen una mano amiga universitaria, y esto es parte<br>del trabajo que ha venido impulsando el gobernador del estado, Manolo Jim\u00e9nez<br>Salinas\u201d, dijo.<\/p>\n\n\n\n<p>Mientras que, la coordinadora de Igualdad de G\u00e9nero y representante del IIDIMU,<br>Lorena Argentina Medina Bocanegra, se\u00f1al\u00f3 que desde el primer d\u00eda de gesti\u00f3n del<br>rector Octavio Pimentel Mart\u00ednez se hicieron grandes cambios en beneficio de las<br>mujeres, como la implementaci\u00f3n de la 3 de 3 contra la violencia de g\u00e9nero, darle<br>rango de dependencia al Tribunal Universitario y el registro universitario de personas<br>que han ejercido violencia, siendo la primera Universidad que lo hace.<\/p>\n\n\n\n<p>Enfatiz\u00f3 que se continuar\u00e1 trabajando de manera comprometida, porque el camino<br>es largo, pero que con la uni\u00f3n de voluntades se tendr\u00e1n grandes avances, al tiempo<br>que felicit\u00f3 a las ganadoras por hacerse acreedoras de este reconocimiento que es<br>muestra de su empoderamiento.<\/p>\n\n\n\n<p>De la Unidad Saltillo recibieron reconocimiento de la Coordinaci\u00f3n de Comunicaci\u00f3n<br>y Relaciones P\u00fablicas, Fermina Guadalupe Valadez Rodr\u00edguez; del Instituto de<br>Ciencias y Humanidades \u201cLic. Salvador Gonz\u00e1lez Lobo\u201d, Andrea Flores Sierra,<br>Patricia Valeria Escobedo Garc\u00eda y Areli Gonz\u00e1lez Cort\u00e9s; de la Facultad de<br>Ingenier\u00eda, Melissa Olivo Hern\u00e1ndez, Fabiola Guadalupe Guerrero Almaguer, Palmira<br>Natzyeli Garc\u00eda Amador y Leticia Udave Rodr\u00edguez.<\/p>\n\n\n\n<p>De la Facultad de Ciencias Qu\u00edmicas, Mayela Govea Salas; Centro de Investigaci\u00f3n<br>e Innovaci\u00f3n Cient\u00edfica y Tecnol\u00f3gica (CIICYT), Norma Paola Mel\u00e9ndez Renter\u00eda;<br>Facultad de Ciencias, Educaci\u00f3n y Humanidades, Marcela Guzm\u00e1n Acosta, Luz<br>Gabriela Gonz\u00e1lez Vega y Rebeca Cardoza Guzm\u00e1n; Academia Interamericana de<br>Derechos Humanos, Adriana Garza Gonz\u00e1lez, Daniela Alejandra Ram\u00edrez Cort\u00e9s,<br>Mar\u00eda Guadalupe Imormino De Haro y Libertad Victoria L\u00f3pez Gonz\u00e1lez.<\/p>\n\n\n\n<p>Facultad de Mercadotecnia, Angela Daniela Becerra Reyes y Juana Alicia Villarreal<br>Cavazos; Facultad de Enfermer\u00eda &#8220;Dr. Santiago Vald\u00e9s Galindo\u201d, Daria Lizbeth<br>Gayt\u00e1n Cura, Karina Vianney Rojas Alvarado, Dafne Astid G\u00f3mez Melasio y Maribel<br>Ram\u00edrez V\u00e1zquez; Centro de Investigaciones Socioecon\u00f3micas, Hada Melissa S\u00e1enz<br>Vela; Facultad de Ciencias de la Administraci\u00f3n, Katya Lluvianith Serna Esquivel,<br>Hilda Beatriz Parra Cuellar, Osiris Mar\u00eda Echeverr\u00eda R\u00edos y Martha Oviedo Torres.<\/p>\n\n\n\n<p>Del Centro de Investigaci\u00f3n en Matem\u00e1ticas Aplicadas (CIMA), Irma Delia Garc\u00eda<br>Calvillo; Instituto \u201cMiguel \u00c1ngel Rodr\u00edguez Calder\u00f3n\u201d, \u00c1ngela Camila V\u00e1zquez<br>Medina; Facultad de Ciencias F\u00edsico Matem\u00e1ticas, Ver\u00f3nica Mu\u00f1iz Horta y Beatriz<br>Adriana Mart\u00ednez Irivas; Escuela Superior de M\u00fasica, Nora Elizabeth Garc\u00eda<br>Escobedo y Karen Atenas Garc\u00eda Garc\u00eda.<\/p>\n\n\n\n<p>Escuela de Bachilleres \u201cJuan Agust\u00edn de Espinoza\u201d, Al\u00eda Mar\u00eda Ibarra Enr\u00edquez,<br>Martha Delfina Vallejo Salas y Lidia Yanet Cort\u00e9s Pi\u00f1\u00f3n; Escuela de Bachilleres &#8220;Dr.<br>Mariano Narv\u00e1ez Gonz\u00e1lez\u201d, Sof\u00eda Isabel Villarreal Castellanos y Patricia Mart\u00ednez<br>Mart\u00ednez y de la Facultad de Psicolog\u00eda, Jimena Jackeline Alvarado Anzures y<br>Blenda Guadalupe Casta\u00f1uela S\u00e1nchez.<\/p>\n\n\n\n<p>De la Unidad Torre\u00f3n: Facultad de Odontolog\u00eda, Roc\u00edo Cornejo Gonz\u00e1lez, Rosvin<br>Yareli Fern\u00e1ndez Ram\u00edrez, Dora Mar\u00eda L\u00f3pez Trujillo y Laura Ivonne Hurtado<br>Grijalva; Facultad de Medicina, Am\u00e9rica Marisol Medina Andr\u00e9s y Brenda Sarah\u00ed<br>Molina Ram\u00edrez; Facultad de Ingenier\u00eda Civil, Danna Itzel Romero Garibay, Ver\u00f3nica<br>Valenzuela Rocha y Ariana Celeste Quistian F\u00e9lix; Facultad de Administraci\u00f3n Fiscal<br>y Financiera, Mar\u00eda Isabel Leal Gonz\u00e1lez.<\/p>\n\n\n\n<p>Centro de Investigaci\u00f3n Biom\u00e9dica, Irais Castillo Maldonado; Facultad de Ingenier\u00eda<br>Civil, Danna Itzel Romero Garibay, Ver\u00f3nica Valenzuela Rocha y Ariana Celeste<br>Quistian F\u00e9lix; Facultad de Ciencias Pol\u00edticas y Sociales, Luisa Fernanda Ramos<br>Flores, Judith Escand\u00f3n Ju\u00e1rez, Rita Alicia Ram\u00edrez S\u00e1nchez y Evangelina<br>Hern\u00e1ndez Lira; Facultad de Ciencias Biol\u00f3gicas, Krishla Yarazet Cortes Meraz,<br>Celeste Fidencia Gracia Rodr\u00edguez y Jazel Dom\u00e9nica Sosa Mart\u00ednez.<\/p>\n\n\n\n<p>Facultad de Administraci\u00f3n Fiscal y Financiera, Mar\u00eda Isabel Leal Gonz\u00e1lez; Escuela<br>de Bachilleres \u201cVenustiano Carranza\u201d, Katy Sirenia del Refugio Molina Mazuca y Luz<br>Argelia Moran Morones; Facultad de Econom\u00eda y Mercadotecnia, Frida Sof\u00eda<br>Dom\u00ednguez Arroyo; Instituto \u201cManuel Mu\u00f1oz Olivares\u201d, Mia Gisell Sierra Reyes, Rosa<br>Adriana Bueno Mart\u00ednez y Edna Yazm\u00edn Estrada Ayup.<\/p>\n\n\n\n<p>Facultad de Ingenier\u00eda Mec\u00e1nica y El\u00e9ctrica (FIME), Sofia Nohem\u00ed Falc\u00f3n Soria;<br>Facultad de Derecho, Fernanda Valeria Isais Sol\u00eds, Georgina Flores Mu\u00f1oz, Claudia<br>Contreras Barrios y Milagros L\u00f3pez Abularach; Escuela de Bachilleres Aguanueva<br>&#8220;Ing. An\u00edbal Flores Neyra&#8221;, F\u00e1tima Nahomi Santana Mart\u00ednez, Libier Cervantes<br>Viesca y Mar\u00eda Guadalupe Viesca Mart\u00ednez; Escuela de Ciencias de la Comunidad,<br>Blanca Ver\u00f3nica Calder\u00f3n Quiroz y Mar\u00eda del Carmen Flores Ram\u00edrez y de la<br>Facultad de Contadur\u00eda y Administraci\u00f3n, Estrella Solano Ju\u00e1rez, Ada Sonia Flores<br>Rinc\u00f3n, Maura Fraire D\u00edaz y Claudia Alcantar Romero.<\/p>\n\n\n\n<p>Mientras que, de la Unidad Norte las ganadoras son: Escuela de Ciencias de la<br>Salud, Diana Laura Arias Gonz\u00e1lez, Anah\u00ed Ruiz Lara y Mar\u00eda Teresa Chaires<br>Rodr\u00edguez; Escuela de Medicina, Angie Mitchell Cardona L\u00f3pez, Graciela Rosales<br>Soria e Irazema Ver\u00f3nica Borrego Esquivel; Facultad de Contadur\u00eda y<br>Administraci\u00f3n, Cecilia Berenice Barboza Pineda y Sandra Luna Valadez.<\/p>\n\n\n\n<p>Instituto \u201cMar\u00eda del Socorro Villarreal Dom\u00ednguez\u201d, Luisa Guadalupe Luevano Grano;<br>Facultad de Ingenier\u00eda Mec\u00e1nica y El\u00e9ctrica, Mara Ram\u00edrez Saucedo; Escuela de<br>Bachilleres &#8220;Prof. Ladislao Far\u00edas Campos&#8221;, Haytanna Regina Campos Morales y<br>Facultad de Metalurgia, Itzel Jackeline Meyer Gonz\u00e1lez y Aim\u00e9 Joselyn Garc\u00eda Lugo.<\/p>\n","protected":false},"excerpt":{"rendered":"<p>ARTEAGA, Coahuila. 28 de marzo de 2025. La Universidad Aut\u00f3noma de Coahuila atrav\u00e9s del Instituto de Investigaci\u00f3n para el Desarrollo Integral de la MujerUniversitaria (IIDIMU), galardon\u00f3 a 92 estudiantes, maestras y trabajadorasadministrativas o manuales con el Reconocimientos a la Mujer Universitaria 2024-2025. Con este premio se reconoce a las mujeres universitarias cuya trayectoria yaportaciones a la ciencia, la academia y a la sociedad con enfoque de perspectiva deg\u00e9nero se distingan&#8230;<\/p>\n","protected":false},"author":1,"featured_media":25363,"comment_status":"closed","ping_status":"","sticky":false,"template":"","format":"standard","meta":{"footnotes":""},"categories":[2],"tags":[],"class_list":["post-25362","post","type-post","status-publish","format-standard","has-post-thumbnail","hentry","category-uadec","wpcat-2-id"],"_links":{"self":[{"href":"https:\/\/www.aquilaguna.com\/index.php\/wp-json\/wp\/v2\/posts\/25362","targetHints":{"allow":["GET"]}}],"collection":[{"href":"https:\/\/www.aquilaguna.com\/index.php\/wp-json\/wp\/v2\/posts"}],"about":[{"href":"https:\/\/www.aquilaguna.com\/index.php\/wp-json\/wp\/v2\/types\/post"}],"author":[{"embeddable":true,"href":"https:\/\/www.aquilaguna.com\/index.php\/wp-json\/wp\/v2\/users\/1"}],"replies":[{"embeddable":true,"href":"https:\/\/www.aquilaguna.com\/index.php\/wp-json\/wp\/v2\/comments?post=25362"}],"version-history":[{"count":1,"href":"https:\/\/www.aquilaguna.com\/index.php\/wp-json\/wp\/v2\/posts\/25362\/revisions"}],"predecessor-version":[{"id":25364,"href":"https:\/\/www.aquilaguna.com\/index.php\/wp-json\/wp\/v2\/posts\/25362\/revisions\/25364"}],"wp:featuredmedia":[{"embeddable":true,"href":"https:\/\/www.aquilaguna.com\/index.php\/wp-json\/wp\/v2\/media\/25363"}],"wp:attachment":[{"href":"https:\/\/www.aquilaguna.com\/index.php\/wp-json\/wp\/v2\/media?parent=25362"}],"wp:term":[{"taxonomy":"category","embeddable":true,"href":"https:\/\/www.aquilaguna.com\/index.php\/wp-json\/wp\/v2\/categories?post=25362"},{"taxonomy":"post_tag","embeddable":true,"href":"https:\/\/www.aquilaguna.com\/index.php\/wp-json\/wp\/v2\/tags?post=25362"}],"curies":[{"name":"wp","href":"https:\/\/api.w.org\/{rel}","templated":true}]}}