{"id":25365,"date":"2025-03-28T20:00:26","date_gmt":"2025-03-29T02:00:26","guid":{"rendered":"https:\/\/www.aquilaguna.com\/?p=25365"},"modified":"2025-03-28T20:00:26","modified_gmt":"2025-03-29T02:00:26","slug":"realizan-en-la-uadec-unidad-laguna-el-foro-demencia-en-mexico-el-reto-que-no-podemos-ignorar","status":"publish","type":"post","link":"https:\/\/www.aquilaguna.com\/index.php\/2025\/03\/28\/realizan-en-la-uadec-unidad-laguna-el-foro-demencia-en-mexico-el-reto-que-no-podemos-ignorar\/","title":{"rendered":"Realizan en la UAdeC Unidad Laguna el Foro: &#8220;Demencia en M\u00e9xico: El Reto que no Podemos Ignorar&#8221;."},"content":{"rendered":"\n<p>TORRE\u00d3N, Coahuila. 28 de marzo de 2025. La Universidad Aut\u00f3noma de Coahuila<br>a trav\u00e9s de la Facultad de Medicina, la Facultad de Enfermer\u00eda, la Escuela de<br>Psicolog\u00eda y la Escuela de Ciencias de la Comunidad, en coordinaci\u00f3n con el<br>Departamento de Difusi\u00f3n Cultural de la Unidad Laguna y la compa\u00f1\u00eda de Teatro<br>\u201cTractor Rojo\u201d, realizaron el Foro: &#8220;Demencia en M\u00e9xico: El Reto que no Podemos<br>Ignorar&#8221;.<\/p>\n\n\n\n<p>El Foro Demencia en M\u00e9xico: El Reto que no Podemos Ignorar&#8221;, se llev\u00f3 a cabo con<br>el objetivo de sensibilizar, informar y promover la investigaci\u00f3n sobre esta condici\u00f3n<br>que afecta a millones de personas y sus familias, ya que por cada mil personas<br>mayores de sesenta a\u00f1os se presentan siete casos de Alzheimer, mientras que el<br>promedio de vida de los pacientes es de quince a veinte a\u00f1os, depende del momento<br>en que se realice la detecci\u00f3n y de las condiciones econ\u00f3micas y culturales de la<br>familia cuidadora.<\/p>\n\n\n\n<p>En el Auditorio de la Facultad de Medicina UL, estuvieron presentes la coordinadora<br>de Unidad Laguna, Sandra L\u00f3pez Chavarr\u00eda, el director de la Facultad de Medicina,<br>Daniel Campos Torres, la directora de la Facultad de Enfermer\u00eda, Irma Andrade<br>Valles, la directora de la Escuela de Ciencias de la Comunidad, Gabriela Perales<br>Garc\u00eda, el director general de la compa\u00f1\u00eda de teatro \u201cTractor Rojo\u201d, Alejandro<br>Arra\u00f1aga, la jefa del Departamento de Difusi\u00f3n Cultural, Arcelia Ayup Silevetti,<br>docentes y comunidad estudiantil.<\/p>\n\n\n\n<p>En su mensaje la coordinadora de Unidad Laguna, Sandra L\u00f3pez Chavarr\u00eda, se\u00f1al\u00f3<br>que es clave la formaci\u00f3n de nuevas generaciones en el \u00e1mbito de la salud para<br>enfrentar este reto, \u201cEste foro tiene un prop\u00f3sito doble, brindar conocimiento y<br>generar conciencia sobre la urgencia de fortalecer la investigaci\u00f3n en este campo\u201d.<\/p>\n\n\n\n<p>Tambi\u00e9n agradeci\u00f3 a la compa\u00f1\u00eda de Teatro \u201cTractor Rojo\u201d, por las facilidades y la<br>promoci\u00f3n para llevar a cabo el foro, adem\u00e1s por su compromiso con el desarrollo de<br>proyectos culturales con enfoque social, por impulsar esta iniciativa y acercar a las y<br>los asistentes a una realidad que no se debe ignorar.<\/p>\n\n\n\n<p>En el foro Demencia en M\u00e9xico, se cont\u00f3 con la participaci\u00f3n de la Dra. Paulina Ruiz<br>Castillo, quien es m\u00e9dico geriatra con alta especializaci\u00f3n en demencias, formada en<br>el Instituto Nacional de Neurolog\u00eda y Neurocirug\u00eda y en la Universidad de California<br>en San Francisco (UCSF), posee certificaciones en estimulaci\u00f3n cognitiva para<br>personas con demencia por la Universidad de Sevilla, en Espa\u00f1a, y en el m\u00e9todo<br>Montessori para su cuidado.<\/p>\n\n\n\n<p>A lo largo de su trayectoria, ha liderado diversas iniciativas de educaci\u00f3n y<br>concienciaci\u00f3n sobre las demencias, entre ellas Dementia Friends, donde funge<br>como representante estatal, su trabajo se ha enfocado en promover una mayor<br>comprensi\u00f3n de la enfermedad, reducir el estigma y mejorar la calidad de vida de los<br>adultos mayores a trav\u00e9s de un enfoque integral y especializado.<\/p>\n\n\n\n<p>A trav\u00e9s de su conferencia, dio a conocer cifras sobre la demencia y el Alzheimer, ya<br>que manifest\u00f3 que la demencia es la principal causa de discapacidad y dependencia<br>en adultos mayores en Am\u00e9rica Latina y que la planeaci\u00f3n y la provisi\u00f3n de servicios<br>adecuados para el grupo de adultos mayores y para el grupo de personas con<br>demencia es de suma importancia, porque no es una enfermedad exclusiva de los<br>adultos mayores, es una enfermedad que puede afectar a personas desde los 40<br>a\u00f1os.<\/p>\n\n\n\n<p>Tambi\u00e9n se cont\u00f3 con la participaci\u00f3n de la Dra. Blanca In\u00e9s Mart\u00ednez de Alba, quien<br>es cirujano dentista por la Facultad de Odontolog\u00eda de la UAdeC, ha sido profesora<br>de la asignatura de Periodoncia, actualmente est\u00e1 al frente del departamento de<br>Planeaci\u00f3n y Administraci\u00f3n de Educaci\u00f3n de la Facultad de Odontolog\u00eda de la UL y<br>es fundadora de la Asociaci\u00f3n Civil Centro de Alzheimer de La Laguna, la cual<br>preside desde hace veinte a\u00f1os y actualmente es presidenta del Consejo Directivo<br>de dicha asociaci\u00f3n.<\/p>\n\n\n\n<p>Habl\u00f3 sobre la labor que desarrolla la Asociaci\u00f3n Civil Centro de Alzheimer de La<br>Laguna, tambi\u00e9n sobre los desaf\u00edos que enfrentan las personas cuidadoras, ya que<br>por lo general tienen un sentimiento de culpa, con el que cargan durante la<br>enfermedad de sus seres queridos.<\/p>\n","protected":false},"excerpt":{"rendered":"<p>TORRE\u00d3N, Coahuila. 28 de marzo de 2025. La Universidad Aut\u00f3noma de Coahuilaa trav\u00e9s de la Facultad de Medicina, la Facultad de Enfermer\u00eda, la Escuela dePsicolog\u00eda y la Escuela de Ciencias de la Comunidad, en coordinaci\u00f3n con elDepartamento de Difusi\u00f3n Cultural de la Unidad Laguna y la compa\u00f1\u00eda de Teatro\u201cTractor Rojo\u201d, realizaron el Foro: &#8220;Demencia en M\u00e9xico: El Reto que no PodemosIgnorar&#8221;. El Foro Demencia en M\u00e9xico: El Reto que no&#8230;<\/p>\n","protected":false},"author":1,"featured_media":25366,"comment_status":"closed","ping_status":"","sticky":false,"template":"","format":"standard","meta":{"footnotes":""},"categories":[7,2],"tags":[],"class_list":["post-25365","post","type-post","status-publish","format-standard","has-post-thumbnail","hentry","category-torreon","category-uadec","wpcat-7-id","wpcat-2-id"],"_links":{"self":[{"href":"https:\/\/www.aquilaguna.com\/index.php\/wp-json\/wp\/v2\/posts\/25365","targetHints":{"allow":["GET"]}}],"collection":[{"href":"https:\/\/www.aquilaguna.com\/index.php\/wp-json\/wp\/v2\/posts"}],"about":[{"href":"https:\/\/www.aquilaguna.com\/index.php\/wp-json\/wp\/v2\/types\/post"}],"author":[{"embeddable":true,"href":"https:\/\/www.aquilaguna.com\/index.php\/wp-json\/wp\/v2\/users\/1"}],"replies":[{"embeddable":true,"href":"https:\/\/www.aquilaguna.com\/index.php\/wp-json\/wp\/v2\/comments?post=25365"}],"version-history":[{"count":1,"href":"https:\/\/www.aquilaguna.com\/index.php\/wp-json\/wp\/v2\/posts\/25365\/revisions"}],"predecessor-version":[{"id":25367,"href":"https:\/\/www.aquilaguna.com\/index.php\/wp-json\/wp\/v2\/posts\/25365\/revisions\/25367"}],"wp:featuredmedia":[{"embeddable":true,"href":"https:\/\/www.aquilaguna.com\/index.php\/wp-json\/wp\/v2\/media\/25366"}],"wp:attachment":[{"href":"https:\/\/www.aquilaguna.com\/index.php\/wp-json\/wp\/v2\/media?parent=25365"}],"wp:term":[{"taxonomy":"category","embeddable":true,"href":"https:\/\/www.aquilaguna.com\/index.php\/wp-json\/wp\/v2\/categories?post=25365"},{"taxonomy":"post_tag","embeddable":true,"href":"https:\/\/www.aquilaguna.com\/index.php\/wp-json\/wp\/v2\/tags?post=25365"}],"curies":[{"name":"wp","href":"https:\/\/api.w.org\/{rel}","templated":true}]}}