{"id":25374,"date":"2025-03-28T20:18:06","date_gmt":"2025-03-29T02:18:06","guid":{"rendered":"https:\/\/www.aquilaguna.com\/?p=25374"},"modified":"2025-03-28T20:18:06","modified_gmt":"2025-03-29T02:18:06","slug":"por-el-momento-coahuila-salva-imposicion-de-aranceles","status":"publish","type":"post","link":"https:\/\/www.aquilaguna.com\/index.php\/2025\/03\/28\/por-el-momento-coahuila-salva-imposicion-de-aranceles\/","title":{"rendered":"Por el momento Coahuila salva imposici\u00f3n de aranceles."},"content":{"rendered":"\n<p>Torre\u00f3n, Coahuila.- Coahuila &#8220;salva&#8221; por ahora, las duras condiciones que\u00a0 la imposici\u00f3n de aranceles\u00a0 genera sobre la industria automotriz, uno de los ejes, sino el m\u00e1s\u00a0 importante en la actividad econ\u00f3mica \u00a0 estatal, ubicado en la regi\u00f3n sureste ajustados aun a las reglas vigentes del Tratado de Libre Comercio, estima el Secretario de Gobierno, Licenciado Oscar Pimentel Gonz\u00e1lez.<\/p>\n\n\n\n<p>En tanto que en el \u00e1mbito pol\u00edtico, estima tambi\u00e9n que, &#8220;la presi\u00f3n seguir\u00e1,\u00a0con los temas de delincuencia organizada y narcotr\u00e1fico, si bien ambos son temas de la competencia del Gobierno Federal&#8221;.\u00a0\u00a0<\/p>\n\n\n\n<p>Abordado sobre el tema que implica la mayor atenci\u00f3n y hasta preocupaci\u00f3n\u00a0 en uno de los sectores de mayor dinamismo en la econom\u00eda estatal, el que se genera en la industria automotriz concentrada en la zona sureste del Estado, el funcionario expres\u00f3 que ya se ha estado analizando el tema entre los\u00a0 empresarios que tienen que con ello, con el Gobernador del Estado, y con con la Secretar\u00eda de\u00a0 Desarrollo Econ\u00f3mico.<\/p>\n\n\n\n<p>En esto lo que se ha visto, expres\u00f3, &#8220;las reglas de orden de Tratado de Libre Comercio \u00a0 va a implicar que no tengamos un impacto\u00a0 como el que se podr\u00eda\u00a0 esperar, tan grave, porque nuestras exportaciones cumplen\u00a0 el grado de integraci\u00f3n\u00a0 nacional\u00a0 que exigen el Tratado de Libre Comercio y que no ser\u00e1n afectados por estos aranceles&#8221;.<\/p>\n\n\n\n<p>As\u00ed que dijo,\u00a0 &#8220;de alg\u00fan modo hemos evadido\u00a0 en lo fundamental lo que podr\u00eda ser un efecto grave, sobre la econom\u00eda de Coahuila, siempre y cuando&#8221;, advierte, &#8220;se respeten las reglas del Tratado de Libre Comercio&#8221;.\u00a0<\/p>\n\n\n\n<p>Desech\u00f3\u00a0 argumento alguno en torno a que no se presente finalmente el respeto al Tratado citado, y\u00a0 el Presidente\u00a0 Trump\u00a0 no \u00a0 imponga unilateralmente\u00a0 sus condiciones como parece ser hasta ahora, a lo que expreso el Secretario\u00a0 de Gobierno que, &#8220;bueno, \u00a0 se\u00a0 tiene que hacer un esfuerzo, como parece ser hasta ahora\u00a0 para continuar trabajando como lo hemos hecho. Coahuila es uno de los principales\u00a0 Estados exportadores\u00a0 a Estados Unidos&#8221;.\u00a0<\/p>\n\n\n\n<p>En\u00a0relaci\u00f3n a otros impactos, en especial en el \u00e1mbito laboral\u00a0 expres\u00f3 que\u00a0 hay que revisar puntualmente cu\u00e1les podr\u00edan ser las afectaciones, por industria y ver que mecanismos compensatorios se pueden generar, &#8220;pero afortunadamente la libramos de lo que pudo\u00a0 haber sido una situaci\u00f3n muy grave,\u00a0 y no se da, gracias a que nos acogemos al Tratado de Libre Comercio&#8221;.\u00a0\u00a0<\/p>\n\n\n\n<p>Fincadas pues las expectativas\u00a0 hasta hoy en las reglas escritas en el T-MEC y con una\u00a0 cercana revisi\u00f3n del mismo, dijo que, &#8220;habr\u00eda que revisarlo, pensando que\u00a0 no tengamos los aranceles, que se plantean de manera indiscriminada&#8221;.<\/p>\n\n\n\n<p>Hay algunos, agreg\u00f3, &#8220;que podr\u00edan tener validez como aquellos que se\u00f1alan que se pueden aplicar a autopartes que se producen en Europa o en China, en este caso, creo que la parte, la regi\u00f3n oriental\u00a0 y Europa van a ser las mas afectadas&#8221;.<\/p>\n\n\n\n<p>Preguntado de\u00a0 los impactos sobre la econom\u00eda de la comarca lagunera, e industrias que participan en la cadena\u00a0 productiva del autom\u00f3vil, expres\u00f3 que en efecto, \u00a0&#8220;la comarca y el sureste de Coahuila tienen mucho que ver con la elaboraci\u00f3n de autopartes, pero que mientras que se produzcan en la regi\u00f3n de Norteam\u00e9rica que involucran\u00a0el T-MEC no se aplicar\u00e1n de esa manera tales aranceles&#8221;.<\/p>\n\n\n\n<p>El problema,\u00a0 expres\u00f3,\u00a0 &#8220;es que para las autopartes\u00a0 que se puedan importar\u00a0 y que se incorporen a la fabricaci\u00f3n de autom\u00f3viles. Ah\u00ed se pueden aplicar los aranceles&#8221;.<\/p>\n\n\n\n<p>Finalmente\u00a0 estim\u00f3 que, &#8220;en lo general creo que vamos a poder sortear con \u00e9xito esta situaci\u00f3n de la pol\u00edtica econ\u00f3mica de Estados Unidos, pero sin descartar que haya afectaciones que abarquen, y que hay que revisar puntualmente&#8221;.\u00a0<\/p>\n\n\n\n<p>En el \u00e1mbito pol\u00edtico, el impacto \u00a0consider\u00f3, &#8220;ya lo hemos visto, estamos\u00a0 sujetos a un presi\u00f3n importante que finalmente le toca al Gobierno Federal establecer mecanismos de colaboraci\u00f3n, de comunicaci\u00f3n, de di\u00e1logo para que se se puedan ir solventando&#8221;.<\/p>\n\n\n\n<p>Esta acusaci\u00f3n, agreg\u00f3, &#8220;renacer\u00e1 con el tema de la delincuencia organizada y el narcotr\u00e1fico, pues son situaciones muy graves que se se deben esclarecer&#8221;.<\/p>\n","protected":false},"excerpt":{"rendered":"<p>Torre\u00f3n, Coahuila.- Coahuila &#8220;salva&#8221; por ahora, las duras condiciones que\u00a0 la imposici\u00f3n de aranceles\u00a0 genera sobre la industria automotriz, uno de los ejes, sino el m\u00e1s\u00a0 importante en la actividad econ\u00f3mica \u00a0 estatal, ubicado en la regi\u00f3n sureste ajustados aun a las reglas vigentes del Tratado de Libre Comercio, estima el Secretario de Gobierno, Licenciado Oscar Pimentel Gonz\u00e1lez. En tanto que en el \u00e1mbito pol\u00edtico, estima tambi\u00e9n que, &#8220;la presi\u00f3n&#8230;<\/p>\n","protected":false},"author":2,"featured_media":0,"comment_status":"closed","ping_status":"","sticky":false,"template":"","format":"standard","meta":{"footnotes":""},"categories":[5,29,15],"tags":[],"class_list":["post-25374","post","type-post","status-publish","format-standard","hentry","category-coahuila","category-economia","category-gobierno-de-coahuila","wpcat-5-id","wpcat-29-id","wpcat-15-id"],"_links":{"self":[{"href":"https:\/\/www.aquilaguna.com\/index.php\/wp-json\/wp\/v2\/posts\/25374","targetHints":{"allow":["GET"]}}],"collection":[{"href":"https:\/\/www.aquilaguna.com\/index.php\/wp-json\/wp\/v2\/posts"}],"about":[{"href":"https:\/\/www.aquilaguna.com\/index.php\/wp-json\/wp\/v2\/types\/post"}],"author":[{"embeddable":true,"href":"https:\/\/www.aquilaguna.com\/index.php\/wp-json\/wp\/v2\/users\/2"}],"replies":[{"embeddable":true,"href":"https:\/\/www.aquilaguna.com\/index.php\/wp-json\/wp\/v2\/comments?post=25374"}],"version-history":[{"count":1,"href":"https:\/\/www.aquilaguna.com\/index.php\/wp-json\/wp\/v2\/posts\/25374\/revisions"}],"predecessor-version":[{"id":25375,"href":"https:\/\/www.aquilaguna.com\/index.php\/wp-json\/wp\/v2\/posts\/25374\/revisions\/25375"}],"wp:attachment":[{"href":"https:\/\/www.aquilaguna.com\/index.php\/wp-json\/wp\/v2\/media?parent=25374"}],"wp:term":[{"taxonomy":"category","embeddable":true,"href":"https:\/\/www.aquilaguna.com\/index.php\/wp-json\/wp\/v2\/categories?post=25374"},{"taxonomy":"post_tag","embeddable":true,"href":"https:\/\/www.aquilaguna.com\/index.php\/wp-json\/wp\/v2\/tags?post=25374"}],"curies":[{"name":"wp","href":"https:\/\/api.w.org\/{rel}","templated":true}]}}