{"id":25389,"date":"2025-03-30T21:25:52","date_gmt":"2025-03-31T03:25:52","guid":{"rendered":"https:\/\/www.aquilaguna.com\/?p=25389"},"modified":"2025-03-30T21:25:52","modified_gmt":"2025-03-31T03:25:52","slug":"aqui-laguna-399","status":"publish","type":"post","link":"https:\/\/www.aquilaguna.com\/index.php\/2025\/03\/30\/aqui-laguna-399\/","title":{"rendered":"Aqu\u00ed Laguna."},"content":{"rendered":"\n<p>\u00a12\u00a0 de abril! \u00a0 Fecha para recordar en la historia de nuestro pa\u00eds, y no precisamente por\u00a0 que en tal fecha\u00a0 los mexicanos venimos conmemorando desde hace ya algunos ayeres,\u00a0867\u00a0 con la Toma\u00a0 de\u00a0 Puebla para ser precisos, cuando las fuerzas republicanas, que comandaba\u00a0 el\u00a0 aun entonces h\u00e9roe nacional Porfirio Diaz, derrotando\u00a0 a las fuerzas\u00a0 del ej\u00e9rcito franc\u00e9s y sus aliados, que formaban parte de las filas de II Imperio,\u00a0 pero sin duda\u00a0 este a\u00f1o\u00a0 lo ser\u00e1 m\u00e1s, de\u00a0 formalizarse \u00a0 la ya anticipada y cumplida \u00a0 amenaza\u00a0 que Donald Trump lanzara\u00a0 sobre la econom\u00eda mexicana,\u00a0 y en fiel cumplimiento\u00a0 de lo por\u00a0\u00e9l ofrecido\u00a0 a sus electores\u00a0 en\u00a0 su campa\u00f1a\u00a0 electoral. Tal 2 de abril en puerta\u00a0 quiz\u00e1s\u00a0 se est\u00e9n conociendo -sino es que\u00a0 antes-, los contenidos de los &#8220;aranceles rec\u00edprocos&#8221; con los que Donald Trump\u00a0 extender\u00e1\u00a0 los que\u00a0 ya se conocen\u00a0 sobre aluminio y acero, as\u00ed como sobre la exportaci\u00f3n de autom\u00f3viles\u00a0 mantendr\u00e1 vigente y de manera unipersonal\u00a0 el garrote\u00a0 del Imperio, con todo y reglas vigentes aun del T-MEC, o\u00a0 lo que de \u00e9ste reste,\u00a0 pues ya se ve\u00a0 que de poco o de nada sirvi\u00f3 la ilusionante\u00a0 y\u00a0 kalimanesca postura \u00a0 de &#8220;Serenidad y Paciencia&#8221; aderezada\u00a0 desde luego con el cumplimiento\u00a0 ipso facto de detallitos tales como colocar 10 mil\u00a0 elementos militares en la zona fronteriza y entregar, a\u00a0una macolla de\u00a0 cabecillas del narco, previamente, obviamente &#8220;extraditables&#8221;,\u00a0 que en este caso,\u00a0 estimada incluso como\u00a0 violatoria a sus Derechos Humanos\u00a0 y guste o no,\u00a0 tambi\u00e9n los tienen, amen de los derechos civiles y jur\u00eddicos \u00a0 y que ya estaban\u00a0 detenidos y sujetos\u00a0 a proceso o m\u00e1s aun, sentenciados en nuestro pa\u00eds, en expedita extradici\u00f3n.<\/p>\n\n\n\n<p>Tal &#8220;ofrenda&#8221; result\u00f3 in\u00fatil, dejando la percepci\u00f3n de que Do\u00f1a Claudia result\u00f3\u00a0 &#8220;enga\u00f1ada como un chino&#8221;\u00a0 y solo abre \u00a0 la posibilidad de que tal chantaje se\u00a0 siga aplicando  y una vez que los temas torales del inter\u00e9s del se\u00f1or Trump y sus halcones; inmigraci\u00f3n y narcotr\u00e1fic.<\/p>\n\n\n\n<p>Y en Coahuila,\u00a0 seg\u00fan estimaci\u00f3n del Secretario General de Gobierno, licenciado Oscar Pimentel Gonzalez \u00a0el factor de Unidad con el sector empresarial \u00a0 resulta ser por ahora\u00a0 uno de los elementos\u00a0 m\u00e1s importantes para que\u00a0 el Gobernador Manolo Jim\u00e9nez Salinas enfrente con posibilidades de \u00e9xito\u00a0 la complejidad del\u00a0 escenario econ\u00f3mico en puerta\u00a0 y de paso, los\u00a0 de orden social\u00a0 y pol\u00edtico que ello genere  en especial\u00a0 el ligado\u00a0 al\u00a0sector automotriz, que se anticipa, ser\u00e1 quien registre los mayor impactos no solo en lo que corresponde\u00a0 al n\u00famero de unidades que tienen como destino los enmarcados\u00a0 del vecino pa\u00eds del norte, sino\u00a0 las marcas y empresas que\u00a0luego de m\u00e1s de 30 a\u00f1os de integraci\u00f3n de sus cadenas productivas integran a los veh\u00edculos que construyen\u00a0 partes  que quedar\u00e1n sujetos a la imposici\u00f3n de los aranceles y que son muchos, de paso tal situaci\u00f3n alcanzar\u00e1 tambi\u00e9n a las empresas\u00a0 y proveedores de tal industria que aporta las autopartes\u00a0 de estas cadenas, y conforman el cl\u00faster automotriz de Coahuila, y que da empleo\u00a0 formal  bien pagado a miles de operarios\u00a0 no solo en la regi\u00f3n sureste, sino tambi\u00e9n por estas tierras laguneras, establecidas durante\u00a0 una m\u00e1s de las crisis\u00a0 que ha registrado la regi\u00f3n en b\u00fasqueda de nuevas vocaciones econ\u00f3micas y con ello laborales, ante el agotamiento y concentraci\u00f3n\u00a0 de la actividad agropecuaria y su industrializaci\u00f3n\u00a0 tras la extinci\u00f3n del ya \u00a0 m\u00edtico reino del algod\u00f3n.<\/p>\n\n\n\n<p>Pero en fin, las cosas buenas o las malas, llegan d\u00eda a dia y\u00a0 la resiliencia ser\u00e1 sin duda un factor que\u00a0 se deber\u00e1 mostrar\u00a0 para enfrentar los retos que este proceso de &#8220;nuevo orden&#8221; econ\u00f3mico\u00a0 global impuesto\u00a0 desde el extranjero y\u00a0 que\u00a0 se\u00a0 transitar\u00e1\u00a0 al igual que el resto del mundo. Por lo pronto\u00a0 queda para\u00a0 otro momento, la panacea que\u00a0 gestar\u00eda en Coahuila, la construcci\u00f3n de veh\u00edculos el\u00e9ctricos. Tiempos complejos pues, a la vista.<\/p>\n\n\n\n<p>Y\u00a0 ya en marcha\u00a0 el per\u00edodo fijado por la ley para que los aspirantes a alg\u00fan cargo del Poder Judicial realicen campa\u00f1as pol\u00edticas\u00a0 una vez que fueron inclu\u00eddos en los listados de aspirante a ocupar alguna magistratura\u00a0 -en la entidad alrededor de 53 aspirantes-, que podr\u00e1n desembolsar\u00a0 solo 500 mil pesos de su peculio, dicen, y eso,\u00a0 con solo aspavientos digitales, no m\u00e1s. <\/p>\n\n\n\n<p>Veremos\u00a0 en qu\u00e9 termina este experimento de democracia judicial, que cual saldo del paso de AMLO por el poder\u00a0 deja al pa\u00eds. De los enlistados\u00a0 solo\u00a0 el lagunero Miguel Mery Ayup hoy por hoy, hist\u00f3ricamente\u00a0 ultimo de\u00a0 los titulares del Poder Judicial y quien arrriba a dicho sitio, al igual que\u00a0 quienes lo antecedieron en tal cargo\u00a0 por designaci\u00f3n\u00a0 de quien pudo hacerlo en su momento, y diremos que \u00a0 es tambi\u00e9n\u00a0 uno de los pocos cuando no el \u00fanico de los aspirantes\u00a0 que cuenta con experiencia \u00a0 electoral \u00a0 partidista, pues ha hecho campa\u00f1as no solo como participante, sino como candidato,\u00a0recordando que en una\u00a0 la gan\u00f3 como miembro del cabildo que encabezara el Licenciado Eduardo Olmos Castro. Y en la que figur\u00f3 como Primer  Regidor, y otra, de triste\u00a0 recuerdo, que perdi\u00f3 como candidato\u00a0a alcalde, frente a Jorge Zerme\u00f1o. Ambas experiencias cuentan sin duda,\u00a0cuentan, sobre todo si se\u00a0 comparan, con\u00a0 la mayoria del resto de \u00a0 los aspirantes enlistados&#8230;<\/p>\n\n\n\n<p>La inercia\u00a0 econ\u00f3mica que\u00a0perdura\u00a0derivado del boom desarrollador que registra la actividad inmobiliaria\u00a0 en el sector norte de la ciudad, sin duda puede ayudar\u00a0 a\u00a0 alcanzar al\u00a0 este municipio de Torreon\u00a0ingresos propios que le permitan superar los retos que\u00a0 impondr\u00e1\u00a0 la que dicen ya es una recesi\u00f3n\u00a0 en marcha,\u00a0 pues se avizoran\u00a0 problemas en el sector laboral si\u00a0 los caprichitos de Trump alcanza al \u00e1rea de \u00a0 cables, arneses y\u00a0 dem\u00e1s accesorios que se elaboran en \u00a0 las maquilas de Torre\u00f3n con destino a las empresas de veh\u00edculos ubicadas\u00a0 no solo en Coahuila sino en otras entidades, y que segun se recuerda, abrieron para Torre\u00f3n una puerta a la inversi\u00f3n extranjera -Yura por ejemplo-,\u00a0 en los aciagos tiempos\u00a0 en que domin\u00f3 la violencia criminal en estas tierras,\u00a0 que hicieran de\u00a0 nuestra\u00a0 comarca, m\u00e1s\u00a0 que repelente para el capital extranjero\u00a0 por los conocidos motivos de la\u00a0 inseguridad \u00a0 que hoy superados, hacen posible de\u00a0 su\u00a0 atracci\u00f3n, pero \u00a0 ahora, Torre\u00f3n y sus administradores\u00a0 deber\u00e1n enfrentar\u00a0 otro reto; \u00a0 el de la falta de agua, que estar\u00e1 limitando sin duda su crecimiento.<\/p>\n\n\n\n<p>El tema, que trasciende a las autoridades locales, impone exigencias sobre el \u00e1mbito federal, pues ya vemos que \u00a0 el proyecto Agua Saludable para\u00a0la\u00a0Laguna, ah\u00ed est\u00e1, inconcluso y que se mantiene como mordaza para que\u00a0 las exigencias no escalen\u00a0 ante quien corresponda,\u00a0pues\u00a0es fecha, que no se conoce de la cancelaci\u00f3n de\u00a0 pozo de regad\u00edo alguno, de estos sobreexplotados\u00a0 o explotados ilegalmente por el sector agropecuario que los poseen de facto en su mayor\u00eda\u00a0 y por si fuera poco\u00a0 la Comisi\u00f3n Nacional del Agua envuelta en silencio &#8220;parcha a toda prisa&#8221; las rupturas de los canales de riego, en especial el de Sacramento, que con cinco, cinco a\u00f1os de no recibir mantenimiento, cambio de lozas afectadas, taponamientos y limpieza,\u00a0 pues a lo largo de seis a\u00f1os, se les cancel\u00f3 propuesto alguno para tal tarea, ocasionando notables p\u00e9rdida de el ya escaso l\u00edquido o bien contaminando las aguas\u00a0 destinadas la consumo de la poblaci\u00f3n, y\u00a0 no hay quien diga esta boca es m\u00eda, ni\u00a0 afectados,\u00a0ciudadanos comunes, menos aun &#8220;personajes pol\u00edticos&#8221;, todos ense\u00f1ando solo la cola,\u00a0 cual avestruces.<\/p>\n\n\n\n<p>Adem\u00e1s, ya se anuncia la presencia de &#8220;coyotes&#8221;\u00a0que pretenden alcanzar as\u00ed sea migajas -sobre todo pol\u00edticas-, de los 9 mil millones de pesos recientemente\u00a0 anunciados por la SADER\u00a0 y la\u00a0 CONAGUA,\u00a0 para ejercer a lo largo de la administraci\u00f3n\u00a0 federal destinados a realizar la tecnificaci\u00f3n de los sistemas de riego en la comarca&#8230;<\/p>\n","protected":false},"excerpt":{"rendered":"<p>\u00a12\u00a0 de abril! \u00a0 Fecha para recordar en la historia de nuestro pa\u00eds, y no precisamente por\u00a0 que en tal fecha\u00a0 los mexicanos venimos conmemorando desde hace ya algunos ayeres,\u00a0867\u00a0 con la Toma\u00a0 de\u00a0 Puebla para ser precisos, cuando las fuerzas republicanas, que comandaba\u00a0 el\u00a0 aun entonces h\u00e9roe nacional Porfirio Diaz, derrotando\u00a0 a las fuerzas\u00a0 del ej\u00e9rcito franc\u00e9s y sus aliados, que formaban parte de las filas de II Imperio,\u00a0&#8230;<\/p>\n","protected":false},"author":2,"featured_media":0,"comment_status":"closed","ping_status":"","sticky":false,"template":"","format":"standard","meta":{"footnotes":""},"categories":[8],"tags":[],"class_list":["post-25389","post","type-post","status-publish","format-standard","hentry","category-aqui-laguna","wpcat-8-id"],"_links":{"self":[{"href":"https:\/\/www.aquilaguna.com\/index.php\/wp-json\/wp\/v2\/posts\/25389","targetHints":{"allow":["GET"]}}],"collection":[{"href":"https:\/\/www.aquilaguna.com\/index.php\/wp-json\/wp\/v2\/posts"}],"about":[{"href":"https:\/\/www.aquilaguna.com\/index.php\/wp-json\/wp\/v2\/types\/post"}],"author":[{"embeddable":true,"href":"https:\/\/www.aquilaguna.com\/index.php\/wp-json\/wp\/v2\/users\/2"}],"replies":[{"embeddable":true,"href":"https:\/\/www.aquilaguna.com\/index.php\/wp-json\/wp\/v2\/comments?post=25389"}],"version-history":[{"count":1,"href":"https:\/\/www.aquilaguna.com\/index.php\/wp-json\/wp\/v2\/posts\/25389\/revisions"}],"predecessor-version":[{"id":25390,"href":"https:\/\/www.aquilaguna.com\/index.php\/wp-json\/wp\/v2\/posts\/25389\/revisions\/25390"}],"wp:attachment":[{"href":"https:\/\/www.aquilaguna.com\/index.php\/wp-json\/wp\/v2\/media?parent=25389"}],"wp:term":[{"taxonomy":"category","embeddable":true,"href":"https:\/\/www.aquilaguna.com\/index.php\/wp-json\/wp\/v2\/categories?post=25389"},{"taxonomy":"post_tag","embeddable":true,"href":"https:\/\/www.aquilaguna.com\/index.php\/wp-json\/wp\/v2\/tags?post=25389"}],"curies":[{"name":"wp","href":"https:\/\/api.w.org\/{rel}","templated":true}]}}