{"id":25409,"date":"2025-03-31T19:54:18","date_gmt":"2025-04-01T01:54:18","guid":{"rendered":"https:\/\/www.aquilaguna.com\/?p=25409"},"modified":"2025-03-31T19:54:18","modified_gmt":"2025-04-01T01:54:18","slug":"dona-gobierno-estatal-terreno-para-hospital-de-especialidades-del-imss","status":"publish","type":"post","link":"https:\/\/www.aquilaguna.com\/index.php\/2025\/03\/31\/dona-gobierno-estatal-terreno-para-hospital-de-especialidades-del-imss\/","title":{"rendered":"DONA GOBIERNO ESTATAL TERRENO PARA HOSPITAL DE ESPECIALIDADES DEL IMSS."},"content":{"rendered":"\n<p>\u00b7&nbsp;&nbsp;&nbsp;&nbsp;&nbsp;&nbsp;<strong><em>Concreta Manolo Jim\u00e9nez gesti\u00f3n para construir nuevo hospital del IMSS en Coahuila<\/em><\/strong><\/p>\n\n\n\n<p>Saltillo, Coahuila de Zaragoza; a 31 de marzo de 2025.- El gobernador Manolo Jim\u00e9nez Salinas junto a Javier D\u00edaz Gonz\u00e1lez, alcalde de Saltillo; Valeriano Ib\u00e1\u00f1ez de la Rosa, delegado del IMSS Coahuila; y el general Jes\u00fas Alejandro Adame Cabrera, Comandante de la VI Zona Militar, realizaron una visita de supervisi\u00f3n al predio en donde se construir\u00e1 el Hospital General Regional del IMSS en la capital coahuilense.<\/p>\n\n\n\n<p>&nbsp;Manolo Jim\u00e9nez record\u00f3 que desde el a\u00f1o pasado, en pl\u00e1ticas con la presidenta de M\u00e9xico, Claudia Sheinbaum, y con Zo\u00e9 Robledo, director general del IMSS, les coment\u00f3 que para fortalecer la salud de Coahuila era fundamental fortalecer al IMSS y seguir creciendo y ofreciendo m\u00e1s servicios.<\/p>\n\n\n\n<p>Lo anterior al mencionar que en Coahuila, alrededor del 80 por ciento de la poblaci\u00f3n se atiende en alguna de estas dos instituciones.<\/p>\n\n\n\n<p>El predio en donde se construir\u00e1 dicho hospital fue donado por el Gobierno Estatal y se ubica en terrenos del Centro Metropolitano \u201cLas Maravillas\u201d, en una superficie de 50 mil 241 metros cuadrados. Se espera que la construcci\u00f3n de la obra inicie el pr\u00f3ximo mes de junio. La poblaci\u00f3n beneficiada ser\u00e1 de 736 mil personas.<\/p>\n\n\n\n<p>\u201cAl fortalecer la capacidad del IMSS en Coahuila, se mejorar\u00e1 la atenci\u00f3n de sus derechohabientes, y se desahogar\u00e1 y mejorar\u00e1 la atenci\u00f3n en nuestros hospitales generales y cl\u00ednicas estatales\u201d, coment\u00f3.<\/p>\n\n\n\n<p>Manolo Jim\u00e9nez se\u00f1al\u00f3 que en coordinaci\u00f3n con la delegaci\u00f3n del IMSS en Coahuila, as\u00ed como con el Ej\u00e9rcito y la presidencia municipal, estar\u00e1n muy pendientes de la construcci\u00f3n de este hospital.<\/p>\n\n\n\n<p>Inform\u00f3 que el Municipio de Saltillo apoyar\u00e1 para realizar obras complementarias para esta zona.<\/p>\n\n\n\n<p>\u201cTrabajando en equipo los tres \u00f3rdenes de gobierno, la sociedad civil y la iniciativa privada, se logran concretar este tipo de acciones que son de gran beneficio para nuestra gente\u201d, abund\u00f3.<\/p>\n\n\n\n<p>Jim\u00e9nez Salinas destac\u00f3 que en otras partes del estado se est\u00e1n haciendo m\u00e1s acciones en materia de salud, con el gran programa de salud popular, en el cual dentro de unas semanas se estar\u00e1n arrancando e inaugurando m\u00e1s instalaciones para poder atender mejor a nuestra gente.<\/p>\n\n\n\n<p>El nuevo Hospital General Regional del IMSS en Saltillo contar\u00e1 con 260 camas, con una capacidad de atenci\u00f3n de 736 mil personas; con 34 especialidades, servicios de resonancia magn\u00e9tica, tom\u00f3grafo, rayos X, mast\u00f3grafo; lo atender\u00e1n dos mil 531 trabajadores y trabajadoras.<\/p>\n\n\n\n<p>A esta visita de supervisi\u00f3n asistieron, adem\u00e1s, Eliud Felipe Aguirre V\u00e1zquez, secretario de Salud; Gerardo Hern\u00e1ndez, jefe de Administraci\u00f3n del IMSS en Coahuila; Jorge Almaraz; jefe de Desarrollo de Personal del IMSS en Coahuila.<\/p>\n","protected":false},"excerpt":{"rendered":"<p>\u00b7&nbsp;&nbsp;&nbsp;&nbsp;&nbsp;&nbsp;Concreta Manolo Jim\u00e9nez gesti\u00f3n para construir nuevo hospital del IMSS en Coahuila Saltillo, Coahuila de Zaragoza; a 31 de marzo de 2025.- El gobernador Manolo Jim\u00e9nez Salinas junto a Javier D\u00edaz Gonz\u00e1lez, alcalde de Saltillo; Valeriano Ib\u00e1\u00f1ez de la Rosa, delegado del IMSS Coahuila; y el general Jes\u00fas Alejandro Adame Cabrera, Comandante de la VI Zona Militar, realizaron una visita de supervisi\u00f3n al predio en donde se construir\u00e1 el Hospital&#8230;<\/p>\n","protected":false},"author":1,"featured_media":25410,"comment_status":"closed","ping_status":"","sticky":false,"template":"","format":"standard","meta":{"footnotes":""},"categories":[5,15,14],"tags":[],"class_list":["post-25409","post","type-post","status-publish","format-standard","has-post-thumbnail","hentry","category-coahuila","category-gobierno-de-coahuila","category-salud","wpcat-5-id","wpcat-15-id","wpcat-14-id"],"_links":{"self":[{"href":"https:\/\/www.aquilaguna.com\/index.php\/wp-json\/wp\/v2\/posts\/25409","targetHints":{"allow":["GET"]}}],"collection":[{"href":"https:\/\/www.aquilaguna.com\/index.php\/wp-json\/wp\/v2\/posts"}],"about":[{"href":"https:\/\/www.aquilaguna.com\/index.php\/wp-json\/wp\/v2\/types\/post"}],"author":[{"embeddable":true,"href":"https:\/\/www.aquilaguna.com\/index.php\/wp-json\/wp\/v2\/users\/1"}],"replies":[{"embeddable":true,"href":"https:\/\/www.aquilaguna.com\/index.php\/wp-json\/wp\/v2\/comments?post=25409"}],"version-history":[{"count":1,"href":"https:\/\/www.aquilaguna.com\/index.php\/wp-json\/wp\/v2\/posts\/25409\/revisions"}],"predecessor-version":[{"id":25411,"href":"https:\/\/www.aquilaguna.com\/index.php\/wp-json\/wp\/v2\/posts\/25409\/revisions\/25411"}],"wp:featuredmedia":[{"embeddable":true,"href":"https:\/\/www.aquilaguna.com\/index.php\/wp-json\/wp\/v2\/media\/25410"}],"wp:attachment":[{"href":"https:\/\/www.aquilaguna.com\/index.php\/wp-json\/wp\/v2\/media?parent=25409"}],"wp:term":[{"taxonomy":"category","embeddable":true,"href":"https:\/\/www.aquilaguna.com\/index.php\/wp-json\/wp\/v2\/categories?post=25409"},{"taxonomy":"post_tag","embeddable":true,"href":"https:\/\/www.aquilaguna.com\/index.php\/wp-json\/wp\/v2\/tags?post=25409"}],"curies":[{"name":"wp","href":"https:\/\/api.w.org\/{rel}","templated":true}]}}