{"id":25412,"date":"2025-04-01T19:43:36","date_gmt":"2025-04-02T01:43:36","guid":{"rendered":"https:\/\/www.aquilaguna.com\/?p=25412"},"modified":"2025-04-01T19:43:36","modified_gmt":"2025-04-02T01:43:36","slug":"entrega-uadec-unidad-laguna-medalla-a-la-excelencia-y-reconocimiento-a-alumnos-destacados","status":"publish","type":"post","link":"https:\/\/www.aquilaguna.com\/index.php\/2025\/04\/01\/entrega-uadec-unidad-laguna-medalla-a-la-excelencia-y-reconocimiento-a-alumnos-destacados\/","title":{"rendered":"Entrega UAdeC Unidad Laguna Medalla a la Excelencia y Reconocimiento a Alumnos Destacados."},"content":{"rendered":"\n<p>TORRE\u00d3N, Coahuila. 1 de abril de 2025. La Universidad Aut\u00f3noma de Coahuila a<br>trav\u00e9s del Departamento de Asuntos Acad\u00e9micos de la Unidad Laguna, llev\u00f3 a cabo<br>su XXI Entrega de Reconocimientos en las categor\u00edas de Liderazgo, Deporte,<br>responsabilidad Social, Cultura y Alto Desempe\u00f1o Acad\u00e9mico, as\u00ed como la Medalla a<br>la Excelencia a las y los alumnos de las diversas escuelas, facultades e institutos de<br>UL.<\/p>\n\n\n\n<p>La ceremonia se llev\u00f3 a cabo en el Centro Cultural \u201cBraulio Fern\u00e1ndez Aguirre\u201d de<br>Ciudad Universitaria, con la presencia de la coordinadora de la Unidad Laguna,<br>Sandra L\u00f3pez Chavarr\u00eda, el secretario general de la Coordinaci\u00f3n, Israel Castillo<br>Hern\u00e1ndez, el jefe del Departamento de Asuntos Acad\u00e9micos, Jos\u00e9 \u00c1ngel Pineda<br>Castro, las y los galardonados, acompa\u00f1ados por sus familias.<\/p>\n\n\n\n<p>En su mensaje, la coordinadora Sandra L\u00f3pez Chavarr\u00eda, mencion\u00f3 que este d\u00eda la<br>m\u00e1xima casa de estudios reconoce el esfuerzo, la dedicaci\u00f3n y el compromiso de las<br>y los j\u00f3venes que han destacado por su brillante desempe\u00f1o acad\u00e9mico, y por su<br>liderazgo, compromiso social, destreza en el deporte y amor por la cultura.<\/p>\n\n\n\n<p>Agreg\u00f3 que cuando los estudiantes se embarcan en el viaje universitario, llenos de<br>sue\u00f1os y aspiraciones, se visualizan transformando el mundo con sus conocimientos<br>y habilidades, y en el camino se enfrentan a obst\u00e1culos y momentos dif\u00edciles, por ello<br>hoy se les reconoce a quienes han demostrado una valent\u00eda excepcional al enfrentar<br>estos desaf\u00edos con determinaci\u00f3n, perseverancia y un compromiso inquebrantable<br>consigo mismos.<\/p>\n\n\n\n<p>De los 285 alumnos que recibieron reconocimiento, 32 de ellos se hicieron<br>acreedores a la Medalla a la Excelencia: Li Xiao Jun de la Facultad de Econom\u00eda y<br>Mercadotecnia (FEM), Karla Yahaira J\u00e1quez G\u00f3mez y Diego Delgado D\u00e1vila de la<br>Facultad de Ingenier\u00eda y Mec\u00e1nica El\u00e9ctrica (FIME); Alejandrina L\u00f3pez Hern\u00e1ndez,<br>Ximena Cervantes Y\u00e1\u00f1ez, Jocelyne Ibarra \u00c1lvarez y Alberto Maldonado Salda\u00f1a de<br>la Facultad de Contadur\u00eda y Administraci\u00f3n (FCA); Ang\u00e9lica Gonz\u00e1lez Herrera de la<br>Escuela de Psicolog\u00eda.<\/p>\n\n\n\n<p>Tambi\u00e9n, Michelle Alexandra Hern\u00e1ndez Hern\u00e1ndez de la Escuela de Artes<br>Esc\u00e9nicas; Isabella Guadalupe Sustaita Gonz\u00e1lez de la Facultad de Ciencias<br>Biol\u00f3gicas; C\u00e9sar Eduardo Alvarado Bueno de la Facultad de Derecho, Britney<br>Hiromi Casta\u00f1eda Carre\u00f3n.<\/p>\n\n\n\n<p>Daniela Magallanes S\u00e1enz de la Escuela de Ciencias de la Comunidad; Emma<br>Isabel Guillen Barraza de la Facultad de Medicina, Sergio Ernesto Ju\u00e1rez Morales y<br>Ana Montserrat M\u00edreles Garc\u00eda de la Facultad de Administraci\u00f3n Fiscal y Financiera<br>(FAFF).<\/p>\n\n\n\n<p>Adem\u00e1s, Jos\u00e9 Manuel Gamboa Campos de la Escuela de Arquitectura; Erik Osvaldo<br>Gonz\u00e1lez Chairez de la Facultad de Ingenier\u00eda Civil; Kharla Susana Loyola Garc\u00eda,<br>Edwin Jair Mart\u00ednez V\u00e1zquez y Jos\u00e9 Mar\u00eda Aguilera Dinkel de la Facultad de<br>Ciencias Pol\u00edticas y Sociales (FCPyS); Fernanda Montserrat Valero Anguiano y Jorge<br>Alexis Casta\u00f1eda Villalobos del Instituto Manuel Mu\u00f1oz Olivares (IMMO); F\u00e1tima<br>Fern\u00e1ndez Galicia de la Escuela de Bachilleres \u201cVenustiano Carranza\u201d.<\/p>\n\n\n\n<p>As\u00ed como Miguel \u00c1ngel Olivares Segura, Sanjuanita Rodr\u00edguez Medina y Erik Omar<br>Ibarra Salazar de la Escuela de Sistemas; Ana Patricia Salazar Bollain Ygoitia de la<br>Facultad de Odontolog\u00eda; Alicia Yaneli De La Rosa Calvillo de la Facultad de<br>Enfermer\u00eda; Alejandra Rodr\u00edguez Lara de la Escuela de Administraci\u00f3n San Pedro;<br>F\u00e1tima Nahomi Santana Mart\u00ednez de la Escuela de Bachilleres Aguanueva \u201cIng.<br>An\u00edbal Flores Neyra\u201d y Frida Sofia Ramos Duarte del Instituto de Ense\u00f1anza Abierta<br>(IDEA).<\/p>\n","protected":false},"excerpt":{"rendered":"<p>TORRE\u00d3N, Coahuila. 1 de abril de 2025. La Universidad Aut\u00f3noma de Coahuila atrav\u00e9s del Departamento de Asuntos Acad\u00e9micos de la Unidad Laguna, llev\u00f3 a cabosu XXI Entrega de Reconocimientos en las categor\u00edas de Liderazgo, Deporte,responsabilidad Social, Cultura y Alto Desempe\u00f1o Acad\u00e9mico, as\u00ed como la Medalla ala Excelencia a las y los alumnos de las diversas escuelas, facultades e institutos deUL. La ceremonia se llev\u00f3 a cabo en el Centro Cultural&#8230;<\/p>\n","protected":false},"author":1,"featured_media":25413,"comment_status":"closed","ping_status":"","sticky":false,"template":"","format":"standard","meta":{"footnotes":""},"categories":[7,2],"tags":[],"class_list":["post-25412","post","type-post","status-publish","format-standard","has-post-thumbnail","hentry","category-torreon","category-uadec","wpcat-7-id","wpcat-2-id"],"_links":{"self":[{"href":"https:\/\/www.aquilaguna.com\/index.php\/wp-json\/wp\/v2\/posts\/25412","targetHints":{"allow":["GET"]}}],"collection":[{"href":"https:\/\/www.aquilaguna.com\/index.php\/wp-json\/wp\/v2\/posts"}],"about":[{"href":"https:\/\/www.aquilaguna.com\/index.php\/wp-json\/wp\/v2\/types\/post"}],"author":[{"embeddable":true,"href":"https:\/\/www.aquilaguna.com\/index.php\/wp-json\/wp\/v2\/users\/1"}],"replies":[{"embeddable":true,"href":"https:\/\/www.aquilaguna.com\/index.php\/wp-json\/wp\/v2\/comments?post=25412"}],"version-history":[{"count":1,"href":"https:\/\/www.aquilaguna.com\/index.php\/wp-json\/wp\/v2\/posts\/25412\/revisions"}],"predecessor-version":[{"id":25414,"href":"https:\/\/www.aquilaguna.com\/index.php\/wp-json\/wp\/v2\/posts\/25412\/revisions\/25414"}],"wp:featuredmedia":[{"embeddable":true,"href":"https:\/\/www.aquilaguna.com\/index.php\/wp-json\/wp\/v2\/media\/25413"}],"wp:attachment":[{"href":"https:\/\/www.aquilaguna.com\/index.php\/wp-json\/wp\/v2\/media?parent=25412"}],"wp:term":[{"taxonomy":"category","embeddable":true,"href":"https:\/\/www.aquilaguna.com\/index.php\/wp-json\/wp\/v2\/categories?post=25412"},{"taxonomy":"post_tag","embeddable":true,"href":"https:\/\/www.aquilaguna.com\/index.php\/wp-json\/wp\/v2\/tags?post=25412"}],"curies":[{"name":"wp","href":"https:\/\/api.w.org\/{rel}","templated":true}]}}