{"id":25415,"date":"2025-04-01T19:45:46","date_gmt":"2025-04-02T01:45:46","guid":{"rendered":"https:\/\/www.aquilaguna.com\/?p=25415"},"modified":"2025-04-01T19:45:46","modified_gmt":"2025-04-02T01:45:46","slug":"inicia-en-la-uadec-el-primer-congreso-de-estudiantes-de-historia-del-noreste-de-mexico","status":"publish","type":"post","link":"https:\/\/www.aquilaguna.com\/index.php\/2025\/04\/01\/inicia-en-la-uadec-el-primer-congreso-de-estudiantes-de-historia-del-noreste-de-mexico\/","title":{"rendered":"Inicia en la UAdeC el Primer Congreso de Estudiantes de Historia del Noreste de M\u00e9xico\u00a0."},"content":{"rendered":"\n<p>SALTILLO, Coahuila. 1 de abril de 2025. La Universidad Aut\u00f3noma de Coahuila a<br>trav\u00e9s de la Facultad de Ciencias Sociales Unidad Sureste y la Delegaci\u00f3n de<br>Estudiantes de Historia de Coahuila, llevan a cabo del 1 al 4 de abril de 2025 el<br>Primer Congreso de Estudiantes de Historia del Noreste de M\u00e9xico.<\/p>\n\n\n\n<p>En la inauguraci\u00f3n, en representaci\u00f3n del rector de la m\u00e1xima casa de estudios,<br>Octavio Pimentel Mart\u00ednez, asisti\u00f3 la coordinadora de Unidad Sureste, Eva Kerena<br>Hern\u00e1ndez Mart\u00ednez, la directora de la Facultad de Ciencias Sociales, Machelly<br>Flores Reyna y el representante de la Delegaci\u00f3n de Estudiantes de Historia de<br>Coahuila, Jos\u00e9 Luis Garc\u00eda Alem\u00e1n.<\/p>\n\n\n\n<p>En su mensaje la coordinadora de Unidad Sureste, Eva Kerena Hern\u00e1ndez Mart\u00ednez,<br>reconoci\u00f3 la labor de la directora del plantel Machelly Flores Reyna, pues enfatiz\u00f3<br>que impulsar eventos como estos son fundamentales en la formaci\u00f3n de los<br>universitarios, al tiempo que destac\u00f3 que la Facultad de Ciencias Sociales siempre<br>es un referente por su calidad acad\u00e9mica.<\/p>\n\n\n\n<p>Por su parte, la directora Machelly Flores Reyna, se\u00f1al\u00f3 que este Congreso es un<br>espacio para compartir conocimientos y reflexionar sobre la importancia de la historia<br>en la academia, ya que el Noreste Mexicano es fundamental por todos sus procesos<br>hist\u00f3ricos, los cuales han sido definitorios, por ello, destac\u00f3 que espera que cada<br>participante aprenda y fortalezca su pasi\u00f3n por el estudio de la historia.<\/p>\n\n\n\n<p>Mientras que, el representante de la Delegaci\u00f3n de Estudiantes de Historia de<br>Coahuila, Jos\u00e9 Luis Garc\u00eda Alem\u00e1n, coment\u00f3 que la jornada ser\u00e1 muy productiva y<br>enriquecedora para todos, pues es un espacio pensando por y para los estudiantes<br>de historia.<\/p>\n\n\n\n<p>Posteriormente se imparti\u00f3 la conferencia magistral \u201cEl cautiverio en las relaciones<br>Hispano-Comanches\u201d a cargo del Dr. Joaqu\u00edn Rivaya-Mart\u00ednez de Texas State<br>University, durante la cual comparti\u00f3 sus conocimientos sobre la historia temprana de<br>los pueblos ind\u00edgenas de la frontera entre Estados Unidos y M\u00e9xico y las Grandes<br>Llanuras del Sur, as\u00ed como de las relaciones hispano-ind\u00edgenas, el cautiverio y la<br>presencia de ind\u00edgenas en Estados Unidos en el M\u00e9xico del siglo XIX.<\/p>\n\n\n\n<p>En este Primer Congreso de Estudiantes de Historia del Noreste de M\u00e9xico, los<br>participantes acceden a conferencias magistrales, conversatorios, talleres, ponencias<br>y eventos culturales.<\/p>\n","protected":false},"excerpt":{"rendered":"<p>SALTILLO, Coahuila. 1 de abril de 2025. La Universidad Aut\u00f3noma de Coahuila atrav\u00e9s de la Facultad de Ciencias Sociales Unidad Sureste y la Delegaci\u00f3n deEstudiantes de Historia de Coahuila, llevan a cabo del 1 al 4 de abril de 2025 elPrimer Congreso de Estudiantes de Historia del Noreste de M\u00e9xico. En la inauguraci\u00f3n, en representaci\u00f3n del rector de la m\u00e1xima casa de estudios,Octavio Pimentel Mart\u00ednez, asisti\u00f3 la coordinadora de Unidad&#8230;<\/p>\n","protected":false},"author":1,"featured_media":25416,"comment_status":"closed","ping_status":"","sticky":false,"template":"","format":"standard","meta":{"footnotes":""},"categories":[2],"tags":[],"class_list":["post-25415","post","type-post","status-publish","format-standard","has-post-thumbnail","hentry","category-uadec","wpcat-2-id"],"_links":{"self":[{"href":"https:\/\/www.aquilaguna.com\/index.php\/wp-json\/wp\/v2\/posts\/25415","targetHints":{"allow":["GET"]}}],"collection":[{"href":"https:\/\/www.aquilaguna.com\/index.php\/wp-json\/wp\/v2\/posts"}],"about":[{"href":"https:\/\/www.aquilaguna.com\/index.php\/wp-json\/wp\/v2\/types\/post"}],"author":[{"embeddable":true,"href":"https:\/\/www.aquilaguna.com\/index.php\/wp-json\/wp\/v2\/users\/1"}],"replies":[{"embeddable":true,"href":"https:\/\/www.aquilaguna.com\/index.php\/wp-json\/wp\/v2\/comments?post=25415"}],"version-history":[{"count":1,"href":"https:\/\/www.aquilaguna.com\/index.php\/wp-json\/wp\/v2\/posts\/25415\/revisions"}],"predecessor-version":[{"id":25417,"href":"https:\/\/www.aquilaguna.com\/index.php\/wp-json\/wp\/v2\/posts\/25415\/revisions\/25417"}],"wp:featuredmedia":[{"embeddable":true,"href":"https:\/\/www.aquilaguna.com\/index.php\/wp-json\/wp\/v2\/media\/25416"}],"wp:attachment":[{"href":"https:\/\/www.aquilaguna.com\/index.php\/wp-json\/wp\/v2\/media?parent=25415"}],"wp:term":[{"taxonomy":"category","embeddable":true,"href":"https:\/\/www.aquilaguna.com\/index.php\/wp-json\/wp\/v2\/categories?post=25415"},{"taxonomy":"post_tag","embeddable":true,"href":"https:\/\/www.aquilaguna.com\/index.php\/wp-json\/wp\/v2\/tags?post=25415"}],"curies":[{"name":"wp","href":"https:\/\/api.w.org\/{rel}","templated":true}]}}