{"id":25418,"date":"2025-04-01T19:47:10","date_gmt":"2025-04-02T01:47:10","guid":{"rendered":"https:\/\/www.aquilaguna.com\/?p=25418"},"modified":"2025-04-01T19:47:10","modified_gmt":"2025-04-02T01:47:10","slug":"entrega-rector-de-la-uadec-la-primera-guia-en-sistema-braille-del-examen-de-admision-para-aspirante-con-discapacidad-visual","status":"publish","type":"post","link":"https:\/\/www.aquilaguna.com\/index.php\/2025\/04\/01\/entrega-rector-de-la-uadec-la-primera-guia-en-sistema-braille-del-examen-de-admision-para-aspirante-con-discapacidad-visual\/","title":{"rendered":"Entrega Rector de la UAdeC la Primera Gu\u00eda en Sistema Braille del Examen de Admisi\u00f3n para Aspirante con Discapacidad Visual."},"content":{"rendered":"\n<p>SALTILLO, Coahuila. 1 de abril de 2025. En un hecho sin precedente para la<br>Universidad Aut\u00f3noma de Coahuila, el rector Octavio Pimentel Mart\u00ednez entreg\u00f3 la<br>primera Gu\u00eda de Estudio en Braille para el examen de ingreso a la instituci\u00f3n,<br>marcando con ello un importante avance en la inclusi\u00f3n educativa.<\/p>\n\n\n\n<p>Acompa\u00f1ado por la subdirectora de Control Escolar, Aurora Patricia G\u00f3mez Y\u00e1\u00f1ez y<br>el jefe de Admisiones y Promoci\u00f3n Educativa de la UAdeC, Josu\u00e9 Emmanuel Lara<br>G\u00f3mez, el Rector hizo entrega del material a Blanca Elia Rodr\u00edguez Hern\u00e1ndez,<br>madre de la aspirante Am\u00e9rica Joselin L\u00f3pez Rodr\u00edguez, quien busca ingresar a la<br>Facultad de Jurisprudencia.<\/p>\n\n\n\n<p>Durante el acto, Pimentel Mart\u00ednez, destac\u00f3 el compromiso de la Universidad con la<br>inclusi\u00f3n y asegur\u00f3 que la instituci\u00f3n est\u00e1 lista para recibir a la futura estudiante de la<br>Facultad de Jurisprudencia, por lo que reiter\u00f3 el apoyo de la UAdeC y su disposici\u00f3n<br>para atender cualquier necesidad de la aspirante.<\/p>\n\n\n\n<p>&#8220;Este es un paso fundamental para brindar equidad en el acceso a la educaci\u00f3n<br>superior, queremos que todos los estudiantes tengan las herramientas necesarias<br>para alcanzar sus metas&#8221;, afirm\u00f3.<\/p>\n\n\n\n<p>Am\u00e9rica Joselin L\u00f3pez Rodr\u00edguez, es egresada del Colegio de Bachilleres de<br>Coahuila (COBAC) \u201cJuan Francisco Ealy Ortiz\u201d, presentar\u00e1 su examen de Ingreso a<br>Licenciatura (EXANI-II), aplicado por el Centro Nacional de Evaluaci\u00f3n para la<br>Educaci\u00f3n Superior (CENEVAL), el s\u00e1bado 5 de abril en la planta baja de la<br>Direcci\u00f3n de Asuntos Acad\u00e9micos, por lo que se ha dispuesto que cuente con una<br>persona de apoyo durante la prueba, asegurando con ello un proceso justo y<br>accesible.<\/p>\n","protected":false},"excerpt":{"rendered":"<p>SALTILLO, Coahuila. 1 de abril de 2025. En un hecho sin precedente para laUniversidad Aut\u00f3noma de Coahuila, el rector Octavio Pimentel Mart\u00ednez entreg\u00f3 laprimera Gu\u00eda de Estudio en Braille para el examen de ingreso a la instituci\u00f3n,marcando con ello un importante avance en la inclusi\u00f3n educativa. Acompa\u00f1ado por la subdirectora de Control Escolar, Aurora Patricia G\u00f3mez Y\u00e1\u00f1ez yel jefe de Admisiones y Promoci\u00f3n Educativa de la UAdeC, Josu\u00e9 Emmanuel LaraG\u00f3mez,&#8230;<\/p>\n","protected":false},"author":1,"featured_media":25419,"comment_status":"closed","ping_status":"","sticky":false,"template":"","format":"standard","meta":{"footnotes":""},"categories":[2],"tags":[],"class_list":["post-25418","post","type-post","status-publish","format-standard","has-post-thumbnail","hentry","category-uadec","wpcat-2-id"],"_links":{"self":[{"href":"https:\/\/www.aquilaguna.com\/index.php\/wp-json\/wp\/v2\/posts\/25418","targetHints":{"allow":["GET"]}}],"collection":[{"href":"https:\/\/www.aquilaguna.com\/index.php\/wp-json\/wp\/v2\/posts"}],"about":[{"href":"https:\/\/www.aquilaguna.com\/index.php\/wp-json\/wp\/v2\/types\/post"}],"author":[{"embeddable":true,"href":"https:\/\/www.aquilaguna.com\/index.php\/wp-json\/wp\/v2\/users\/1"}],"replies":[{"embeddable":true,"href":"https:\/\/www.aquilaguna.com\/index.php\/wp-json\/wp\/v2\/comments?post=25418"}],"version-history":[{"count":1,"href":"https:\/\/www.aquilaguna.com\/index.php\/wp-json\/wp\/v2\/posts\/25418\/revisions"}],"predecessor-version":[{"id":25420,"href":"https:\/\/www.aquilaguna.com\/index.php\/wp-json\/wp\/v2\/posts\/25418\/revisions\/25420"}],"wp:featuredmedia":[{"embeddable":true,"href":"https:\/\/www.aquilaguna.com\/index.php\/wp-json\/wp\/v2\/media\/25419"}],"wp:attachment":[{"href":"https:\/\/www.aquilaguna.com\/index.php\/wp-json\/wp\/v2\/media?parent=25418"}],"wp:term":[{"taxonomy":"category","embeddable":true,"href":"https:\/\/www.aquilaguna.com\/index.php\/wp-json\/wp\/v2\/categories?post=25418"},{"taxonomy":"post_tag","embeddable":true,"href":"https:\/\/www.aquilaguna.com\/index.php\/wp-json\/wp\/v2\/tags?post=25418"}],"curies":[{"name":"wp","href":"https:\/\/api.w.org\/{rel}","templated":true}]}}