{"id":25430,"date":"2025-04-01T21:23:03","date_gmt":"2025-04-02T03:23:03","guid":{"rendered":"https:\/\/www.aquilaguna.com\/?p=25430"},"modified":"2025-04-01T21:23:03","modified_gmt":"2025-04-02T03:23:03","slug":"antonio-atollini-se-presentara-a-audiencia-despues-de-que-fuera-presentada-denuncia-en-su-contra","status":"publish","type":"post","link":"https:\/\/www.aquilaguna.com\/index.php\/2025\/04\/01\/antonio-atollini-se-presentara-a-audiencia-despues-de-que-fuera-presentada-denuncia-en-su-contra\/","title":{"rendered":"Antonio Atollini se presentar\u00e1 a audiencia despu\u00e9s de que fuera presentada denuncia en su contra."},"content":{"rendered":"\n<p>Torre\u00f3n, Coahuila.-\u00a0 El diputado plurinominal Antonio\u00a0 Attolini Murra, deber\u00e1 presentarse, seg\u00fan notificaci\u00f3n\u00a0que\u00a0 emiti\u00f3 el Instituto Electoral de Coahuila -IEC-, \u00a0en audiencia que definir\u00e1 el curso de la denuncia aceptada,\u00a0 que en su contra\u00a0 presentara el pasado 14 de\u00a0 febrero del presente por la presunta comisi\u00f3n de violencia pol\u00edtica, por raz\u00f3n de g\u00e9nero, por la licenciada\u00a0 Natalia Fern\u00e1ndez, sindica de mayor\u00eda en el actual cabildo del municipio de Torre\u00f3n.<\/p>\n\n\n\n<p>Esta cita\u00a0para comparecer,\u00a0 se gener\u00f3 al\u00a0alcanzarse\u00a0 40 d\u00edas luego de que la\u00a0 denuncia citada fuera presentada ante el \u00f3rgano electoral citado, en el que se valoraron los argumentos de la denunciante, que dio lugar a que el denunciado,\u00a0diputado de MORENA, Atollini Murra, fuera\u00a0 citado a comparecer\u00a0 a la audiencia que se menciona.<\/p>\n\n\n\n<p>En esta habr\u00e1 de decidirse\u00a0 el curso que sigan los se\u00f1alamientos que se le imputan, y una vez que\u00a0 se consider\u00f3 que los hechos, no se encuadraron en el\u00a0 supuesto ejercicio de la libertad de expresi\u00f3n, toda vez que la denunciante consider\u00f3 que las descalificaciones y adjetivos emitidos en su contra por el citado\u00a0 y difundidos en diversos Medios,\u00a0 fueron del orden personal, lesionan su\u00a0 integridad personal.<\/p>\n\n\n\n<p>Cabe indicar que el\u00a0 Diputado\u00a0 Attolini Murra seg\u00fan ha trascendido en\u00a0 Medios,\u00a0 tiene\u00a0 en su contra, otra denuncia similar de violencia pol\u00edtica en raz\u00f3n de g\u00e9nero, presentada por\u00a0 una legisladora federal, de su mismo partido.\u00a0<\/p>\n","protected":false},"excerpt":{"rendered":"<p>Torre\u00f3n, Coahuila.-\u00a0 El diputado plurinominal Antonio\u00a0 Attolini Murra, deber\u00e1 presentarse, seg\u00fan notificaci\u00f3n\u00a0que\u00a0 emiti\u00f3 el Instituto Electoral de Coahuila -IEC-, \u00a0en audiencia que definir\u00e1 el curso de la denuncia aceptada,\u00a0 que en su contra\u00a0 presentara el pasado 14 de\u00a0 febrero del presente por la presunta comisi\u00f3n de violencia pol\u00edtica, por raz\u00f3n de g\u00e9nero, por la licenciada\u00a0 Natalia Fern\u00e1ndez, sindica de mayor\u00eda en el actual cabildo del municipio de Torre\u00f3n. Esta cita\u00a0para&#8230;<\/p>\n","protected":false},"author":2,"featured_media":0,"comment_status":"closed","ping_status":"","sticky":false,"template":"","format":"standard","meta":{"footnotes":""},"categories":[5,66,19,7],"tags":[],"class_list":["post-25430","post","type-post","status-publish","format-standard","hentry","category-coahuila","category-diputados","category-morena","category-torreon","wpcat-5-id","wpcat-66-id","wpcat-19-id","wpcat-7-id"],"_links":{"self":[{"href":"https:\/\/www.aquilaguna.com\/index.php\/wp-json\/wp\/v2\/posts\/25430","targetHints":{"allow":["GET"]}}],"collection":[{"href":"https:\/\/www.aquilaguna.com\/index.php\/wp-json\/wp\/v2\/posts"}],"about":[{"href":"https:\/\/www.aquilaguna.com\/index.php\/wp-json\/wp\/v2\/types\/post"}],"author":[{"embeddable":true,"href":"https:\/\/www.aquilaguna.com\/index.php\/wp-json\/wp\/v2\/users\/2"}],"replies":[{"embeddable":true,"href":"https:\/\/www.aquilaguna.com\/index.php\/wp-json\/wp\/v2\/comments?post=25430"}],"version-history":[{"count":1,"href":"https:\/\/www.aquilaguna.com\/index.php\/wp-json\/wp\/v2\/posts\/25430\/revisions"}],"predecessor-version":[{"id":25431,"href":"https:\/\/www.aquilaguna.com\/index.php\/wp-json\/wp\/v2\/posts\/25430\/revisions\/25431"}],"wp:attachment":[{"href":"https:\/\/www.aquilaguna.com\/index.php\/wp-json\/wp\/v2\/media?parent=25430"}],"wp:term":[{"taxonomy":"category","embeddable":true,"href":"https:\/\/www.aquilaguna.com\/index.php\/wp-json\/wp\/v2\/categories?post=25430"},{"taxonomy":"post_tag","embeddable":true,"href":"https:\/\/www.aquilaguna.com\/index.php\/wp-json\/wp\/v2\/tags?post=25430"}],"curies":[{"name":"wp","href":"https:\/\/api.w.org\/{rel}","templated":true}]}}