{"id":25432,"date":"2025-04-02T16:54:40","date_gmt":"2025-04-02T22:54:40","guid":{"rendered":"https:\/\/www.aquilaguna.com\/?p=25432"},"modified":"2025-04-02T16:54:40","modified_gmt":"2025-04-02T22:54:40","slug":"agradece-personal-del-hospital-universitario-al-rector-de-la-uadec-por-compromisos-cumplidos","status":"publish","type":"post","link":"https:\/\/www.aquilaguna.com\/index.php\/2025\/04\/02\/agradece-personal-del-hospital-universitario-al-rector-de-la-uadec-por-compromisos-cumplidos\/","title":{"rendered":"Agradece Personal del Hospital Universitario al Rector de la UAdeC por Compromisos Cumplidos."},"content":{"rendered":"\n<p>SALTILLO, Coahuila. 2 de abril de 2025. En amena reuni\u00f3n personal del Hospital<br>Universitario de Saltillo \u201cDr. Gonzalo Vald\u00e9s Vald\u00e9s\u201d sostuvo con el rector de la<br>Universidad Aut\u00f3noma de Coahuila, Octavio Pimentel Mart\u00ednez, para agradecerle los<br>compromisos cumplidos, que en materia de sueldos y ajuste de tabuladores se<br>vieron beneficiados con la revisi\u00f3n salarial firmada el pasado mes de marzo.<\/p>\n\n\n\n<p>Acompa\u00f1ado por el director del HU, Dr. Lauro Cort\u00e9s, el subdirector m\u00e9dico, Roberto<br>Amador Cort\u00e9s, la jefa de nutrici\u00f3n, Sandra Teniente, trabajadoras del departamento<br>de cocina y representantes del Sindicato de la Delegaci\u00f3n del Hospital, el Rector<br>charl\u00f3 con las trabajadoras universitarias y les refrend\u00f3 el compromiso de apoyo<br>permanente.<\/p>\n\n\n\n<p>Durante la charla, el rector Octavio Pimentel, les exhort\u00f3 a seguir trabajando en<br>equipo para avanzar en mantener la calidad, la atenci\u00f3n y el prestigio del Hospital<br>Universitario, mismo que se ha venido adaptando a la evoluci\u00f3n y actualizaci\u00f3n<br>m\u00e9dica, de mejoramiento de las instalaciones, pero sobre todo de la calidez humana<br>con que se trata a los pacientes y a sus familiares.<\/p>\n\n\n\n<p>\u201cEstamos obligados a construir, a seguir esforz\u00e1ndonos, todos en equipo, ustedes<br>forman parte de la Aut\u00f3noma de Coahuila, y son importantes para avanzar en un<br>proyecto que, s\u00e9 que faltan cosas y en ocasiones es dif\u00edcil resolver, pero<br>trabajaremos con lo que s\u00ed tenemos para lograr m\u00e1s y contribuyamos todos a seguir<br>adelante\u201d, afirm\u00f3.<\/p>\n\n\n\n<p>El Dr. Lauro Cort\u00e9s, director del Hospital, inform\u00f3 de las pl\u00e1ticas y capacitaciones de<br>servicio que se realizan constantemente para el personal, en materia de atenci\u00f3n al<br>paciente, del \u00e1rea m\u00e9dica, en ese sentido por instrucci\u00f3n del Rector acordaron en<br>llevar los cursos que la Oficial\u00eda Mayor imparte para los trabajadores en diversos<br>temas.<\/p>\n\n\n\n<p>Mar\u00eda Guadalupe Salazar G\u00e1mez, integrante del departamento de cocina y con m\u00e1s<br>de 30 a\u00f1os de antig\u00fcedad, dijo que invitaron al Rector a desayunar a manera de<br>agradecimiento por los beneficios que les brindaron en el incremento salarial, y de<br>beneficios que nunca les hab\u00edan dado como el aumento de la prima de antig\u00fcedad,<br>\u201cEstamos muy agradecidas con \u00e9l porque siempre nos ha tomado en cuenta al<br>departamento y al Hospital\u201d.<\/p>\n\n\n\n<p>Por su parte la delegada del sindicato Hilda Aracely P\u00e9rez Arriaga, dijo que despu\u00e9s<br>de una reuni\u00f3n previa, tuvieron respuestas positivas a sus peticiones, \u201cMuchas<br>gracias porque lo que nos prometi\u00f3, el aumento de sueldo que ten\u00edamos dos a\u00f1os<br>que ciertas categor\u00edas no se nivelaban y en esta ocasi\u00f3n si lo cumpli\u00f3 para enfermer\u00eda y cocina, aunque el beneficio fue general para los 400 trabajadores universitarios del HU Saltillo\u201d, afirm\u00f3.<\/p>\n","protected":false},"excerpt":{"rendered":"<p>SALTILLO, Coahuila. 2 de abril de 2025. En amena reuni\u00f3n personal del HospitalUniversitario de Saltillo \u201cDr. Gonzalo Vald\u00e9s Vald\u00e9s\u201d sostuvo con el rector de laUniversidad Aut\u00f3noma de Coahuila, Octavio Pimentel Mart\u00ednez, para agradecerle loscompromisos cumplidos, que en materia de sueldos y ajuste de tabuladores sevieron beneficiados con la revisi\u00f3n salarial firmada el pasado mes de marzo. Acompa\u00f1ado por el director del HU, Dr. Lauro Cort\u00e9s, el subdirector m\u00e9dico, RobertoAmador Cort\u00e9s,&#8230;<\/p>\n","protected":false},"author":1,"featured_media":25433,"comment_status":"closed","ping_status":"","sticky":false,"template":"","format":"standard","meta":{"footnotes":""},"categories":[98],"tags":[],"class_list":["post-25432","post","type-post","status-publish","format-standard","has-post-thumbnail","hentry","category-udc","wpcat-98-id"],"_links":{"self":[{"href":"https:\/\/www.aquilaguna.com\/index.php\/wp-json\/wp\/v2\/posts\/25432","targetHints":{"allow":["GET"]}}],"collection":[{"href":"https:\/\/www.aquilaguna.com\/index.php\/wp-json\/wp\/v2\/posts"}],"about":[{"href":"https:\/\/www.aquilaguna.com\/index.php\/wp-json\/wp\/v2\/types\/post"}],"author":[{"embeddable":true,"href":"https:\/\/www.aquilaguna.com\/index.php\/wp-json\/wp\/v2\/users\/1"}],"replies":[{"embeddable":true,"href":"https:\/\/www.aquilaguna.com\/index.php\/wp-json\/wp\/v2\/comments?post=25432"}],"version-history":[{"count":1,"href":"https:\/\/www.aquilaguna.com\/index.php\/wp-json\/wp\/v2\/posts\/25432\/revisions"}],"predecessor-version":[{"id":25434,"href":"https:\/\/www.aquilaguna.com\/index.php\/wp-json\/wp\/v2\/posts\/25432\/revisions\/25434"}],"wp:featuredmedia":[{"embeddable":true,"href":"https:\/\/www.aquilaguna.com\/index.php\/wp-json\/wp\/v2\/media\/25433"}],"wp:attachment":[{"href":"https:\/\/www.aquilaguna.com\/index.php\/wp-json\/wp\/v2\/media?parent=25432"}],"wp:term":[{"taxonomy":"category","embeddable":true,"href":"https:\/\/www.aquilaguna.com\/index.php\/wp-json\/wp\/v2\/categories?post=25432"},{"taxonomy":"post_tag","embeddable":true,"href":"https:\/\/www.aquilaguna.com\/index.php\/wp-json\/wp\/v2\/tags?post=25432"}],"curies":[{"name":"wp","href":"https:\/\/api.w.org\/{rel}","templated":true}]}}