{"id":25435,"date":"2025-04-02T16:56:56","date_gmt":"2025-04-02T22:56:56","guid":{"rendered":"https:\/\/www.aquilaguna.com\/?p=25435"},"modified":"2025-04-02T16:56:56","modified_gmt":"2025-04-02T22:56:56","slug":"la-facultad-de-enfermeria-de-la-uadec-unidad-sureste-tiene-nueva-sociedad-de-alumnos","status":"publish","type":"post","link":"https:\/\/www.aquilaguna.com\/index.php\/2025\/04\/02\/la-facultad-de-enfermeria-de-la-uadec-unidad-sureste-tiene-nueva-sociedad-de-alumnos\/","title":{"rendered":"La Facultad de Enfermer\u00eda de la UAdeC Unidad Sureste, tiene Nueva Sociedad de Alumnos."},"content":{"rendered":"\n<p>SALTILLO, Coahuila. 2 de abril de 2025. En reconocimiento a la asociaci\u00f3n de<br>estudiantes de los planteles universitarios, el rector de la Universidad Aut\u00f3noma de<br>Coahuila, Octavio Pimentel Mart\u00ednez, tom\u00f3 protesta a la nueva Sociedad de Alumnos<br>de la Facultad de Enfermer\u00eda \u201cDr. Santiago Vald\u00e9s Galindo\u201d de la Unidad Sureste.<\/p>\n\n\n\n<p>Acompa\u00f1ado por la coordinadora de US, Eva Kerena Hern\u00e1ndez, por el director de<br>la FEM, Pedro Enrique Trujillo, por la secretaria acad\u00e9mica, Idalia Herrera Garibay y<br>la presidenta de la Sociedad de Alumnos, Flor Alejandra Gonz\u00e1lez Gonz\u00e1lez, el<br>Rector expres\u00f3 que representar las voces de la comunidad estudiantil es una tarea<br>dif\u00edcil, pero es una importante responsabilidad escuchar a todos y cada uno para su<br>crecimiento personal y profesional.<\/p>\n\n\n\n<p>\u201cSabemos lo importante que es representar o llevar la voz de tus compa\u00f1eros y m\u00e1s<br>a\u00fan que sepas que tienen todo el apoyo de la rector\u00eda, porque podemos ayudar a<br>construir a las nuevas generaciones, tanto funcionarias y funcionarios con sus<br>directivos, porque nuestra obligaci\u00f3n es trabajar por y para ustedes y darles el<br>acompa\u00f1amiento\u201d, afirm\u00f3 el Rector.<\/p>\n\n\n\n<p>Pimentel Mart\u00ednez, se\u00f1al\u00f3 que todos los estudiantes, pero sobre todo las sociedades<br>de alumnos est\u00e1n bien organizadas, y es responsabilidad de la Administraci\u00f3n<br>Central respaldarlas, motivarlas, y brindarles lo necesario para que contin\u00faen con su<br>proyecto, porque el resultado ser\u00e1 mayor, de aprendizaje, de planeaci\u00f3n, de cambio<br>y de desarrollo personal.<\/p>\n\n\n\n<p>En su mensaje de bienvenida, el director Pedro Enrique Trujillo agradeci\u00f3 a las<br>autoridades universitarias por atender el llamado de un evento importante para la<br>comunidad estudiantil, de la Sociedad de Alumnos como un puente de<br>representaci\u00f3n de todas y todos ante la administraci\u00f3n, para que puedan lograr<br>proyectos, de manera colaborativa en conjunto para beneficio com\u00fan.<\/p>\n\n\n\n<p>La presidenta de la Sociedad de Alumnos, Flor Alejandra Gonz\u00e1lez Gonz\u00e1lez, afirm\u00f3<br>al ser la primera presidenta de una sociedad de alumnas en su facultad la<br>compromete a ser la voz de todos los que votaron por su proyecto, pero sobre todo<br>por los que no lo hicieron, puesto que es representante de todas y todos los<br>estudiantes respaldada con un equipo comprometido para impulsar iniciativas,<br>inquietudes y proyectos para una mejora continua de la comunidad estudiantil que<br>fomente el crecimiento acad\u00e9mico, cultural y social.<\/p>\n\n\n\n<p>\u201cAgradezco a mis compa\u00f1eros de la sociedad por su apoyo y juntos estamos<br>comprometidos en mejorar y aportar cambios significativos que impacten<br>positivamente a todos los estudiantes y a la sociedad; quiero expresar un sincero<br>agradecimiento al rector Octavio Pimentel, a la coordinadora de la unidad sureste la<br>doctora Kerena Hern\u00e1ndez y a nuestro director, con quien hemos estado trabajando<\/p>\n\n\n\n<p>para asegurar que este nuevo ciclo sea fruct\u00edfero para todos, estamos aqu\u00ed para<br>servirles representarlos y hacer de esta escuela un lugar donde cada voz tenga un<br>impacto, con su apoyo sabemos que podemos lograrlo\u201d, afirm\u00f3 Flor Alejandra.<\/p>\n\n\n\n<p>Los integrantes de la Sociedad de Alumnos son: Sandra Ofelia L\u00f3pez Mart\u00ednez<br>vicepresidenta; Aryam Jocelyn Alvarado Armend\u00e1riz tesorera; Alejandra Sa\u00e9nz<br>suplente; Erubiel Aguilar secretario; Ana \u00c1guilar vocal y Ximena Itzel Escare\u00f1o<br>G\u00f3mez vocal.<\/p>\n","protected":false},"excerpt":{"rendered":"<p>SALTILLO, Coahuila. 2 de abril de 2025. En reconocimiento a la asociaci\u00f3n deestudiantes de los planteles universitarios, el rector de la Universidad Aut\u00f3noma deCoahuila, Octavio Pimentel Mart\u00ednez, tom\u00f3 protesta a la nueva Sociedad de Alumnosde la Facultad de Enfermer\u00eda \u201cDr. Santiago Vald\u00e9s Galindo\u201d de la Unidad Sureste. Acompa\u00f1ado por la coordinadora de US, Eva Kerena Hern\u00e1ndez, por el director dela FEM, Pedro Enrique Trujillo, por la secretaria acad\u00e9mica, Idalia Herrera&#8230;<\/p>\n","protected":false},"author":1,"featured_media":25436,"comment_status":"closed","ping_status":"","sticky":false,"template":"","format":"standard","meta":{"footnotes":""},"categories":[2],"tags":[],"class_list":["post-25435","post","type-post","status-publish","format-standard","has-post-thumbnail","hentry","category-uadec","wpcat-2-id"],"_links":{"self":[{"href":"https:\/\/www.aquilaguna.com\/index.php\/wp-json\/wp\/v2\/posts\/25435","targetHints":{"allow":["GET"]}}],"collection":[{"href":"https:\/\/www.aquilaguna.com\/index.php\/wp-json\/wp\/v2\/posts"}],"about":[{"href":"https:\/\/www.aquilaguna.com\/index.php\/wp-json\/wp\/v2\/types\/post"}],"author":[{"embeddable":true,"href":"https:\/\/www.aquilaguna.com\/index.php\/wp-json\/wp\/v2\/users\/1"}],"replies":[{"embeddable":true,"href":"https:\/\/www.aquilaguna.com\/index.php\/wp-json\/wp\/v2\/comments?post=25435"}],"version-history":[{"count":1,"href":"https:\/\/www.aquilaguna.com\/index.php\/wp-json\/wp\/v2\/posts\/25435\/revisions"}],"predecessor-version":[{"id":25437,"href":"https:\/\/www.aquilaguna.com\/index.php\/wp-json\/wp\/v2\/posts\/25435\/revisions\/25437"}],"wp:featuredmedia":[{"embeddable":true,"href":"https:\/\/www.aquilaguna.com\/index.php\/wp-json\/wp\/v2\/media\/25436"}],"wp:attachment":[{"href":"https:\/\/www.aquilaguna.com\/index.php\/wp-json\/wp\/v2\/media?parent=25435"}],"wp:term":[{"taxonomy":"category","embeddable":true,"href":"https:\/\/www.aquilaguna.com\/index.php\/wp-json\/wp\/v2\/categories?post=25435"},{"taxonomy":"post_tag","embeddable":true,"href":"https:\/\/www.aquilaguna.com\/index.php\/wp-json\/wp\/v2\/tags?post=25435"}],"curies":[{"name":"wp","href":"https:\/\/api.w.org\/{rel}","templated":true}]}}