{"id":25438,"date":"2025-04-02T16:59:02","date_gmt":"2025-04-02T22:59:02","guid":{"rendered":"https:\/\/www.aquilaguna.com\/?p=25438"},"modified":"2025-04-02T16:59:02","modified_gmt":"2025-04-02T22:59:02","slug":"roman-alberto-cepeda-gonzalez-hace-un-llamado-a-la-civilidad-ciudadana-para-contribuir-a-una-mayor-seguridad-vial","status":"publish","type":"post","link":"https:\/\/www.aquilaguna.com\/index.php\/2025\/04\/02\/roman-alberto-cepeda-gonzalez-hace-un-llamado-a-la-civilidad-ciudadana-para-contribuir-a-una-mayor-seguridad-vial\/","title":{"rendered":"Rom\u00e1n Alberto Cepeda Gonz\u00e1lez hace un llamado a la civilidad ciudadana para contribuir a una mayor Seguridad Vial."},"content":{"rendered":"\n<p>Torre\u00f3n, Coahuila. A 2 de abril de 2025.<\/p>\n\n\n\n<p>Durante la d\u00e9cimo segunda reuni\u00f3n semanal de seguridad, el alcalde Rom\u00e1n<br>Alberto Cepeda Gonz\u00e1lez hizo un llamado a la sociedad civil para concientizar su<br>comportamiento en materia de cultura vial y civilidad, a fin reducir los hechos de<br>tr\u00e1nsito en las calles, donde la principal causa de accidentes es la falta de<br>precauci\u00f3n.<\/p>\n\n\n\n<p>El Alcalde manifest\u00f3 la preocupaci\u00f3n y el inter\u00e9s de la Administraci\u00f3n Municipal<br>por los acontecimientos de tr\u00e1nsito que se presentan en la ciudad, y consider\u00f3<br>importante reforzar las estrategias de Seguridad Vial por parte de las autoridades<br>a trav\u00e9s de la homologaci\u00f3n de criterios, y llam\u00f3 a las C\u00e1maras, Consejos,<br>Universidades y sociedad civil en general a sumarse a los esfuerzos de<br>concientizaci\u00f3n.<\/p>\n\n\n\n<p>Dijo que todos los involucrados en la pir\u00e1mide de movilidad: peatones, ciclistas,<br>operadores de veh\u00edculos particulares y de servicio de transporte p\u00fablico, deben<br>seguir el Reglamento de Tr\u00e1nsito, y atender las medidas preventivas de Seguridad<br>Vial como respetar los l\u00edmites de velocidad, dejar el celular al conducir, y asuman<br>su responsabilidad como conductores.<\/p>\n\n\n\n<p>Por parte del Municipio, el edil destac\u00f3 los programas dirigidos a la conducci\u00f3n<br>defensiva y preventiva de motociclistas, las acciones de se\u00f1al\u00e9tica y programas de<br>cultura, reeducaci\u00f3n vial, y movilidad escolar, entre otros, y exhort\u00f3 a la<br>ciudadan\u00eda a participar para lograr en conjunto la reducci\u00f3n de accidentes de<br>tr\u00e1nsito.<\/p>\n\n\n\n<p>Referente al \u00edndice semanal de incidencia delictiva, el comisario C\u00e9sar Antonio<br>Perales Esparza inform\u00f3 que del 25 al 31 de marzo, disminuy\u00f3 el \u00edndice delictivo<br>en el rubro de robo a casa-habitaci\u00f3n, con siete eventos; robo a local comercial,<br>con siete eventos; y se mantuvo el \u00edndice de robo a persona con violencia, con un<br>evento.<\/p>\n\n\n\n<p>La Polic\u00eda Municipal efectu\u00f3 103 detenciones que fueron remitidas al Ministerio<br>P\u00fablico y 89 al Juez Calificador.<br>\u00a0<br>El Grupo de Reacci\u00f3n Torre\u00f3n realiz\u00f3 27 detenciones relacionadas con la<br>posesi\u00f3n de narc\u00f3ticos.<\/p>\n\n\n\n<p>Martha Esther Rodr\u00edguez Romero, directora del Centro de Justicia Municipal,<br>inform\u00f3 que el mes de marzo cerr\u00f3 con 413 personas detenidas por faltas<br>administrativas, entre las que destaca alterar el orden en la v\u00eda p\u00fablica y persona<br>intoxicada.<\/p>\n\n\n\n<p>Por otro lado, dio a conocer sobre el acuerdo de colaboraci\u00f3n celebrado con el<br>DIF Torre\u00f3n, el cual permitir\u00e1 canalizar a personas detenidas a los programas del<br>organismo como son el de atenci\u00f3n psicol\u00f3gica en los centros comunitarios o de<br>talleres productivos.<\/p>\n\n\n\n<p>Indic\u00f3 adem\u00e1s que el \u00e1rea de Juzgado C\u00edvico atendi\u00f3 81 audiencias en la<br>semana, de las cuales 66 personas infractoras cumplieron sus horas de arresto, y<br>las dem\u00e1s se resolvieron por convenio o falta de m\u00e9ritos.<\/p>\n\n\n\n<p>Luis Alberto Morales Cort\u00e9s, director de Vialidad y Movilidad Urbana, destac\u00f3 que<br>agentes y personal administrativo de la dependencia fueron capacitados en<br>primeros auxilios psicol\u00f3gicos a personas en el espectro autista por la comunidad<br>\u201cCaf\u00e9 At\u00edpico\u201d, en conjunto con la Universidad Aut\u00f3noma de Coahuila, a fin de<br>concientizarlos y ofrecer una atenci\u00f3n adecuada a personas con esta condici\u00f3n.<\/p>\n\n\n\n<p>Tambi\u00e9n anunci\u00f3 el evento \u201cLa Lagunera 2025 \u201ca celebrarse del 23 al 25 de mayo<br>pr\u00f3ximos, con el objetivo de promover el turismo en la regi\u00f3n y celebrar la cultura<br>de Seguridad Vial Motociclista, con el apoyo del alcalde Rom\u00e1n Alberto Cepeda<br>Gonz\u00e1lez.<\/p>\n\n\n\n<p>Se\u00f1al\u00f3 que se llev\u00f3 la capacitaci\u00f3n \u201cConducci\u00f3n defensiva y preventiva para<br>motociclistas\u201d a la empresa Durakelo, ubicada en la colonia Centro, y agreg\u00f3 que<br>la cifra de participantes en los cursos de adiestramiento en lo que va del a\u00f1o,<br>representa el 53 por ciento de los capacitados en todo el 2024.<\/p>\n\n\n\n<p>Jorge Luis Ju\u00e1rez Llanas, director de Protecci\u00f3n Civil y Bomberos, mencion\u00f3 que<br>esta semana se atendieron 253 servicios por parte de las diferentes estaciones de<br>la corporaci\u00f3n.<\/p>\n\n\n\n<p>Adem\u00e1s, inform\u00f3 que 60 alumnos de las Academias de Protecci\u00f3n Civil y<br>Bomberos recibieron una capacitaci\u00f3n en primeros auxilios con el apoyo de la<br>Cruz Roja, con el fin de sumarse a la atenci\u00f3n en el Cristo de las Noas como parte<br>del operativo de Semana Santa.<\/p>\n\n\n\n<p>El director agreg\u00f3 que contin\u00faan las acciones preventivas de atenci\u00f3n a lluvias, en<br>la \u00faltima semana se atendi\u00f3 la limpieza en el pozo de captaci\u00f3n ubicado en el<br>Fraccionamiento Villas de las Flores donde en la revisi\u00f3n encontraron maleza y<br>escombro.<\/p>\n\n\n\n<p>Pablo Fern\u00e1ndez Llamas, director de Inspecci\u00f3n y Verificaci\u00f3n, inform\u00f3 que los<br>principales reportes que recibi\u00f3 la dependencia mediante el sistema 073, fueron<br>por obstrucci\u00f3n en la v\u00eda p\u00fablica, con 24; y veh\u00edculos chatarra, con 13.<\/p>\n\n\n\n<p>Indic\u00f3 que contin\u00faa vigente el operativo Regular\u00edzate Torre\u00f3n, que se lleva a cabo<br>con la finalidad de invitar a los negocios del municipio a que se ordenen en el tema<br>de Licencias de Funcionamiento y otros requisitos<\/p>\n","protected":false},"excerpt":{"rendered":"<p>Torre\u00f3n, Coahuila. A 2 de abril de 2025. Durante la d\u00e9cimo segunda reuni\u00f3n semanal de seguridad, el alcalde Rom\u00e1nAlberto Cepeda Gonz\u00e1lez hizo un llamado a la sociedad civil para concientizar sucomportamiento en materia de cultura vial y civilidad, a fin reducir los hechos detr\u00e1nsito en las calles, donde la principal causa de accidentes es la falta deprecauci\u00f3n. El Alcalde manifest\u00f3 la preocupaci\u00f3n y el inter\u00e9s de la Administraci\u00f3n Municipalpor los&#8230;<\/p>\n","protected":false},"author":1,"featured_media":25439,"comment_status":"closed","ping_status":"","sticky":false,"template":"","format":"standard","meta":{"footnotes":""},"categories":[5,28],"tags":[],"class_list":["post-25438","post","type-post","status-publish","format-standard","has-post-thumbnail","hentry","category-coahuila","category-la-laguna","wpcat-5-id","wpcat-28-id"],"_links":{"self":[{"href":"https:\/\/www.aquilaguna.com\/index.php\/wp-json\/wp\/v2\/posts\/25438","targetHints":{"allow":["GET"]}}],"collection":[{"href":"https:\/\/www.aquilaguna.com\/index.php\/wp-json\/wp\/v2\/posts"}],"about":[{"href":"https:\/\/www.aquilaguna.com\/index.php\/wp-json\/wp\/v2\/types\/post"}],"author":[{"embeddable":true,"href":"https:\/\/www.aquilaguna.com\/index.php\/wp-json\/wp\/v2\/users\/1"}],"replies":[{"embeddable":true,"href":"https:\/\/www.aquilaguna.com\/index.php\/wp-json\/wp\/v2\/comments?post=25438"}],"version-history":[{"count":1,"href":"https:\/\/www.aquilaguna.com\/index.php\/wp-json\/wp\/v2\/posts\/25438\/revisions"}],"predecessor-version":[{"id":25440,"href":"https:\/\/www.aquilaguna.com\/index.php\/wp-json\/wp\/v2\/posts\/25438\/revisions\/25440"}],"wp:featuredmedia":[{"embeddable":true,"href":"https:\/\/www.aquilaguna.com\/index.php\/wp-json\/wp\/v2\/media\/25439"}],"wp:attachment":[{"href":"https:\/\/www.aquilaguna.com\/index.php\/wp-json\/wp\/v2\/media?parent=25438"}],"wp:term":[{"taxonomy":"category","embeddable":true,"href":"https:\/\/www.aquilaguna.com\/index.php\/wp-json\/wp\/v2\/categories?post=25438"},{"taxonomy":"post_tag","embeddable":true,"href":"https:\/\/www.aquilaguna.com\/index.php\/wp-json\/wp\/v2\/tags?post=25438"}],"curies":[{"name":"wp","href":"https:\/\/api.w.org\/{rel}","templated":true}]}}