{"id":25441,"date":"2025-04-02T17:01:46","date_gmt":"2025-04-02T23:01:46","guid":{"rendered":"https:\/\/www.aquilaguna.com\/?p=25441"},"modified":"2025-04-02T17:01:46","modified_gmt":"2025-04-02T23:01:46","slug":"impartiran-conferencia-sobre-la-identidad-politica-argentina-en-el-siglo-xx","status":"publish","type":"post","link":"https:\/\/www.aquilaguna.com\/index.php\/2025\/04\/02\/impartiran-conferencia-sobre-la-identidad-politica-argentina-en-el-siglo-xx\/","title":{"rendered":"Impartir\u00e1n conferencia sobre la identidad pol\u00edtica argentina en el siglo XX."},"content":{"rendered":"\n<p>Torre\u00f3n, Coahuila a 02 de abril del 2025.<\/p>\n\n\n\n<p>El Ayuntamiento de Torre\u00f3n a trav\u00e9s del Archivo Municipal, en coordinaci\u00f3n con la<br>Universidad Aut\u00f3noma de Entre R\u00edos, ofrecer\u00e1 una charla titulada: Juan Domingo<br>Per\u00f3n y el pensamiento de un argentino para todos los latinoamericanos, a cargo<br>del escritor An\u00edbal Antonio Parera.<\/p>\n\n\n\n<p>Cinthia Gaspar Montero, directora de la dependencia, inform\u00f3 que esta actividad<br>se realizar\u00e1 ma\u00f1ana jueves a las 19:00 horas, en el recinto hist\u00f3rico ubicado en<br>calle Acu\u00f1a 140 sur, colonia Centro. La entrada est\u00e1 abierta a todo p\u00fablico.<\/p>\n\n\n\n<p>En lo pol\u00edtico, el pensamiento de Juan Domingo Per\u00f3n era producto de m\u00faltiples<br>influencias que iban del nacionalismo cat\u00f3lico, el falangismo espa\u00f1ol y el fascismo<br>hasta el socialismo. En sus discursos de 1944, planteaba la necesidad de integrar<br>al obrero al sistema como un consumidor y de esa manera, alejarlo de la influencia<br>revolucionaria.<\/p>\n\n\n\n<p>An\u00edbal Antonio Parera es escritor, novelista e historiador argentino.<\/p>\n\n\n\n<p>Entre sus publicaciones est\u00e1n: &#8220;La Argentina Nacionalizada&#8221; (de los tiempos de la<br>conquista hasta la Batalla de Pav\u00f3n); &#8220;De Lambar\u00e9 al Paraguay&#8221; (una historia del<br>Paraguay); y &#8220;La Espada de la Confederaci\u00f3n&#8221;, un punto de vista sobre la vida<br>p\u00fablica y pol\u00edtica de Don Justo Jos\u00e9 de Urquiza.<\/p>\n\n\n\n<p>Acerca del tema de la charla de este jueves, la directora comparti\u00f3 el punto de<br>vista del historiador argentino Felipe Pigna: \u201cSiempre las facciones peronistas se<br>reclaman aut\u00e9nticas y genuinas. Todos dicen ser el peronismo verdadero, y eso<br>pasaba aun en vida de Per\u00f3n. Esto habla de un movimiento pol\u00edtico muy<br>incorrecto, inclasificable e interesante desde el punto de vista de an\u00e1lisis pol\u00edtico e<br>hist\u00f3rico, y esta imposibilidad de clasificarlo, en t\u00e9rminos por ejemplo de la<br>sociolog\u00eda europea, o de la izquierda y derecha cl\u00e1sicas tambi\u00e9n lo torna<br>sumamente atractivo\u201d.<\/p>\n\n\n\n<p>Es un fen\u00f3meno que surgi\u00f3 en otro momento del pa\u00eds, donde hab\u00eda un abandono<br>absoluto de la clase trabajadora. Hab\u00eda una identidad que estaba mutando, y se<br>iba trasformando con la llegada de los migrantes internos a los centros urbanos.<\/p>\n\n\n\n<p>Gente que ven\u00eda del campo, huyendo de la crisis del 30 que hab\u00eda castigado al<br>sector. Esa poblaci\u00f3n ven\u00eda sin una identidad pol\u00edtica definida a un mundo del trabajo donde predominaban las ideas de izquierda, socialistas, anarquistas, comunistas, que no eran quiz\u00e1s las m\u00e1s cercanas a la gente vinculada a lo campestre, a lo m\u00e1s nacional, a lo cat\u00f3lico. Hab\u00eda una falta de identidad social, que luego la encuentra en el peronismo. Es lo que los soci\u00f3logos la llaman &#8220;etapa<br>de espera&#8221; periodo &#8220;stand by&#8221;, que va mediados del 30 al 45. All\u00ed se da todo un debate interno en el movimiento obrero a c\u00f3mo va cambiar la identidad mayoritaria, de un movimiento izquierdista a un movimiento nacional y popular.<\/p>\n","protected":false},"excerpt":{"rendered":"<p>Torre\u00f3n, Coahuila a 02 de abril del 2025. El Ayuntamiento de Torre\u00f3n a trav\u00e9s del Archivo Municipal, en coordinaci\u00f3n con laUniversidad Aut\u00f3noma de Entre R\u00edos, ofrecer\u00e1 una charla titulada: Juan DomingoPer\u00f3n y el pensamiento de un argentino para todos los latinoamericanos, a cargodel escritor An\u00edbal Antonio Parera. Cinthia Gaspar Montero, directora de la dependencia, inform\u00f3 que esta actividadse realizar\u00e1 ma\u00f1ana jueves a las 19:00 horas, en el recinto hist\u00f3rico ubicado&#8230;<\/p>\n","protected":false},"author":1,"featured_media":25442,"comment_status":"closed","ping_status":"","sticky":false,"template":"","format":"standard","meta":{"footnotes":""},"categories":[5,28,7],"tags":[],"class_list":["post-25441","post","type-post","status-publish","format-standard","has-post-thumbnail","hentry","category-coahuila","category-la-laguna","category-torreon","wpcat-5-id","wpcat-28-id","wpcat-7-id"],"_links":{"self":[{"href":"https:\/\/www.aquilaguna.com\/index.php\/wp-json\/wp\/v2\/posts\/25441","targetHints":{"allow":["GET"]}}],"collection":[{"href":"https:\/\/www.aquilaguna.com\/index.php\/wp-json\/wp\/v2\/posts"}],"about":[{"href":"https:\/\/www.aquilaguna.com\/index.php\/wp-json\/wp\/v2\/types\/post"}],"author":[{"embeddable":true,"href":"https:\/\/www.aquilaguna.com\/index.php\/wp-json\/wp\/v2\/users\/1"}],"replies":[{"embeddable":true,"href":"https:\/\/www.aquilaguna.com\/index.php\/wp-json\/wp\/v2\/comments?post=25441"}],"version-history":[{"count":1,"href":"https:\/\/www.aquilaguna.com\/index.php\/wp-json\/wp\/v2\/posts\/25441\/revisions"}],"predecessor-version":[{"id":25443,"href":"https:\/\/www.aquilaguna.com\/index.php\/wp-json\/wp\/v2\/posts\/25441\/revisions\/25443"}],"wp:featuredmedia":[{"embeddable":true,"href":"https:\/\/www.aquilaguna.com\/index.php\/wp-json\/wp\/v2\/media\/25442"}],"wp:attachment":[{"href":"https:\/\/www.aquilaguna.com\/index.php\/wp-json\/wp\/v2\/media?parent=25441"}],"wp:term":[{"taxonomy":"category","embeddable":true,"href":"https:\/\/www.aquilaguna.com\/index.php\/wp-json\/wp\/v2\/categories?post=25441"},{"taxonomy":"post_tag","embeddable":true,"href":"https:\/\/www.aquilaguna.com\/index.php\/wp-json\/wp\/v2\/tags?post=25441"}],"curies":[{"name":"wp","href":"https:\/\/api.w.org\/{rel}","templated":true}]}}