{"id":25452,"date":"2025-04-02T20:33:23","date_gmt":"2025-04-03T02:33:23","guid":{"rendered":"https:\/\/www.aquilaguna.com\/?p=25452"},"modified":"2025-04-02T20:33:23","modified_gmt":"2025-04-03T02:33:23","slug":"detonan-sedatu-y-manolo-gran-programa-de-vivienda-para-coahuila","status":"publish","type":"post","link":"https:\/\/www.aquilaguna.com\/index.php\/2025\/04\/02\/detonan-sedatu-y-manolo-gran-programa-de-vivienda-para-coahuila\/","title":{"rendered":"DETONAN SEDATU Y MANOLO GRAN PROGRAMA DE VIVIENDA PARA COAHUILA."},"content":{"rendered":"\n<ul class=\"wp-block-list\">\n<li>En conjunto, el Gobierno del Estado y la Sedatu urbanizar\u00e1n terrenos para construir vivienda para la poblaci\u00f3n m\u00e1s vulnerable<\/li>\n<\/ul>\n\n\n\n<p>Saltillo, Coahuila de Zaragoza; a 2 de abril de 2025.- El gobernador Manolo Jim\u00e9nez Salinas junto a Edna Elena Vega Rangel, secretaria de Desarrollo Agrario, Territorial y Urbano (Sedatu) firmaron un convenio de colaboraci\u00f3n para el programa Vivienda para el Bienestar, convenio mediante el cual se otorgar\u00e1n todas las facilidades administrativas y beneficios fiscales a nivel estatal y municipal con el fin de otorgar certeza jur\u00eddica a las familias coahuilenses.<\/p>\n\n\n\n<p>&#8220;En Palacio de Gobierno firmamos un acuerdo con la Dra. Edna Vega, secretaria de la Sedatu, para construir en conjunto cientos de viviendas para nuestras familias m\u00e1s vulnerables. Junto con los alcaldes Carlos Villarreal y Oscar R\u00edos, vamos a iniciar en Monclova y San Juan de Sabinas. Seguiremos trabajando en equipo con nuestra presidenta Claudia Sheinbaum por el bien de Coahuila y M\u00e9xico&#8221;, destac\u00f3 el gobernador.&nbsp;<\/p>\n\n\n\n<p>El programa busca construir un mill\u00f3n de viviendas durante su sexenio a trav\u00e9s del Infonavit y de la Comisi\u00f3n Nacional de Vivienda. Para Coahuila, la meta sexenal es de 26 mil viviendas.<\/p>\n\n\n\n<p>Manolo Jim\u00e9nez reiter\u00f3 su compromiso y voluntad de trabajo conjunto con el Gobierno Federal en todos aquellos proyectos y programas que tengan que ver con mejorar la calidad de vida de las familias de Coahuila.<\/p>\n\n\n\n<p>Inform\u00f3 que el programa inici\u00f3 en Coahuila con la donaci\u00f3n de terrenos en las regiones Centro y Carbon\u00edfera.<\/p>\n\n\n\n<p>\u201cCon este programa, de entrada, se logra generar empleo, pero tambi\u00e9n se logra dar oferta de vivienda a personas que hoy en d\u00eda no tienen la posibilidad o tienen menos posibilidades que en otras regiones del estado\u201d, coment\u00f3.<\/p>\n\n\n\n<p>Jim\u00e9nez Salinas reiter\u00f3 el compromiso de su administraci\u00f3n de seguir avanzando en este programa, seguir consiguiendo predios y continuar en coordinaci\u00f3n en el tema de escrituraci\u00f3n.<\/p>\n\n\n\n<p>Destac\u00f3 que en Coahuila se trabaja de manera coordinada sociedad civil organizada, iniciativa privada, ciudadanos y los tres \u00f3rdenes de gobierno. Coment\u00f3 que se ha logrado una gran relaci\u00f3n con la Presidenta de M\u00e9xico y con su equipo de trabajo, gracias al cual se est\u00e1n llevando a cabo grandes proyectos como el de Agua Saludable para La Laguna, el tren de pasajeros de Saltillo a Nuevo Laredo, la modernizaci\u00f3n y rehabilitaci\u00f3n de carretera 57.<\/p>\n\n\n\n<p>Adem\u00e1s, otros proyectos de infraestructura como el bulevar de Saltillo a Derramadero, la prolongaci\u00f3n del bulevar Nazario Ortiz, y otras obras importantes en todas las regiones.<\/p>\n\n\n\n<p>Manolo Jim\u00e9nez indic\u00f3 que, de igual manera, se trabaja en completa coordinaci\u00f3n con el Gobierno Federal, las fuerzas armadas, el poder legislativo, el poder judicial, las fiscal\u00edas y los municipios en un pilar fundamental para que las y los coahuilenses tengan calidad de vida, que es la seguridad.&nbsp;<\/p>\n\n\n\n<p>\u201cEso nos permite con voluntad pol\u00edtica y con coordinaci\u00f3n, que hoy Coahuila sea el tercer estado m\u00e1s seguro de M\u00e9xico. Aqu\u00ed en Coahuila tenemos la frontera m\u00e1s segura del pa\u00eds, que es Piedras Negras, y que es la segunda ciudad m\u00e1s segura de M\u00e9xico. Tenemos la capital m\u00e1s segura del pa\u00eds, que es Saltillo, y que es la cuarta ciudad m\u00e1s segura del pa\u00eds; y tenemos Torre\u00f3n, que est\u00e1 dentro de las 15 ciudades m\u00e1s seguras de las ciento y tantas ciudades que se eval\u00faan. Entonces, eso nos permite que nuestra gente pueda andar con paz, con tranquilidad; nos permite que puedan llegar inversiones&#8221;, se\u00f1al\u00f3.<\/p>\n\n\n\n<p>\u201cEste programa de vivienda, las grandes obras de infraestructura, el tema de seguridad, de inversi\u00f3n, de empleo, al final de cuentas impacta para que la gente que vive en Coahuila tenga una de las mejores calidades de vida que hay en el pa\u00eds\u201d, destac\u00f3 el gobernador Manolo Jim\u00e9nez Salinas.<\/p>\n\n\n\n<p>La titular de Sedatu, Edna Elena Vega Rangel mencion\u00f3 que otros de los objetivos de este programa Vivienda para el Bienestar es la reactivaci\u00f3n econ\u00f3mica del pa\u00eds, ya que el sector de la vivienda involucra a 87 ramas de la econom\u00eda.<\/p>\n\n\n\n<p>Es un noble programa que implica la suma de esfuerzos de los tres niveles de gobierno, de prestadores de servicios, de proveedores de materiales\u201d, coment\u00f3.<\/p>\n\n\n\n<p>Agradeci\u00f3 al gobernador Manolo Jim\u00e9nez por su voluntad y disposici\u00f3n en la firma de este convenio.<\/p>\n\n\n\n<p>Javier D\u00edaz Gonz\u00e1lez, alcalde de Saltillo, expres\u00f3 que cuando se trabaja de manera coordinada y de manera transversal entre los diferentes \u00f3rdenes de gobierno, pensando siempre en el bienestar de las y los mexicanos con mayores necesidades, se logran acuerdos como \u00e9ste.<\/p>\n\n\n\n<p>Acompa\u00f1aron al gobernador en este evento, adem\u00e1s, Luz Elena Morales N\u00fa\u00f1ez, diputada presidenta de la Junta de Gobierno del Congreso local; Carlos Villarreal P\u00e9rez, alcalde de Monclova; \u00d3scar R\u00edos Ram\u00edrez, alcalde de San Juan de Sabinas; Rodrigo Ch\u00e1vez Contreras, director general de la Comisi\u00f3n Nacional de Vivienda; Jos\u00e9 Antonio Iracheta Carroll, director general del Instituto Nacional del Suelo Sustentable; Andr\u00e9s Felipe Osuna Mancera, director general de la comisi\u00f3n Estatal de Vivienda.<\/p>\n","protected":false},"excerpt":{"rendered":"<p>Saltillo, Coahuila de Zaragoza; a 2 de abril de 2025.- El gobernador Manolo Jim\u00e9nez Salinas junto a Edna Elena Vega Rangel, secretaria de Desarrollo Agrario, Territorial y Urbano (Sedatu) firmaron un convenio de colaboraci\u00f3n para el programa Vivienda para el Bienestar, convenio mediante el cual se otorgar\u00e1n todas las facilidades administrativas y beneficios fiscales a nivel estatal y municipal con el fin de otorgar certeza jur\u00eddica a las familias coahuilenses&#8230;.<\/p>\n","protected":false},"author":1,"featured_media":25453,"comment_status":"closed","ping_status":"","sticky":false,"template":"","format":"standard","meta":{"footnotes":""},"categories":[5,15,31,87],"tags":[],"class_list":["post-25452","post","type-post","status-publish","format-standard","has-post-thumbnail","hentry","category-coahuila","category-gobierno-de-coahuila","category-gobierno-federal","category-vivienda","wpcat-5-id","wpcat-15-id","wpcat-31-id","wpcat-87-id"],"_links":{"self":[{"href":"https:\/\/www.aquilaguna.com\/index.php\/wp-json\/wp\/v2\/posts\/25452","targetHints":{"allow":["GET"]}}],"collection":[{"href":"https:\/\/www.aquilaguna.com\/index.php\/wp-json\/wp\/v2\/posts"}],"about":[{"href":"https:\/\/www.aquilaguna.com\/index.php\/wp-json\/wp\/v2\/types\/post"}],"author":[{"embeddable":true,"href":"https:\/\/www.aquilaguna.com\/index.php\/wp-json\/wp\/v2\/users\/1"}],"replies":[{"embeddable":true,"href":"https:\/\/www.aquilaguna.com\/index.php\/wp-json\/wp\/v2\/comments?post=25452"}],"version-history":[{"count":1,"href":"https:\/\/www.aquilaguna.com\/index.php\/wp-json\/wp\/v2\/posts\/25452\/revisions"}],"predecessor-version":[{"id":25454,"href":"https:\/\/www.aquilaguna.com\/index.php\/wp-json\/wp\/v2\/posts\/25452\/revisions\/25454"}],"wp:featuredmedia":[{"embeddable":true,"href":"https:\/\/www.aquilaguna.com\/index.php\/wp-json\/wp\/v2\/media\/25453"}],"wp:attachment":[{"href":"https:\/\/www.aquilaguna.com\/index.php\/wp-json\/wp\/v2\/media?parent=25452"}],"wp:term":[{"taxonomy":"category","embeddable":true,"href":"https:\/\/www.aquilaguna.com\/index.php\/wp-json\/wp\/v2\/categories?post=25452"},{"taxonomy":"post_tag","embeddable":true,"href":"https:\/\/www.aquilaguna.com\/index.php\/wp-json\/wp\/v2\/tags?post=25452"}],"curies":[{"name":"wp","href":"https:\/\/api.w.org\/{rel}","templated":true}]}}