{"id":25455,"date":"2025-04-03T09:32:59","date_gmt":"2025-04-03T15:32:59","guid":{"rendered":"https:\/\/www.aquilaguna.com\/?p=25455"},"modified":"2025-04-03T09:32:59","modified_gmt":"2025-04-03T15:32:59","slug":"aqui-laguna-400","status":"publish","type":"post","link":"https:\/\/www.aquilaguna.com\/index.php\/2025\/04\/03\/aqui-laguna-400\/","title":{"rendered":"Aqu\u00ed Laguna."},"content":{"rendered":"\n<p>\u00bfNuevo orden Mundial\u00a0 impuesto unilateralmente? \u00bfEl T-MEC llega a su fin?\u00a0 As\u00ed parece, segun voluntad que expresa ya el\u00a0Presidente del vecino pa\u00eds del norte\u00a0luego de o\u00edr\u00a0el mensaje que desde la Casa Blanca este\u00a0 mismo mediod\u00eda,\u00a0 en el que hizo extensivo al mundo\u00a0 su pol\u00edtica \u00a0 econ\u00f3mica, de abierto signo proteccionista, que derrumba el mundo que\u00a0al menos para M\u00e9xico, gest\u00f3 el Tratado de Libre Comercio, bajo el entonces Presidente Carlos Salinas de Gortari -y\u00a0 hoy muy reconocido fruto del neoliberalismo-, \u00a0 y cuya extensi\u00f3n en su segunda revisi\u00f3n y que se encuentra hoy vigente est\u00e1 a punto de llegar a su t\u00e9rmino,\u00a0 cubre a la industria automotriz\u00a0que se contempla en el hoy T-MEC\u00a0fuera de aranceles,\u00a0 si bien impone,\u00a0un arancel generalizado del 10%, para\u00a0 los productos y bienes que no se cubran con este tratado.<\/p>\n\n\n\n<p>Lo informado &#8220;calm\u00f3 los nervios\u2019\u2019 , que impone la incertidumbre generada por un factor pol\u00edtico\u00a0 extramuros del pa\u00eds; el ex\u00f3tico\u00a0 estilo personal de gobernar de Trump, que lo\u00a0 define como\u00a0impredecible, vol\u00e1til y que en el caso de nuestro pa\u00eds,\u00a0liga\u00a0tales pasiones y vulnerabilidades, con\u00a0 el tema de la migraci\u00f3n y el narcotr\u00e1fico, que al parecer no\u00a0toca\u00a0con el resto de los pa\u00edses del mundo cuando este\u00a0d\u00eda\u00a0 impuso los aranceles generalizados con el resto de las naciones con la cual Estados Unidos\u00a0 sostiene v\u00ednculos comerciales.<\/p>\n\n\n\n<p>Con todo y ello los pron\u00f3sticos del orden econ\u00f3mico \u00a0seguir\u00e1n siendo reservados, y ah\u00ed\u00a0 se tienen ya con los exhibidos por entidades\u00a0especializadas\u00a0en ello, con el\u00a0d\u00e9bil\u00a0 crecimiento econ\u00f3mico que se espera para el a\u00f1o en curso, si lo anterior fuera poco, ah\u00ed est\u00e1 ya en marcha, otraaa, ola de\u00a0 incertidumbre,\u00a0de generaci\u00f3n local, digamos, como lo es el proceso ya en marcha de elecci\u00f3n de\u00a0una camada de\u00a0 integrantes para una nueva\u00a0 versi\u00f3n -no solicitada por pueblo alguno-,\u00a0del Poder Judicial, aplicadores de las leyes vigentes,\u00a0 proceso que ya exhibe sus inequidades, su complejidad, que parece hecho para expertos\u00a0 y no la\u00a0 simple y convocada ciudadan\u00eda all\u00e1 por el mes de junio y que una vez\u00a0 electos, &#8220;haya sido como haya sido&#8221;, tendr\u00e1n la correspondiente curva de\u00a0 aprendizaje, y adem\u00e1s,\u00a0 acomodo a los intereses que les permitieron ayudar a llegar a tal cargo, pues con todo y las camisas de fuerza impuestas para hacer campa\u00f1a a los pretensos, las limitaciones del monto de los recursos que de su propio peculio pueden\u00a0 gastar, la realidad acabar\u00e1 imponi\u00e9ndose\u00a0y los intereses de muy diverso orden\u00a0 acabaran filtr\u00e1ndose. Este proceso es otro de los elementos que fortalecen las\u00a0 dudas, las suspicacias, de los inversionistas, nacionales y extranjeros, pues\u00a0el dinero, ya se sabe, es\u00a0 miedoso y por lo pronto \u00a0 las certezas esperadas est\u00e1n m\u00e1s que tambaleantes. A\u00f1o dif\u00edcil este 2025, que agota ya la cuarta parte, del Siglo XXI,\u00a0 en M\u00e9xico.<\/p>\n\n\n\n<p>Calificar de &#8220;in\u00fatil&#8221; a la\u00a0 Licenciada Natalia Fern\u00e1ndez, cuando \u00e9sta fung\u00eda como Secretaria del Ayuntamiento en la primera gesti\u00f3n encabezada como alcalde por el Licenciado Rom\u00e1n Cepeda Gonz\u00e1lez, coloc\u00f3 al\u00a0 boc\u00f3n diputado\u00a0 de MORENA, el pluri Antonio Attolini Murra\u00a0con un pie de su humanidad\u00a0 ante\u00a0 la barandilla del Instituto Electoral de Coahuila, en un proceso abierto en su contra por la presunta comisi\u00f3n del delito de violencia pol\u00edtica por raz\u00f3n de g\u00e9nero,\u00a0 muy similar a la interpuesta \u00a0 por la Senadora Cecilia Guadiana\u00a0contra el interfecto, que\u00a0 en verdad, va que vuela para alcanzar por unanimidad\u00a0 el mote de &#8220;la paloma&#8221; pues cada vez que abre la boca, la caga;\u00a0 al no considerar que\u00a0 con todo y fuero\u00a0no debe y tambi\u00e9n no puede emitir, no solo por\u00a0educaci\u00f3n, por crianza, sino\u00a0por disposici\u00f3n\u00a0 legal expresa, adjetivos, descalificaciones\u00a0contra mujeres\u00a0sin m\u00e1s,\u00a0pues resulta que\u00a0la ley\u00a0 ha creado ya\u00a0 un blindaje jur\u00eddico\u00a0 que las protege, de ponerse en marcha por voluntad expresa como es el caso, a la fama p\u00fablica de las mujeres que se desempe\u00f1en en alguna encomienda, como es el caso de las dos\u00a0 damas citadas, que con sus denuncias interpuestas\u00a0 ante los \u00f3rganos correspondientes.<\/p>\n\n\n\n<p>Y vaya que tiene ante si un hueso duro de roer, para la administraci\u00f3n municipal que tiene bajo su responsabilidad aplicar las reglas del juego en materia de\u00a0 movilidad vehicular\u00a0en\u00a0Torre\u00f3n, Luis Morales, que escaso de\u00a0elementos\u00a0que\u00a0mandar, al tiempo que\u00a0tambi\u00e9n enfrenta un preocupante \u00edndice de accidentes, con saldos mortales, que se registran un dia s\u00ed y otro tambi\u00e9n, no solo en las carreteras vecinales que confluyen en la ciudad metr\u00f3poli de la Laguna, sino en sus calles y avenidas. Lo que se diga a los deudos de estos accidentes,\u00a0con todo y los m\u00faltiples argumentos sobre sus causas -entre ellas la m\u00e1s notable-, el\u00a0incontenible\u00a0aumento de\u00a0 puntos de venta\u00a0 de cerveza y bebidas embriagantes es mera ret\u00f3rica.<\/p>\n\n\n\n<p>Y vaya,\u00a0los Notarios P\u00fablicos, sujetos usufructuarios de\u00a0f\u00e9 p\u00fablica, concesionada, al menos en Coahuila, hasta el pasado sexenio, por la gracia de los\u00a0 entonces Gobernadores en turno, generalmente como un acto de despedida de\u00a0todas las facultades\u00a0 meta constitucionales, que se ejercieron en tal cargo. Dicen que\u00a0 hasta hoy tal honor cuesta, pues se le puso precio; una aportaci\u00f3n de casi 800 mil pesos por\u00a0 \u00a0 unidad, con rumbo a las finanzas del\u00a0Estado, y no es para nada, ni patente de corso, y mucho menos titulo nobiliario alguno, aunque algunos notarios pretenciosos\u00a0 as\u00ed se la creen. Por cierto, reciben\u00a0 subsidio, as\u00ed Torre\u00f3n cuenta desde\u00a0el a\u00f1o anterior, con 104 fedatarios, que ya eran muchos, pero pari\u00f3 la abuela -como se conoce a los que as\u00ed fueron\u00a0 considerados-,\u00a0que ejercen sus funciones en este municipio\u00a0\u00bfser\u00e1n muchos, ser\u00e1n pocos?, sabe Dios y \u00a1aver\u00edguelo Vargas!, eso si, est\u00e1n\u00a0 organizados\u00a0 \u00a0 cual \u00a0 poderoso Colegio, con altas pretensiones, algunas\u00a0est\u00e1n\u00a0por los suelos, es decir,\u00a0con el estampado de\u00a0 alguno nombres de sus socios, fallecidos\u00a0 unos, vigentes otros,\u00a0colocados\u00a0 estrat\u00e9gicamente en estrellas de\u00a0la banqueta de su sede, ubicada en Avenida Matamoros y Calle Trevi\u00f1o. Por cierto tal organizaci\u00f3n es objeto de subsidio autorizado apenas en la ultima sesi\u00f3n de Cabildo de Torre\u00f3n. Hoy alguno de sus miembros, andan ya\u00a0 entre se\u00f1alamientos de mal uso de las facultades concedidas graciosamente, en el tr\u00e1fico de terrenos -para\u00a0empezar-, y de la mano del controversial l\u00edder social Enrique Sarmiento.<\/p>\n\n\n\n<p>Por cierto en la ultima camada, de nuevo cu\u00f1o pues, destacaron los nombres de\u00a0 algunas f\u00e9minas, por desempe\u00f1ar alguna funci\u00f3n p\u00fablica, con todo y licencia solicitada, como\u00a0es el caso de la Licenciada\u00a0 Ang\u00e9lica Lydia Garc\u00eda Ruenes, titular del\u00a0 n\u00famero 96, quien fue recientemente designada por el alcalde como su Jefa de Gabinete,\u00a0 si bien cuida\u00a0 la concesi\u00f3n notarial, con licencia expresa de por medio, su \u00a0 adjunta\u00a0Mar\u00eda de las Mercedes Ruenes o bien\u00a0 la hora ex representante del Gobierno de Coahuila en la ciudad de M\u00e9xico Lourdes Quintero P\u00e1manes, con el n\u00famero 90, tambi\u00e9n con adjunto, o\u00a0bien la Licenciada Ver\u00f3nica Gonz\u00e1lez, sin licencia de por medio, por citar algunas&#8230;<\/p>\n\n\n\n<p>Y en el esc\u00e1ndalo\u00a0 ya no solo medi\u00e1tico, sino de orden judicial aun\u00a0 sofocado del llamado &#8220;contrabando de Huachicol Fiscal&#8221;, larga y duramente denunciado por\u00a0el regio Ramon Alberto Garza, a traves de su canal de YouTube \u00a0 C\u00f3digo Magenta, no dej\u00f3 de llamar la atenci\u00f3n\u00a0en las gr\u00e1ficas que ilustran la detenci\u00f3n del buque Challenger Procyon, en el Puerto de Altamira, Tamaulipas, el pasado lunes\u00a0en una de \u00e9stas, se\u00a0 advierte una pipa\u00a0 m\u00e1s en la largu\u00edsima\u00a0fila de estos veh\u00edculos, con el muy visible\u00a0logo de la empresa lagunera SIMSA, en espera de cargar diesel, presuntamente del contenido en el buque mencionado. Vaya traspi\u00e9, con tanto que han trabajado\u00a0y\u00a0aportado en actos de filantrop\u00eda algunos\u00a0 miembros de la familia\u00a0 Issa, propietarios de la empresa\u00a0mencionada por alcanzar\u00a0 redenci\u00f3n\u00a0y\u00a0ser muy, pero\u00a0muy prominentes miembros de la \u00e9lite social\u00a0 regional, pues de la econ\u00f3mica ya lo son&#8230;\u00a0<br><\/p>\n","protected":false},"excerpt":{"rendered":"<p>\u00bfNuevo orden Mundial\u00a0 impuesto unilateralmente? \u00bfEl T-MEC llega a su fin?\u00a0 As\u00ed parece, segun voluntad que expresa ya el\u00a0Presidente del vecino pa\u00eds del norte\u00a0luego de o\u00edr\u00a0el mensaje que desde la Casa Blanca este\u00a0 mismo mediod\u00eda,\u00a0 en el que hizo extensivo al mundo\u00a0 su pol\u00edtica \u00a0 econ\u00f3mica, de abierto signo proteccionista, que derrumba el mundo que\u00a0al menos para M\u00e9xico, gest\u00f3 el Tratado de Libre Comercio, bajo el entonces Presidente Carlos Salinas&#8230;<\/p>\n","protected":false},"author":2,"featured_media":0,"comment_status":"closed","ping_status":"","sticky":false,"template":"","format":"standard","meta":{"footnotes":""},"categories":[8],"tags":[],"class_list":["post-25455","post","type-post","status-publish","format-standard","hentry","category-aqui-laguna","wpcat-8-id"],"_links":{"self":[{"href":"https:\/\/www.aquilaguna.com\/index.php\/wp-json\/wp\/v2\/posts\/25455","targetHints":{"allow":["GET"]}}],"collection":[{"href":"https:\/\/www.aquilaguna.com\/index.php\/wp-json\/wp\/v2\/posts"}],"about":[{"href":"https:\/\/www.aquilaguna.com\/index.php\/wp-json\/wp\/v2\/types\/post"}],"author":[{"embeddable":true,"href":"https:\/\/www.aquilaguna.com\/index.php\/wp-json\/wp\/v2\/users\/2"}],"replies":[{"embeddable":true,"href":"https:\/\/www.aquilaguna.com\/index.php\/wp-json\/wp\/v2\/comments?post=25455"}],"version-history":[{"count":1,"href":"https:\/\/www.aquilaguna.com\/index.php\/wp-json\/wp\/v2\/posts\/25455\/revisions"}],"predecessor-version":[{"id":25456,"href":"https:\/\/www.aquilaguna.com\/index.php\/wp-json\/wp\/v2\/posts\/25455\/revisions\/25456"}],"wp:attachment":[{"href":"https:\/\/www.aquilaguna.com\/index.php\/wp-json\/wp\/v2\/media?parent=25455"}],"wp:term":[{"taxonomy":"category","embeddable":true,"href":"https:\/\/www.aquilaguna.com\/index.php\/wp-json\/wp\/v2\/categories?post=25455"},{"taxonomy":"post_tag","embeddable":true,"href":"https:\/\/www.aquilaguna.com\/index.php\/wp-json\/wp\/v2\/tags?post=25455"}],"curies":[{"name":"wp","href":"https:\/\/api.w.org\/{rel}","templated":true}]}}