{"id":25463,"date":"2025-04-03T21:16:08","date_gmt":"2025-04-04T03:16:08","guid":{"rendered":"https:\/\/www.aquilaguna.com\/?p=25463"},"modified":"2025-04-03T21:16:08","modified_gmt":"2025-04-04T03:16:08","slug":"queremos-que-le-vaya-bien-a-mexico-sin-triunfalismos-sino-con-realismo-ricardo-anaya","status":"publish","type":"post","link":"https:\/\/www.aquilaguna.com\/index.php\/2025\/04\/03\/queremos-que-le-vaya-bien-a-mexico-sin-triunfalismos-sino-con-realismo-ricardo-anaya\/","title":{"rendered":"QUEREMOS QUE LE VAYA BIEN A M\u00c9XICO, SIN TRIUNFALISMOS SINO CON REALISMO: RICARDO ANAYA."},"content":{"rendered":"\n<ul class=\"wp-block-list\">\n<li>Plan M\u00e9xico: \u201cvaguedades\u201d y un cat\u00e1logo de cosas que el gobierno por ley est\u00e1 obligado a hacer.<\/li>\n<\/ul>\n\n\n\n<p>El coordinador del Grupo Parlamentario del PAN en el Senado, Ricardo Anaya Cort\u00e9s, asegur\u00f3 que el triunfalismo del gobierno de Claudia Sheinbaum es una absoluta irresponsabilidad frente al conflicto comercial de aranceles provocado por Estados Unidos.<\/p>\n\n\n\n<p>\u201cQueremos que le vaya bien al pa\u00eds y por eso le exigimos al gobierno que asuma una posici\u00f3n realista y que dejen ese triunfalismo exacerbado que puede llevar a la gente a tomar malas decisiones\u201d afirm\u00f3.<\/p>\n\n\n\n<p>Hizo un llamado no solo al gobierno federal, sino al pueblo de M\u00e9xico a entender que viene un a\u00f1o complicado y es momento de cuidar el trabajo y no endeudarse.<\/p>\n\n\n\n<p>En conferencia de prensa, anunci\u00f3 que Acci\u00f3n Nacional present\u00f3 ya un paquete de tres iniciativas concretas para rescatar a la industria automotriz con est\u00edmulos fiscales reales y no como el anuncio del Plan M\u00e9xico, el cual calific\u00f3 como \u201cvaguedades\u201d y un cat\u00e1logo de cosas que el gobierno por ley est\u00e1 obligado a hacer.<\/p>\n\n\n\n<p>\u201cNada de eso va a da\u00f1ar a la econom\u00eda, pero ni remotamente ese plan es suficiente. Ese plan se queda absolutamente corto frente a las circunstancias que estamos viviendo\u201d consider\u00f3.<\/p>\n\n\n\n<p>El l\u00edder de la bancada del PAN en la C\u00e1mara Alta anticip\u00f3 que esta misma semana y en adici\u00f3n a las tres iniciativas, se presentar\u00e1 una Ley de Impulso y Emergencia Econ\u00f3mica para hacer frente a la realidad.<\/p>\n\n\n\n<p>Respecto a la declaraci\u00f3n del presidente Donald Trump, quien dijo que el T-MEC fue un desastre, Anaya Cort\u00e9s indic\u00f3 que es grav\u00edsima esta posici\u00f3n, ya que la econom\u00eda mexicana depende de una proporci\u00f3n extraordinaria de las exportaciones \u201cel 35 por ciento de toda nuestra econom\u00eda es lo que exportamos y como ya lo hemos dicho pr\u00e1cticamente todo, m\u00e1s del 80, lo exportamos a un solo pa\u00eds que es Estados Unidos\u201d.<\/p>\n\n\n\n<p>\u201cLo que creo que tenemos que hacer es uno, otra vez ser realistas, no querer tapar el sol con un dedo, escuchar lo que el se\u00f1or dijo, no lo que nosotros queremos o\u00edr y acelerar la renegociaci\u00f3n del T-MEC. M\u00e1s vale sentarnos a la mesa de manera pronta a renegociarlo, a que el se\u00f1or lo sigue incumpliendo, porque \u00e9l en los hechos ya lo desconoci\u00f3\u201d concluy\u00f3 el senador por Quer\u00e9taro.<\/p>\n","protected":false},"excerpt":{"rendered":"<p>El coordinador del Grupo Parlamentario del PAN en el Senado, Ricardo Anaya Cort\u00e9s, asegur\u00f3 que el triunfalismo del gobierno de Claudia Sheinbaum es una absoluta irresponsabilidad frente al conflicto comercial de aranceles provocado por Estados Unidos. \u201cQueremos que le vaya bien al pa\u00eds y por eso le exigimos al gobierno que asuma una posici\u00f3n realista y que dejen ese triunfalismo exacerbado que puede llevar a la gente a tomar malas&#8230;<\/p>\n","protected":false},"author":1,"featured_media":0,"comment_status":"closed","ping_status":"","sticky":false,"template":"","format":"standard","meta":{"footnotes":""},"categories":[17,51],"tags":[],"class_list":["post-25463","post","type-post","status-publish","format-standard","hentry","category-pan","category-senado","wpcat-17-id","wpcat-51-id"],"_links":{"self":[{"href":"https:\/\/www.aquilaguna.com\/index.php\/wp-json\/wp\/v2\/posts\/25463","targetHints":{"allow":["GET"]}}],"collection":[{"href":"https:\/\/www.aquilaguna.com\/index.php\/wp-json\/wp\/v2\/posts"}],"about":[{"href":"https:\/\/www.aquilaguna.com\/index.php\/wp-json\/wp\/v2\/types\/post"}],"author":[{"embeddable":true,"href":"https:\/\/www.aquilaguna.com\/index.php\/wp-json\/wp\/v2\/users\/1"}],"replies":[{"embeddable":true,"href":"https:\/\/www.aquilaguna.com\/index.php\/wp-json\/wp\/v2\/comments?post=25463"}],"version-history":[{"count":1,"href":"https:\/\/www.aquilaguna.com\/index.php\/wp-json\/wp\/v2\/posts\/25463\/revisions"}],"predecessor-version":[{"id":25464,"href":"https:\/\/www.aquilaguna.com\/index.php\/wp-json\/wp\/v2\/posts\/25463\/revisions\/25464"}],"wp:attachment":[{"href":"https:\/\/www.aquilaguna.com\/index.php\/wp-json\/wp\/v2\/media?parent=25463"}],"wp:term":[{"taxonomy":"category","embeddable":true,"href":"https:\/\/www.aquilaguna.com\/index.php\/wp-json\/wp\/v2\/categories?post=25463"},{"taxonomy":"post_tag","embeddable":true,"href":"https:\/\/www.aquilaguna.com\/index.php\/wp-json\/wp\/v2\/tags?post=25463"}],"curies":[{"name":"wp","href":"https:\/\/api.w.org\/{rel}","templated":true}]}}