{"id":25474,"date":"2025-04-04T17:35:05","date_gmt":"2025-04-04T23:35:05","guid":{"rendered":"https:\/\/www.aquilaguna.com\/?p=25474"},"modified":"2025-04-04T17:36:02","modified_gmt":"2025-04-04T23:36:02","slug":"25474","status":"publish","type":"post","link":"https:\/\/www.aquilaguna.com\/index.php\/2025\/04\/04\/25474\/","title":{"rendered":"09 de abril dan inicio las campa\u00f1as electorales en los municipios de Durango, G\u00f3mez Palacio y Lerdo."},"content":{"rendered":"\n<p>El 09 de abril de 2025 dar\u00e1n inicio las campa\u00f1as electorales en los Municipios de Durango, G\u00f3mez Palacio y Lerdo, por lo que el Instituto Electoral y de Participaci\u00f3n Ciudadana (IEPC) hace un llamado a los partidos pol\u00edticos y quienes estar\u00e1n en la b\u00fasqueda del sufragio a conducirse a la altura de las expectativas que exige la ciudadan\u00eda; en un marco de respeto, de generaci\u00f3n de propuestas realizables, y en donde se elimine por completo toda acci\u00f3n u acto de violencia pol\u00edtica por razones de g\u00e9nero.&nbsp;<\/p>\n\n\n\n<figure class=\"wp-block-table\"><table class=\"has-fixed-layout\"><tbody><tr><td colspan=\"3\"><strong>Duraci\u00f3n de campa\u00f1as para Ayuntamientos del Estado de Durango<\/strong><\/td><\/tr><tr><td><strong>Campa\u00f1as grupo A<\/strong><\/td><td>50 d\u00edas<\/td><td>Del 09 de abril al 28 de mayo de 2025<\/td><\/tr><tr><td><strong>Campa\u00f1as grupo B<\/strong><\/td><td>40 d\u00edas<\/td><td>Del 19 de abril al 28 de mayo de 2025<\/td><\/tr><tr><td><strong>Campa\u00f1as grupo C<\/strong><\/td><td>30 d\u00edas<\/td><td>Del 29 de abril al 28 de mayo de 2025<\/td><\/tr><\/tbody><\/table><\/figure>\n\n\n\n<p>La integraci\u00f3n de cada grupo de Ayuntamientos, es el siguiente:<\/p>\n\n\n\n<p><strong>Grupo A:<\/strong><strong> <\/strong>Durango, G\u00f3mez Palacio y Lerdo; Del 09 de abril al 28 de mayo de 2025.<\/p>\n\n\n\n<p><strong>Grupo B:<\/strong> Canatl\u00e1n, Cuencam\u00e9, Guadalupe Victoria, Mapim\u00ed, Mezquital, Nombre de Dios, Nuevo Ideal, Poanas, Pueblo Nuevo, San Dimas, Santiago Papasquiaro, Santa Mar\u00eda del Oro, Tamazula, Tlahualilo y Vicente Guerrero. Del 19 de abril al 28 de mayo de 2025.<\/p>\n\n\n\n<p><strong>Grupo C:<\/strong> Canelas, Coneto de Comonfort, General Sim\u00f3n Bol\u00edvar, Guanacev\u00ed, Hidalgo, Ind\u00e9, Nazas, Ocampo, Ot\u00e1ez, P\u00e1nuco de Coronado, Pe\u00f1\u00f3n Blanco, Rodeo, San Bernardo, San Juan de Guadalupe, San Juan del R\u00edo, San Luis de Cordero, San Pedro del Gallo, Santa Clara, S\u00fachil, Tepehuanes y Topia. Del 29 de abril al 28 de mayo de 2025.<\/p>\n\n\n\n<p>El art\u00edculo 19 de la Ley Local se\u00f1ala que el Municipio Libre es la base de la divisi\u00f3n territorial y de la organizaci\u00f3n pol\u00edtica y administrativa del Estado de Durango; y establece que cada ayuntamiento est\u00e1 integrado por una presidencia municipal y una sindicatura por mayor\u00eda relativa, y por regidur\u00edas de representaci\u00f3n proporcional electos cada tres a\u00f1os. El n\u00famero de regidur\u00edas de representaci\u00f3n proporcional en los municipios se asignar\u00e1n de conformidad con la siguiente distribuci\u00f3n:<\/p>\n\n\n\n<ul class=\"wp-block-list\">\n<li>En el municipio de Durango diecisiete regidur\u00edas; (17)<\/li>\n\n\n\n<li>En los municipios de G\u00f3mez Palacio y Lerdo quince regidur\u00edas; (15)&nbsp;&nbsp;<\/li>\n\n\n\n<li>En los municipios de Canatl\u00e1n, Cuencam\u00e9, Guadalupe Victoria, Mapim\u00ed, Mezquital, Nombre de Dios, Nuevo Ideal, Poanas, Pueblo Nuevo, San Dimas, Santiago Papasquiaro, Tamazula, Tlahualilo y Vicente Guerrero nueve regidur\u00edas; y (9)<\/li>\n\n\n\n<li>En los municipios de Canelas, Coneto de Comonfort, General Sim\u00f3n Bol\u00edvar, Guanacev\u00ed, Hidalgo, Ind\u00e9, Nazas, Ocampo, Ot\u00e1ez, P\u00e1nuco de Coronado, Pe\u00f1\u00f3n Blanco, Rodeo, San Bernardo, San Juan de Guadalupe, San Juan del R\u00edo, San Luis de Cordero, San Pedro del Gallo, Santa Clara, Santa Mar\u00eda del Oro, S\u00fachil, Tepehuanes y Topia, siete regidur\u00edas.&nbsp; (7)<\/li>\n<\/ul>\n\n\n\n<p>En total la ciudadan\u00eda duranguense estar\u00e1 eligiendo en la elecci\u00f3n de ayuntamientos los siguientes cargos:<\/p>\n\n\n\n<p>39 Presidencias Municipales&nbsp;<\/p>\n\n\n\n<p>39 Sindicaturas&nbsp;<\/p>\n\n\n\n<p>327 Regidur\u00edas&nbsp;<\/p>\n\n\n\n<p>Los topes de gastos de campa\u00f1a para cada uno de los Municipios son los siguientes:&nbsp;<\/p>\n\n\n\n<figure class=\"wp-block-table\"><table class=\"has-fixed-layout\"><thead><tr><th><strong>Municipio<\/strong><\/th><th><strong>Tope de Gasto de Campa\u00f1a 2025<\/strong><\/th><\/tr><\/thead><tbody><tr><td>Canatl\u00e1n<\/td><td>$1,411,516.90<\/td><\/tr><tr><td>Canelas<\/td><td>$173,574.76<\/td><\/tr><tr><td>Coneto de Comonfort<\/td><td>$187,803.98<\/td><\/tr><tr><td>Cuencam\u00e9<\/td><td>$1,482,391.45<\/td><\/tr><tr><td>Durango<\/td><td>$28,635,762.15<\/td><\/tr><tr><td>Sim\u00f3n Bol\u00edvar<\/td><td>$421,119.74<\/td><\/tr><tr><td>G\u00f3mez Palacio<\/td><td>$15,186,596.68<\/td><\/tr><tr><td>Guadalupe Victoria<\/td><td>$1,712,937.40<\/td><\/tr><tr><td>Guanacev\u00ed<\/td><td>$430,352.44<\/td><\/tr><tr><td>Hidalgo<\/td><td>$183,622.11<\/td><\/tr><tr><td>Ind\u00e9<\/td><td>$248,902.73<\/td><\/tr><tr><td>Lerdo<\/td><td>$6,445,022.01<\/td><\/tr><tr><td>Mapim\u00ed<\/td><td>$1,057,415.70<\/td><\/tr><tr><td>Mezquital<\/td><td>$2,018,485.46<\/td><\/tr><tr><td>Nazas<\/td><td>$554,505.10<\/td><\/tr><tr><td>Nombre de Dios<\/td><td>$867,602.25<\/td><\/tr><tr><td>Nuevo Ideal<\/td><td>$1,278,457.40<\/td><\/tr><tr><td>Ocampo<\/td><td>$387,882.02<\/td><\/tr><tr><td>El Oro<\/td><td>$575,848.93<\/td><\/tr><tr><td>Ot\u00e1ez<\/td><td>$221,802.04<\/td><\/tr><tr><td>P\u00e1nuco de Coronado<\/td><td>$629,507.21<\/td><\/tr><tr><td>Pe\u00f1\u00f3n Blanco<\/td><td>$479,937.47<\/td><\/tr><tr><td>Poanas<\/td><td>$1,164,949.50<\/td><\/tr><tr><td>Pueblo Nuevo<\/td><td>$2,043,793.92<\/td><\/tr><tr><td>Rodeo<\/td><td>$579,922.18<\/td><\/tr><tr><td>San Bernardo<\/td><td>$146,311.14<\/td><\/tr><tr><td>San Dimas<\/td><td>$771,962.34<\/td><\/tr><tr><td>San Juan de Guadalupe<\/td><td>$247,762.22<\/td><\/tr><tr><td>San Juan del Rio<\/td><td>$570,309.31<\/td><\/tr><tr><td>San Luis de Cordero<\/td><td>$110,140.68<\/td><\/tr><tr><td>San Pedro del Gallo<\/td><td>$77,446.06<\/td><\/tr><tr><td>Santa Clara<\/td><td>$295,337.78<\/td><\/tr><tr><td>Santiago Papasquiaro<\/td><td>$2,279,716.56<\/td><\/tr><tr><td>S\u00fachil<\/td><td>$318,582.46<\/td><\/tr><tr><td>Tamazula<\/td><td>$989,419.58<\/td><\/tr><tr><td>Tepehuanes<\/td><td>$642,487.30<\/td><\/tr><tr><td>Tlahualilo<\/td><td>$845,009.29<\/td><\/tr><tr><td>Topia<\/td><td>$324,936.73<\/td><\/tr><tr><td>Vicente Guerrero<\/td><td>$1,084,679.32<\/td><\/tr><\/tbody><\/table><\/figure>\n\n\n\n<p>Las personas candidatas que rebasen el tope de gasto de campa\u00f1a determinados, incurrir\u00e1n en el incumplimiento se\u00f1alado en el art\u00edculo 362 p\u00e1rrafo 1, fracci\u00f3n IV de la Ley Local.<\/p>\n\n\n\n<p>Fechas relevantes del Calendario Electoral&nbsp;<\/p>\n\n\n\n<p>Que el art\u00edculo 200 de la Ley Local, en el numeral 5, establece que el d\u00eda de la jornada electoral y durante los tres d\u00edas anteriores, no se permitir\u00e1n la celebraci\u00f3n de reuniones o actos de campa\u00f1a, de propaganda o de proselitismo electorales.<\/p>\n\n\n\n<p><strong>Fechas relevantes del Calendario Electoral para el Proceso Electoral Local 2024 &#8211; 2025<\/strong><\/p>\n\n\n\n<figure class=\"wp-block-table\"><table class=\"has-fixed-layout\"><tbody><tr><td>Campa\u00f1as electorales Grupo A<\/td><td>9 de abril al 28 de mayo de 2025<\/td><\/tr><tr><td>Campa\u00f1as electorales Grupo B<\/td><td>19 de abril al 28 de mayo de 2025<\/td><\/tr><tr><td>Campa\u00f1as electorales Grupo C<\/td><td>29 de abril al 28 de mayo de 2025<\/td><\/tr><tr><td>Veda Electoral<\/td><td>Del 29 al 31 de mayo de 2025<\/td><\/tr><tr><td>Jornada Electoral<\/td><td>1 de junio de 2025<\/td><\/tr><\/tbody><\/table><\/figure>\n\n\n\n<p>Las Convocatorias que est\u00e1n abiertas para las y los integrantes de los medios de comunicaci\u00f3n, as\u00ed como para la ciudadan\u00eda, son las de Observaci\u00f3n Electoral, en donde cada uno de las personas podr\u00e1 ver mas de cerca lo relacionado a la elecci\u00f3n de los 39 ayuntamientos, al igual que todo lo que se hace en la Elecci\u00f3n Ordinaria del Poder Judicial Local.<\/p>\n\n\n\n<p>Adem\u00e1s, otra de las Convocatorias que se tendr\u00e1n para medios de comunicaci\u00f3n es la relacionada con la de difusores del Programa de Resultados Electorales Preliminares, en donde en cada uno de sus respectivos sitios&nbsp;<\/p>\n\n\n\n<p>Para m\u00e1s informaci\u00f3n consulta la p\u00e1gina web del IEPC: <a href=\"https:\/\/www.iepcdurango.mx\/\" target=\"_blank\" rel=\"noreferrer noopener\">https:\/\/www.iepcdurango.mx\/<\/a>&nbsp;<\/p>\n","protected":false},"excerpt":{"rendered":"<p>El 09 de abril de 2025 dar\u00e1n inicio las campa\u00f1as electorales en los Municipios de Durango, G\u00f3mez Palacio y Lerdo, por lo que el Instituto Electoral y de Participaci\u00f3n Ciudadana (IEPC) hace un llamado a los partidos pol\u00edticos y quienes estar\u00e1n en la b\u00fasqueda del sufragio a conducirse a la altura de las expectativas que exige la ciudadan\u00eda; en un marco de respeto, de generaci\u00f3n de propuestas realizables, y en&#8230;<\/p>\n","protected":false},"author":1,"featured_media":25475,"comment_status":"closed","ping_status":"closed","sticky":false,"template":"","format":"standard","meta":{"footnotes":""},"categories":[1],"tags":[],"class_list":["post-25474","post","type-post","status-publish","format-standard","has-post-thumbnail","hentry","category-uncategorized","wpcat-1-id"],"_links":{"self":[{"href":"https:\/\/www.aquilaguna.com\/index.php\/wp-json\/wp\/v2\/posts\/25474","targetHints":{"allow":["GET"]}}],"collection":[{"href":"https:\/\/www.aquilaguna.com\/index.php\/wp-json\/wp\/v2\/posts"}],"about":[{"href":"https:\/\/www.aquilaguna.com\/index.php\/wp-json\/wp\/v2\/types\/post"}],"author":[{"embeddable":true,"href":"https:\/\/www.aquilaguna.com\/index.php\/wp-json\/wp\/v2\/users\/1"}],"replies":[{"embeddable":true,"href":"https:\/\/www.aquilaguna.com\/index.php\/wp-json\/wp\/v2\/comments?post=25474"}],"version-history":[{"count":2,"href":"https:\/\/www.aquilaguna.com\/index.php\/wp-json\/wp\/v2\/posts\/25474\/revisions"}],"predecessor-version":[{"id":25477,"href":"https:\/\/www.aquilaguna.com\/index.php\/wp-json\/wp\/v2\/posts\/25474\/revisions\/25477"}],"wp:featuredmedia":[{"embeddable":true,"href":"https:\/\/www.aquilaguna.com\/index.php\/wp-json\/wp\/v2\/media\/25475"}],"wp:attachment":[{"href":"https:\/\/www.aquilaguna.com\/index.php\/wp-json\/wp\/v2\/media?parent=25474"}],"wp:term":[{"taxonomy":"category","embeddable":true,"href":"https:\/\/www.aquilaguna.com\/index.php\/wp-json\/wp\/v2\/categories?post=25474"},{"taxonomy":"post_tag","embeddable":true,"href":"https:\/\/www.aquilaguna.com\/index.php\/wp-json\/wp\/v2\/tags?post=25474"}],"curies":[{"name":"wp","href":"https:\/\/api.w.org\/{rel}","templated":true}]}}