{"id":25517,"date":"2025-04-07T18:36:33","date_gmt":"2025-04-08T00:36:33","guid":{"rendered":"https:\/\/www.aquilaguna.com\/?p=25517"},"modified":"2025-04-07T18:36:33","modified_gmt":"2025-04-08T00:36:33","slug":"fallece-una-persona-en-enfrentamiento-provocado-por-desalojo-de-predio","status":"publish","type":"post","link":"https:\/\/www.aquilaguna.com\/index.php\/2025\/04\/07\/fallece-una-persona-en-enfrentamiento-provocado-por-desalojo-de-predio\/","title":{"rendered":"Fallece una persona en enfrentamiento provocado por desalojo de predio."},"content":{"rendered":"\n<p>Torre\u00f3n, Coahuila.- En acci\u00f3n de desalojo\u00a0 en acatamiento a mandato judicial\u00a0registrado en las primeras horas de este dia, en\u00a0terrenos del Ejido Nuevo Mieleras en este municipio, elementos de Grupo de Reacci\u00f3n Torre\u00f3n, se enfrentaron contra un grupo de pobladores\u00a0del lugar que se resistieron\u00a0al mismo armados de palos y machetes, resultando un participante\u00a0lesionado\u00a0y posteriormente fallecido por\u00a0 mortal herida de bala y un elemento polic\u00edaco lesionado\u00a0 de un machetazo\u00a0en su cabeza.<\/p>\n\n\n\n<p>Hasta el momento solo trascendi\u00f3 la identidad del fallecido, Rolando Medina Puentes de\u00a035 a\u00f1os de edad y\u00a0sin conocerse\u00a0aun\u00a0la identidad del elemento del Grupo de Reacci\u00f3n Torre\u00f3n\u00a0al que pertenece\u00a0y que resultara\u00a0lesionado de un machetazo y que\u00a0fue presuntamente detenido.\u00a0<\/p>\n\n\n\n<p>De estos hechos,\u00a0 de los\u00a0cuales todav\u00eda a las 16:45 horas no se conoc\u00eda &#8220;parte\u00a0 oficial&#8221; de\u00a0 los mismos,\u00a0con todo y que el Secretario del Ayuntamiento\u00a0 Jos\u00e9 Ganem Guerrero convoc\u00f3 y realiz\u00f3 una rueda de prensa\u00a0 acompa\u00f1ado por el Licenciado Ariel Mart\u00ednez, en ausencia del alcalde Rom\u00e1n Alberto Cepeda tampoco\u00a0 gener\u00f3 puntual\u00a0 y elemental informaci\u00f3n narrativa de los\u00a0 hechos, pues no se mostr\u00f3 el\u00a0 mandato judicial emitido\u00a0por\u00a0autoridad competente\u00a0que lo haya ordenado\u00a0y si se agotaron previamente\u00a0 los protocolos \u00a0 que le ley fija\u00a0 en estos temas\u00a0y que fundamentaran\u00a0la intervenci\u00f3n de la fuerza p\u00fablica para\u00a0hacer acatar tal decisi\u00f3n, m\u00e1s all\u00e1 de\u00a0un justificante &#8220;nuestro rol fue cumplir la ley, pero la situaci\u00f3n de sali\u00f3 de control&#8221;.<\/p>\n\n\n\n<p>No se conoci\u00f3 pues, siquiera la identidad del denunciante que\u00a0ni el\u00a0 juicio, nu\u00famero y\u00a0ubicaci\u00f3n judicial del mismo, as\u00ed como del juez que emiti\u00f3 la orden de desalojo,\u00a0 as\u00ed como los nombres\u00a0de los denunciados y el n\u00famero de parcela\u00a0en disputa.<\/p>\n\n\n\n<p><strong>NO ES LA PRIMERA.<\/strong><\/p>\n\n\n\n<p>Ese\u00a0 nuevo desalojo, hizo recordar el anterior, registrado el pasado 19 de febrero del\u00a0a\u00f1o en curso, cuando con uso de la fuerza p\u00fablica, de la Direcci\u00f3n de Seguridad P\u00fablica se\u00a0consum\u00f3 una acci\u00f3n similar a la hoy registrada,\u00a0bajo\u00a0 un supuesto o real mandato judicial de inc\u00f3gnito juez\u00a0y\u00a0sin conocerse la identidad\u00a0del\u00a0 presunto\u00a0propietario\u00a0denunciante\u00a0del predio\u00a0localizado en el &#8220;Fraccionamiento Ana&#8221;, lote que perteneci\u00f3\u00a0 a terrenos que fueron del ejido del mismo nombre en este\u00a0 mismo municipio y que era ocupado por el grupo desalojado &#8220;desde\u00a0hacia m\u00e1s de diez a\u00f1os&#8221;.<\/p>\n\n\n\n<p>En esto ocasi\u00f3n con todo y las resistencia de los ah\u00ed alojados, se pudo consumar la decisi\u00f3n judicial, \u00a0 procediendo las fuerzas del orden con auxilio de maquinaria derribar las precarias construcciones realizadas\u00a0 con cartones, desechos de maderas, hule, etc., etc., en tanto que los vecinos en apuros,\u00a0 algunos lograron\u00a0sacar sus escasos bienes y otros, optaron por incendiarlos junto con los jacales que habitaban, acci\u00f3n que hizo necesaria la intervenci\u00f3n de los bomberos.<\/p>\n\n\n\n<p>Se ignora si\u00a0 las familias desalojadas fueron apoyados por la autoridad para encontrar\u00a0o establecer condiciones que les permitieran encontrar cobijo, techo donde\u00a0 alojarse o bien, si tales acciones han gestado la urgente necesidad de implementar\u00a0pol\u00edtica p\u00fayblica alguna y recursos\u00a0para satisfacer las demandas de vivienda que requiere la poblaci\u00f3n m\u00e1s que\u00a0 vulnerable.<\/p>\n","protected":false},"excerpt":{"rendered":"<p>Torre\u00f3n, Coahuila.- En acci\u00f3n de desalojo\u00a0 en acatamiento a mandato judicial\u00a0registrado en las primeras horas de este dia, en\u00a0terrenos del Ejido Nuevo Mieleras en este municipio, elementos de Grupo de Reacci\u00f3n Torre\u00f3n, se enfrentaron contra un grupo de pobladores\u00a0del lugar que se resistieron\u00a0al mismo armados de palos y machetes, resultando un participante\u00a0lesionado\u00a0y posteriormente fallecido por\u00a0 mortal herida de bala y un elemento polic\u00edaco lesionado\u00a0 de un machetazo\u00a0en su cabeza. Hasta&#8230;<\/p>\n","protected":false},"author":2,"featured_media":0,"comment_status":"closed","ping_status":"","sticky":false,"template":"","format":"standard","meta":{"footnotes":""},"categories":[5,28,24,7],"tags":[],"class_list":["post-25517","post","type-post","status-publish","format-standard","hentry","category-coahuila","category-la-laguna","category-seguridad","category-torreon","wpcat-5-id","wpcat-28-id","wpcat-24-id","wpcat-7-id"],"_links":{"self":[{"href":"https:\/\/www.aquilaguna.com\/index.php\/wp-json\/wp\/v2\/posts\/25517","targetHints":{"allow":["GET"]}}],"collection":[{"href":"https:\/\/www.aquilaguna.com\/index.php\/wp-json\/wp\/v2\/posts"}],"about":[{"href":"https:\/\/www.aquilaguna.com\/index.php\/wp-json\/wp\/v2\/types\/post"}],"author":[{"embeddable":true,"href":"https:\/\/www.aquilaguna.com\/index.php\/wp-json\/wp\/v2\/users\/2"}],"replies":[{"embeddable":true,"href":"https:\/\/www.aquilaguna.com\/index.php\/wp-json\/wp\/v2\/comments?post=25517"}],"version-history":[{"count":1,"href":"https:\/\/www.aquilaguna.com\/index.php\/wp-json\/wp\/v2\/posts\/25517\/revisions"}],"predecessor-version":[{"id":25518,"href":"https:\/\/www.aquilaguna.com\/index.php\/wp-json\/wp\/v2\/posts\/25517\/revisions\/25518"}],"wp:attachment":[{"href":"https:\/\/www.aquilaguna.com\/index.php\/wp-json\/wp\/v2\/media?parent=25517"}],"wp:term":[{"taxonomy":"category","embeddable":true,"href":"https:\/\/www.aquilaguna.com\/index.php\/wp-json\/wp\/v2\/categories?post=25517"},{"taxonomy":"post_tag","embeddable":true,"href":"https:\/\/www.aquilaguna.com\/index.php\/wp-json\/wp\/v2\/tags?post=25517"}],"curies":[{"name":"wp","href":"https:\/\/api.w.org\/{rel}","templated":true}]}}