{"id":25519,"date":"2025-04-08T07:59:05","date_gmt":"2025-04-08T13:59:05","guid":{"rendered":"https:\/\/www.aquilaguna.com\/?p=25519"},"modified":"2025-04-08T07:59:05","modified_gmt":"2025-04-08T13:59:05","slug":"comunicado-desalojo-ejido-nuevo-mieleras","status":"publish","type":"post","link":"https:\/\/www.aquilaguna.com\/index.php\/2025\/04\/08\/comunicado-desalojo-ejido-nuevo-mieleras\/","title":{"rendered":"COMUNICADO DESALOJO EJIDO NUEVO MIELERAS."},"content":{"rendered":"\n<p>La ma\u00f1ana de este&nbsp;<strong>7 de abril<\/strong>, la Direcci\u00f3n de Seguridad P\u00fablica Municipal atendi\u00f3 una solicitud de&nbsp;<strong>acompa\u00f1amiento realizada por un Juez Estatal<\/strong>&nbsp;para llevar a cabo un&nbsp;<strong>desalojo de predios<\/strong>&nbsp;en el&nbsp;<em>Ejido Nuevo Mieleras<\/em>, a partir de las&nbsp;<strong>5:00 horas<\/strong>.<\/p>\n\n\n\n<p>Durante el operativo, el despliegue del personal gener\u00f3 molestia entre algunos habitantes de la zona, quienes&nbsp;<strong>intentaron impedir las acciones legales<\/strong>, provocando disturbios que lamentablemente culminaron con una&nbsp;<strong>persona fallecida<\/strong>, identificada como&nbsp;<strong>Rolando Medina Puentes, de 35 a\u00f1os<\/strong>, quien recibi\u00f3 un&nbsp;<strong>impacto de arma de fuego<\/strong>. Tambi\u00e9n se report\u00f3 una persona m\u00e1s&nbsp;<strong>lesionada por arma blanca<\/strong>.<\/p>\n\n\n\n<p>El&nbsp;<strong>elemento del Grupo de Reacci\u00f3n Torre\u00f3n<\/strong>&nbsp;que accion\u00f3 su arma&nbsp;<strong>se entreg\u00f3 de inmediato<\/strong>&nbsp;y fue puesto a disposici\u00f3n del&nbsp;<strong>Ministerio P\u00fablico<\/strong>, para que se realice la investigaci\u00f3n correspondiente.<\/p>\n\n\n\n<p>La&nbsp;<strong>Fiscal\u00eda General del Estado de Coahuila<\/strong>&nbsp;ha iniciado la&nbsp;<strong>carpeta de investigaci\u00f3n<\/strong>&nbsp;para esclarecer los hechos y determinar las responsabilidades en este lamentable suceso.<\/p>\n","protected":false},"excerpt":{"rendered":"<p>La ma\u00f1ana de este&nbsp;7 de abril, la Direcci\u00f3n de Seguridad P\u00fablica Municipal atendi\u00f3 una solicitud de&nbsp;acompa\u00f1amiento realizada por un Juez Estatal&nbsp;para llevar a cabo un&nbsp;desalojo de predios&nbsp;en el&nbsp;Ejido Nuevo Mieleras, a partir de las&nbsp;5:00 horas. Durante el operativo, el despliegue del personal gener\u00f3 molestia entre algunos habitantes de la zona, quienes&nbsp;intentaron impedir las acciones legales, provocando disturbios que lamentablemente culminaron con una&nbsp;persona fallecida, identificada como&nbsp;Rolando Medina Puentes, de 35 a\u00f1os,&#8230;<\/p>\n","protected":false},"author":1,"featured_media":0,"comment_status":"closed","ping_status":"","sticky":false,"template":"","format":"standard","meta":{"footnotes":""},"categories":[5,28,24,7],"tags":[],"class_list":["post-25519","post","type-post","status-publish","format-standard","hentry","category-coahuila","category-la-laguna","category-seguridad","category-torreon","wpcat-5-id","wpcat-28-id","wpcat-24-id","wpcat-7-id"],"_links":{"self":[{"href":"https:\/\/www.aquilaguna.com\/index.php\/wp-json\/wp\/v2\/posts\/25519","targetHints":{"allow":["GET"]}}],"collection":[{"href":"https:\/\/www.aquilaguna.com\/index.php\/wp-json\/wp\/v2\/posts"}],"about":[{"href":"https:\/\/www.aquilaguna.com\/index.php\/wp-json\/wp\/v2\/types\/post"}],"author":[{"embeddable":true,"href":"https:\/\/www.aquilaguna.com\/index.php\/wp-json\/wp\/v2\/users\/1"}],"replies":[{"embeddable":true,"href":"https:\/\/www.aquilaguna.com\/index.php\/wp-json\/wp\/v2\/comments?post=25519"}],"version-history":[{"count":1,"href":"https:\/\/www.aquilaguna.com\/index.php\/wp-json\/wp\/v2\/posts\/25519\/revisions"}],"predecessor-version":[{"id":25520,"href":"https:\/\/www.aquilaguna.com\/index.php\/wp-json\/wp\/v2\/posts\/25519\/revisions\/25520"}],"wp:attachment":[{"href":"https:\/\/www.aquilaguna.com\/index.php\/wp-json\/wp\/v2\/media?parent=25519"}],"wp:term":[{"taxonomy":"category","embeddable":true,"href":"https:\/\/www.aquilaguna.com\/index.php\/wp-json\/wp\/v2\/categories?post=25519"},{"taxonomy":"post_tag","embeddable":true,"href":"https:\/\/www.aquilaguna.com\/index.php\/wp-json\/wp\/v2\/tags?post=25519"}],"curies":[{"name":"wp","href":"https:\/\/api.w.org\/{rel}","templated":true}]}}