{"id":25524,"date":"2025-04-08T18:05:39","date_gmt":"2025-04-09T00:05:39","guid":{"rendered":"https:\/\/www.aquilaguna.com\/?p=25524"},"modified":"2025-04-08T18:05:39","modified_gmt":"2025-04-09T00:05:39","slug":"informan-a-regidores-sobre-acciones-del-simv","status":"publish","type":"post","link":"https:\/\/www.aquilaguna.com\/index.php\/2025\/04\/08\/informan-a-regidores-sobre-acciones-del-simv\/","title":{"rendered":"Informan a regidores sobre acciones del SIMV."},"content":{"rendered":"\n<p>Torre\u00f3n, Coahuila. A 08 de abril de 2025.<\/p>\n\n\n\n<p>Con el objetivo de dar a conocer el trabajo constante del Sistema Integral de<br>Mantenimiento Vial (SIMV) a los regidores encargados de supervisar dicha \u00e1rea,<br>este martes los responsables de cada departamento presentaron un informe de<br>actividades.<\/p>\n\n\n\n<p>A la reuni\u00f3n acudi\u00f3 Jos\u00e9 Francisco \u00c1lvaro Guti\u00e9rrez Gonz\u00e1lez, jefe de sem\u00e1foros;<br>Antonio de Jes\u00fas Zapata de Luna, encargado del \u00e1rea de bacheo y pavimento;<br>adem\u00e1s de Vicente Triana Moreno, jefe del \u00e1rea de se\u00f1al\u00e9tica.<\/p>\n\n\n\n<p>Guti\u00e9rrez Gonz\u00e1lez expuso las labores de mantenimiento constante a los<br>sem\u00e1foros existentes, la sincronizaci\u00f3n de pares viales, bulevares y avenidas<br>principales, as\u00ed como la instalaci\u00f3n de sem\u00e1foros en cruceros nuevos y la atenci\u00f3n<br>a contingencias viales.<\/p>\n\n\n\n<p>Sumado a ello, Zapata de Luna, dijo que llevan a cabo acciones para la<br>rehabilitaci\u00f3n y reparaci\u00f3n de la superficie de rodamiento, que incluye el bacheo y<br>la aplicaci\u00f3n de microcarpeta.<\/p>\n\n\n\n<p>Adem\u00e1s de la fabricaci\u00f3n de mezcla asf\u00e1ltica para bacheo, la coordinaci\u00f3n y<br>apoyo con otras dependencias en caso de contingencias.<\/p>\n\n\n\n<p>Finalmente, Vicente Triana Moreno, indic\u00f3 que el objetivo de su \u00e1rea es rehabilitar<br>la infraestructura con se\u00f1al\u00e9tica, dando prioridad sobre todo a instituciones<br>educativas para brindar seguridad tanto a transe\u00fantes, como facilitar a los<br>conductores la orientaci\u00f3n accesible de las calles.<\/p>\n\n\n\n<p>Asimismo, renovar y rehabilitar la se\u00f1al\u00e9tica general y realizar acciones tendientes<br>a la construcci\u00f3n, reposici\u00f3n total o parcial de da\u00f1os sufridos a la infraestructura<br>vial, adem\u00e1s del apoyo a otras dependencias en caso de contingencias.<\/p>\n\n\n\n<p>La reuni\u00f3n forma parte de la tercera sesi\u00f3n de la Comisi\u00f3n de Obras P\u00fablicas e<br>Infraestructura, presidida por Ximena Villarreal Blake, e integrada adem\u00e1s por los<br>regidores Luis Alberto Ortiz Zorrilla, Ra\u00fal Fabi\u00e1n Ruelas Navarro, Dora Elia<br>Salinas Duran y Mar\u00eda del Socorro Aguilera P\u00e9rez.<\/p>\n","protected":false},"excerpt":{"rendered":"<p>Torre\u00f3n, Coahuila. A 08 de abril de 2025. Con el objetivo de dar a conocer el trabajo constante del Sistema Integral deMantenimiento Vial (SIMV) a los regidores encargados de supervisar dicha \u00e1rea,este martes los responsables de cada departamento presentaron un informe deactividades. A la reuni\u00f3n acudi\u00f3 Jos\u00e9 Francisco \u00c1lvaro Guti\u00e9rrez Gonz\u00e1lez, jefe de sem\u00e1foros;Antonio de Jes\u00fas Zapata de Luna, encargado del \u00e1rea de bacheo y pavimento;adem\u00e1s de Vicente Triana Moreno,&#8230;<\/p>\n","protected":false},"author":1,"featured_media":25525,"comment_status":"closed","ping_status":"","sticky":false,"template":"","format":"standard","meta":{"footnotes":""},"categories":[5,28,7],"tags":[],"class_list":["post-25524","post","type-post","status-publish","format-standard","has-post-thumbnail","hentry","category-coahuila","category-la-laguna","category-torreon","wpcat-5-id","wpcat-28-id","wpcat-7-id"],"_links":{"self":[{"href":"https:\/\/www.aquilaguna.com\/index.php\/wp-json\/wp\/v2\/posts\/25524","targetHints":{"allow":["GET"]}}],"collection":[{"href":"https:\/\/www.aquilaguna.com\/index.php\/wp-json\/wp\/v2\/posts"}],"about":[{"href":"https:\/\/www.aquilaguna.com\/index.php\/wp-json\/wp\/v2\/types\/post"}],"author":[{"embeddable":true,"href":"https:\/\/www.aquilaguna.com\/index.php\/wp-json\/wp\/v2\/users\/1"}],"replies":[{"embeddable":true,"href":"https:\/\/www.aquilaguna.com\/index.php\/wp-json\/wp\/v2\/comments?post=25524"}],"version-history":[{"count":1,"href":"https:\/\/www.aquilaguna.com\/index.php\/wp-json\/wp\/v2\/posts\/25524\/revisions"}],"predecessor-version":[{"id":25526,"href":"https:\/\/www.aquilaguna.com\/index.php\/wp-json\/wp\/v2\/posts\/25524\/revisions\/25526"}],"wp:featuredmedia":[{"embeddable":true,"href":"https:\/\/www.aquilaguna.com\/index.php\/wp-json\/wp\/v2\/media\/25525"}],"wp:attachment":[{"href":"https:\/\/www.aquilaguna.com\/index.php\/wp-json\/wp\/v2\/media?parent=25524"}],"wp:term":[{"taxonomy":"category","embeddable":true,"href":"https:\/\/www.aquilaguna.com\/index.php\/wp-json\/wp\/v2\/categories?post=25524"},{"taxonomy":"post_tag","embeddable":true,"href":"https:\/\/www.aquilaguna.com\/index.php\/wp-json\/wp\/v2\/tags?post=25524"}],"curies":[{"name":"wp","href":"https:\/\/api.w.org\/{rel}","templated":true}]}}