{"id":25533,"date":"2025-04-08T18:14:36","date_gmt":"2025-04-09T00:14:36","guid":{"rendered":"https:\/\/www.aquilaguna.com\/?p=25533"},"modified":"2025-04-08T18:14:36","modified_gmt":"2025-04-09T00:14:36","slug":"cuatro-judokas-coahuilenses-avanzan-a-la-olimpiada-nacional-2025","status":"publish","type":"post","link":"https:\/\/www.aquilaguna.com\/index.php\/2025\/04\/08\/cuatro-judokas-coahuilenses-avanzan-a-la-olimpiada-nacional-2025\/","title":{"rendered":"CUATRO JUDOKAS COAHUILENSES AVANZAN A LA OLIMPIADA NACIONAL 2025."},"content":{"rendered":"\n<p>Saltillo, Coahuila de Zaragoza; a 8 de abril de 2025.- Cuatro judokas coahuilenses consiguieron su boleto a la Olimpiada Nacional 2025, luego de su participaci\u00f3n en la etapa Macroregional realizada en Monterrey, Nuevo Le\u00f3n.<\/p>\n\n\n\n<p>En la rama varonil, categor\u00eda Sub-18, Pablo Gardu\u00f1o consigui\u00f3 su acceso a la fase nacional en la categor\u00eda de los 66 kilos, al igual que Dante Rocha, quien avanz\u00f3 a la m\u00e1xima justa en los 73 kilos.<\/p>\n\n\n\n<p>Mientras que en la rama femenil, categor\u00eda Sub-18, Erica L\u00f3pez sell\u00f3 su pase a la Olimpiada Nacional en los 63 kilos; en tanto que Hania L\u00f3pez hizo lo propio al obtener su boleto en la divisi\u00f3n de +70 kilos.<\/p>\n\n\n\n<p>Coahuila est\u00e1 a la espera de dos boletos m\u00e1s en la categor\u00eda Sub-21, judokas que tendr\u00e1n que esperar a terminar entre los tres mejores de todas las etapas macroregionales, por lo que la Selecci\u00f3n Coahuila de judo podr\u00eda aumentar su n\u00famero de participantes.<\/p>\n\n\n\n<p>El judo de Coahuila aport\u00f3 dos medallas de oro y dos de plata en los Nacionales Conade 2024, y en esta nueva edici\u00f3n a celebrarse en Yucat\u00e1n, buscar\u00e1n superar dichos resultados.<\/p>\n","protected":false},"excerpt":{"rendered":"<p>Saltillo, Coahuila de Zaragoza; a 8 de abril de 2025.- Cuatro judokas coahuilenses consiguieron su boleto a la Olimpiada Nacional 2025, luego de su participaci\u00f3n en la etapa Macroregional realizada en Monterrey, Nuevo Le\u00f3n. En la rama varonil, categor\u00eda Sub-18, Pablo Gardu\u00f1o consigui\u00f3 su acceso a la fase nacional en la categor\u00eda de los 66 kilos, al igual que Dante Rocha, quien avanz\u00f3 a la m\u00e1xima justa en los 73&#8230;<\/p>\n","protected":false},"author":1,"featured_media":25534,"comment_status":"closed","ping_status":"","sticky":false,"template":"","format":"standard","meta":{"footnotes":""},"categories":[5,33,15],"tags":[],"class_list":["post-25533","post","type-post","status-publish","format-standard","has-post-thumbnail","hentry","category-coahuila","category-deporte","category-gobierno-de-coahuila","wpcat-5-id","wpcat-33-id","wpcat-15-id"],"_links":{"self":[{"href":"https:\/\/www.aquilaguna.com\/index.php\/wp-json\/wp\/v2\/posts\/25533","targetHints":{"allow":["GET"]}}],"collection":[{"href":"https:\/\/www.aquilaguna.com\/index.php\/wp-json\/wp\/v2\/posts"}],"about":[{"href":"https:\/\/www.aquilaguna.com\/index.php\/wp-json\/wp\/v2\/types\/post"}],"author":[{"embeddable":true,"href":"https:\/\/www.aquilaguna.com\/index.php\/wp-json\/wp\/v2\/users\/1"}],"replies":[{"embeddable":true,"href":"https:\/\/www.aquilaguna.com\/index.php\/wp-json\/wp\/v2\/comments?post=25533"}],"version-history":[{"count":1,"href":"https:\/\/www.aquilaguna.com\/index.php\/wp-json\/wp\/v2\/posts\/25533\/revisions"}],"predecessor-version":[{"id":25535,"href":"https:\/\/www.aquilaguna.com\/index.php\/wp-json\/wp\/v2\/posts\/25533\/revisions\/25535"}],"wp:featuredmedia":[{"embeddable":true,"href":"https:\/\/www.aquilaguna.com\/index.php\/wp-json\/wp\/v2\/media\/25534"}],"wp:attachment":[{"href":"https:\/\/www.aquilaguna.com\/index.php\/wp-json\/wp\/v2\/media?parent=25533"}],"wp:term":[{"taxonomy":"category","embeddable":true,"href":"https:\/\/www.aquilaguna.com\/index.php\/wp-json\/wp\/v2\/categories?post=25533"},{"taxonomy":"post_tag","embeddable":true,"href":"https:\/\/www.aquilaguna.com\/index.php\/wp-json\/wp\/v2\/tags?post=25533"}],"curies":[{"name":"wp","href":"https:\/\/api.w.org\/{rel}","templated":true}]}}