{"id":2554,"date":"2021-06-01T19:23:16","date_gmt":"2021-06-02T00:23:16","guid":{"rendered":"https:\/\/www.aquilaguna.com\/?p=2554"},"modified":"2021-06-01T19:23:16","modified_gmt":"2021-06-02T00:23:16","slug":"empresarios-del-grupo-empresarial-lagunero-convocan-a-jovenes-laguneros-a-ejercer-su-voto","status":"publish","type":"post","link":"https:\/\/www.aquilaguna.com\/index.php\/2021\/06\/01\/empresarios-del-grupo-empresarial-lagunero-convocan-a-jovenes-laguneros-a-ejercer-su-voto\/","title":{"rendered":"Empresarios del Grupo Empresarial Lagunero convocan a j\u00f3venes laguneros a ejercer su voto."},"content":{"rendered":"\n<p>Torre\u00f3n, Coahuila.- Los\u00a0 dirigentes del Grupo Empresarial Lagunero -GEL-, ampliaron sus miras en materia de participaci\u00f3n en el proceso electoral que se lleva a cabo en el pa\u00eds y que habr\u00e1 de culminar\u00a0 en la jornada eleccionaria del domingo pr\u00f3ximo,\u00a0 al convocar en directo, a los j\u00f3venes estudiantes que abarrotaron el Auditorio de la Universidad Tecnol\u00f3gica de Torre\u00f3n \u00a0 para que ejerzan su derecho a votar y ser votados as\u00ed como a sumarse al cumplimiento de sus responsabilidades\u00a0 c\u00edvicas consecuentes.<\/p>\n\n\n\n<p>El encuentro entre empresarios y j\u00f3venes, \u00a0 efectuado en el Auditorio\u00a0 ubicado en el Edifico de Vinculaci\u00f3n,\u00a0 de la instituci\u00f3n citada,\u00a0 fue\u00a0 testificado por el Rector\u00a0 de esa instituci\u00f3n,\u00a0 Maestro en Ciencias Ra\u00fal Mart\u00ednez Hern\u00e1ndez.<\/p>\n\n\n\n<p>Por parte\u00a0 del Grupo Empresarial\u00a0 \u00e9ste fue encabezado por su vocero y actual Presidente, se\u00f1or Guillermo Mart\u00ednez Avila,\u00a0 el se\u00f1or Carlos\u00a0 Gonz\u00e1lez Silva, Hugo Montoya Dia y Elias Habib Rodr\u00edguez, al frente de la campa\u00f1a que se echaron a cuestas, como aportaci\u00f3n a la cultura c\u00edvica de los laguneros, denominada  &#8221;Por la Laguna que quieres, razona tu voto&#8230;&#8221;<\/p>\n\n\n\n<p>Los j\u00f3venes\u00a0 estudiantes que presenciaron las intervenciones\u00a0 de cada uno de los citados, exhortando\u00a0 a\u00a0 votar,\u00a0 luego de analizar concienzudamente las diversas opciones que ofrecen los candidatos que\u00a0 hoy buscan su preferencia en\u00a0 las urnas y en el proceso fijado para el pr\u00f3ximo domingo\u00a0 6 de junio del presente,\u00a0 y que para muchos \u00e9ste acto, pudiera ser el primero\u00a0 a realizar\u00a0 por ahora\u00a0 en su\u00a0 joven\u00a0 vida, luego de haber alcanzado\u00a0 los 18 a\u00f1os que\u00a0 los ubica como adultos.<\/p>\n\n\n\n<p>En\u00a0 las intervenciones de los dirigentes empresariales, qued\u00f3 fuera de menci\u00f3n a o indicaci\u00f3n\u00a0 partidista alguna, pues priv\u00f3 el exhorto a los j\u00f3venes\u00a0 a ejercer, primero su voto\u00a0 para vencer el abstencionismo\u00a0 y\u00a0 hacerlo\u00a0 tras analizar las diversas propuestas que se presentaron a lo largo del proceso que est\u00e1 por conclu\u00edr.<\/p>\n\n\n\n<p>Al hacerlo, de manera razonado, est\u00e1 respaldando la posibilidad de que , &#8216;La Laguna\u00a0 que quieres&#8221;,\u00a0 &#8221;se\u00a0 concrete a trav\u00e9s de leyes, proyectos que\u00a0 materialicen los laguneros,\u00a0 queremos el futuro inmediato como comunidad&#8221;.<\/p>\n\n\n\n<p>Los j\u00f3venes\u00a0 recibieron de sus visitantes, \u00a0 el regalo de una\u00a0 simb\u00f3lica pluma, para que acudan con ella, el pr\u00f3ximo domingo a cruzar\u00a0 la boleta electoral por el o los candidatos de su preferencia, luego de\u00a0 razonar tal decisi\u00f3n,\u00a0 &#8221;el voto convocado, eso s\u00ed, razonado&#8221;.<\/p>\n\n\n\n<p>Tras lo anterior, se conmin\u00f3 a\u00a0 la juvenil audiencia a\u00a0 sesi\u00f3n de preguntas para expresar opiniones, dudas, aportaciones sobre el tema, pero se registr\u00f3 poca participaci\u00f3n, pues\u00a0 fueron presas de\u00a0 timidez o desinter\u00e9s, gener\u00e1ndose solo dos o tres preguntas que fueron \u00a0 puntualmente recogidas y contestadas por los\u00a0 dirigentes empresariales.<\/p>\n\n\n\n<p>Entre las participaciones alcanzadas destac\u00f3 por la preocupaci\u00f3n la externada, de parte de un joven participante,\u00a0 &#8221;lo dif\u00edcil que dijo resulta\u00a0 establecer relaci\u00f3n directa con los candidatos participantes&#8221;, de ah\u00ed que se le propusiera no\u00a0 cejar en sus empe\u00f1os y empezar por integrar\u00a0 grupo que derivara luego en \u00a0consejo juvenil, entre sus mismos compa\u00f1eros,\u00a0 que les permita cohesionar grupos con\u00a0 similares\u00a0 inquietudes para abordar no solo la participaci\u00f3n\u00a0 pol\u00edtica\u00a0 sino\u00a0 en otros tema de su inter\u00e9s.\u00a0<\/p>\n\n\n\n<p><strong>EL RECTOR.<\/strong>\u00a0\u00a0<\/p>\n\n\n\n<p>Al t\u00e9rmino de\u00a0 \u00e9sta reuni\u00f3n el Rector de la UTT, M.C. Ra\u00fal Mart\u00ednez Hern\u00e1ndez,\u00a0 emiti\u00f3 su opini\u00f3n en torno al encuentro, expreso que, &#8221;preocupados por el crecimiento de nuestros j\u00f3venes, por su formaci\u00f3n integral, que no solo corresponde al \u00e1rea en la que cursan su carrera, sino que corresponde al deporte, la cultura, pero\u00a0 lo que vamos a vivir el pr\u00f3ximo domingo es un evento\u00a0 verdaderamente trascendental, tras el cual\u00a0 en gran medida\u00a0 mucho tendr\u00e1n que ver los j\u00f3venes que por primera vez en sus vidas van a cumplir con \u00e9ste compromiso\u00a0 como ciudadanos&#8221;.<\/p>\n\n\n\n<p>Es importante, dijo, &#8221;que ellos se den cuenta de que manera puedan influenciar y decidir que personas pueden elegir&#8221;.<\/p>\n\n\n\n<p>&#8221;Esto es parte de los compromisos que tenemos con la sociedad, y que hoy hemos hecho el abordaje de este tema a solo horas de iniciar el silencio electoral&#8221;.<\/p>\n\n\n\n<p><strong>Y LOS EMPRESARIOS.<\/strong>\u00a0<\/p>\n\n\n\n<p>El\u00a0 Presidente y vocero del GEL, se\u00f1or Guillermo Mart\u00ednez Avila, expres\u00f3 al t\u00e9rmino de \u00e9ste singular\u00a0 encuentro manifest\u00f3 que, \u00a0&#8221;\u00e9sto fue parte de la planeaci\u00f3n que hicimos al lanzar esta campa\u00f1a de Por la Laguna que Quieres, razona tu voto&#8221;.\u00a0 Incluy\u00f3, &#8221;visitar a\u00a0 nuestros j\u00f3venes en sus centros de estudios,\u00a0 viendo la baja participaci\u00f3n que registra \u00e9ste segmento de la poblaci\u00f3n en participaci\u00f3n pol\u00edtica&#8221;.<\/p>\n\n\n\n<p>&#8221;Nos result\u00f3 muy interesante escuchar sus inquietudes,\u00a0 al\u00a0 estar decepcionados, al igual que nosotros como empresarios, del no ser escuchados, de no ser incluidos, tambi\u00e9n ellos as\u00ed lo manifiestan&#8221;.<\/p>\n\n\n\n<p>&#8221;Adem\u00e1s, expresan que la oferta pol\u00edtica por ellos conocida, no les llena, que \u00e9sta es pobre o bien que no los integran&#8221;.<\/p>\n\n\n\n<p>&#8221;Esta tarea, sin duda es de la case pol\u00edtica que deber\u00e1 buscar el como inclu\u00edrlos, \u00a0 c\u00f3mo hacerles caso y escuchar su propuesta, pues el abstencionismo entre los j\u00f3venes suma\u00a0 mas del 30%&#8221;.<\/p>\n\n\n\n<p>Si votaran, dijo, &#8221;ellos pudieran decidir\u00a0 el destino de una elecci\u00f3n como \u00e9sta, que habr\u00e1 de presentarse el seis de junio&#8221;.<\/p>\n","protected":false},"excerpt":{"rendered":"<p>Torre\u00f3n, Coahuila.- Los\u00a0 dirigentes del Grupo Empresarial Lagunero -GEL-, ampliaron sus miras en materia de participaci\u00f3n en el proceso electoral que se lleva a cabo en el pa\u00eds y que habr\u00e1 de culminar\u00a0 en la jornada eleccionaria del domingo pr\u00f3ximo,\u00a0 al convocar en directo, a los j\u00f3venes estudiantes que abarrotaron el Auditorio de la Universidad Tecnol\u00f3gica de Torre\u00f3n \u00a0 para que ejerzan su derecho a votar y ser votados as\u00ed&#8230;<\/p>\n","protected":false},"author":2,"featured_media":0,"comment_status":"closed","ping_status":"","sticky":false,"template":"","format":"standard","meta":{"footnotes":""},"categories":[5,42,28,7],"tags":[],"class_list":["post-2554","post","type-post","status-publish","format-standard","hentry","category-coahuila","category-elecciones","category-la-laguna","category-torreon","wpcat-5-id","wpcat-42-id","wpcat-28-id","wpcat-7-id"],"_links":{"self":[{"href":"https:\/\/www.aquilaguna.com\/index.php\/wp-json\/wp\/v2\/posts\/2554","targetHints":{"allow":["GET"]}}],"collection":[{"href":"https:\/\/www.aquilaguna.com\/index.php\/wp-json\/wp\/v2\/posts"}],"about":[{"href":"https:\/\/www.aquilaguna.com\/index.php\/wp-json\/wp\/v2\/types\/post"}],"author":[{"embeddable":true,"href":"https:\/\/www.aquilaguna.com\/index.php\/wp-json\/wp\/v2\/users\/2"}],"replies":[{"embeddable":true,"href":"https:\/\/www.aquilaguna.com\/index.php\/wp-json\/wp\/v2\/comments?post=2554"}],"version-history":[{"count":1,"href":"https:\/\/www.aquilaguna.com\/index.php\/wp-json\/wp\/v2\/posts\/2554\/revisions"}],"predecessor-version":[{"id":2555,"href":"https:\/\/www.aquilaguna.com\/index.php\/wp-json\/wp\/v2\/posts\/2554\/revisions\/2555"}],"wp:attachment":[{"href":"https:\/\/www.aquilaguna.com\/index.php\/wp-json\/wp\/v2\/media?parent=2554"}],"wp:term":[{"taxonomy":"category","embeddable":true,"href":"https:\/\/www.aquilaguna.com\/index.php\/wp-json\/wp\/v2\/categories?post=2554"},{"taxonomy":"post_tag","embeddable":true,"href":"https:\/\/www.aquilaguna.com\/index.php\/wp-json\/wp\/v2\/tags?post=2554"}],"curies":[{"name":"wp","href":"https:\/\/api.w.org\/{rel}","templated":true}]}}