{"id":25557,"date":"2025-04-09T19:17:37","date_gmt":"2025-04-10T01:17:37","guid":{"rendered":"https:\/\/www.aquilaguna.com\/?p=25557"},"modified":"2025-04-09T19:17:37","modified_gmt":"2025-04-10T01:17:37","slug":"aclara-roman-alberto-cepeda-su-estado-de-salud","status":"publish","type":"post","link":"https:\/\/www.aquilaguna.com\/index.php\/2025\/04\/09\/aclara-roman-alberto-cepeda-su-estado-de-salud\/","title":{"rendered":"Aclara Rom\u00e1n Alberto Cepeda su estado de salud."},"content":{"rendered":"\n<p>Torre\u00f3n, Coahuila.- Aclara, por primera ocasi\u00f3n,\u00a0el estado de salud del alcalde\u00a0 Rom\u00e1n Alberto Cepeda Gonz\u00e1lez, por el propio interesado y\u00a0 una vez que es objeto de inter\u00e9s, de buena o mala f\u00e9,\u00a0no solo del medio pol\u00edtico local y regional,\u00a0y que genera m\u00faltiples versiones\u00a0fincadas en las continuas &#8220;desapariciones&#8221; de la escena administrativa a su cargo\u00a0en \u00e9ste municipio, fincadas, desde hace\u00a0cuatro o cinco meses, presuntamente motivadas por la b\u00fasqueda de atenci\u00f3n\u00a0 m\u00e9dica en\u00a0otras latitudes, entre ellas Houston, Texas.\u00a0<\/p>\n\n\n\n<p>El\u00a0 tema, fue abordado por el edil,\u00a0durante su encuentro con los Medios esta ma\u00f1ana, correspondiendo\u00a0 a uno de los puntos considerados en\u00a0su\u00a0agenda a desarrollar, celebrado en las instalaciones de Seguridad P\u00fablica.<\/p>\n\n\n\n<p>Cit\u00f3 de entrada que, &#8220;yo hab\u00eda querido dejar en el \u00e1mbito privado el tema, que lo seguir\u00e9 dejando, pero Gracias a Dios, aqu\u00ed est\u00e1 Rom\u00e1n, y hay Rom\u00e1n para rato&#8221;.<\/p>\n\n\n\n<p>M\u00e1s que sobrado de seguridad, sigui\u00f3 diciendo que, &#8220;durante mucho tiempo yo he querido dejar\u00a0mis perspectivas empresariales, familiares y de salud,\u00a0 en el \u00e1mbito estrictamente personal, porque creo que ah\u00ed obedece y porque no hay nada absolutamente\u00a0que ligue a mi temporalidad, en materia de salud, en cuanto a algunas especulaciones profundamente perversas&#8221;.<\/p>\n\n\n\n<p>Es m\u00e1s, dijo ir\u00f3nico, &#8220;creo que yo ya deber\u00eda estar aqu\u00ed, en caja de muerto&#8221;.<\/p>\n\n\n\n<p>&#8220;Lo digo porque es un tema que yo lo he ido y lo dejare dejando as\u00ed. No hay nada que nos vaya llevando a que yo tenga una prescripci\u00f3n, un tema del orden m\u00e9dico en el que tenga una temporalidad o en el que tenga una prescripci\u00f3n u otra forma de acciones en las que yo tenga o al contrario&#8221;.<\/p>\n\n\n\n<p>Si bien, revel\u00f3, &#8220;tuve por ah\u00ed en diciembre un incidente, ah\u00ed en enero, no tiene\u00a0 nada que ver con mi temporalidad o nada que\u00a0ligue a algo que vaya a menguar mis proyectos, mis aspiraciones u otro tipo de acciones,\u00a0pues al contrario, seguimos adelante&#8221;.<\/p>\n\n\n\n<p>Reiter\u00f3 que el tema de su salud, lo seguir\u00e1 dejando en el \u00e1mbito personal &#8220;y eso va justamente atendiendo a aquellas especulaciones perversas, que por cierto, en esta zona de Coahuila, del semidesierto esos zopilotes carro\u00f1eros, c\u00f3mo han andado por ah\u00ed cercas&#8221;.\u00a0<\/p>\n\n\n\n<p>Creo, afirm\u00f3, &#8220;que es importante\u00a0 la aclaraci\u00f3n. Cada minuto de mi carrera, desde hace m\u00e1s de 30 a\u00f1os, el d\u00eda que yo tenga algo que decir, que interrumpa, la cancele o tenga que tomar una decisi\u00f3n de car\u00e1cter temporal, permanente, ese d\u00eda yo lo har\u00e9&#8221;.<\/p>\n\n\n\n<p>&#8220;Cada minuto de mi carrera lo he hecho con responsabilidad, con compromiso\u00a0hacia\u00a0las m\u00e1s de 180 mil gentes que votaron por mi&#8221;.\u00a0<\/p>\n\n\n\n<p>&#8220;Hoy no tengo nada que compartirles, que de que seguiremos trabajando con todo y por todo por Torre\u00f3n y que, el proyecto de Rom\u00e1n sigue y sigue con todo. Es p\u00e1 Torre\u00f3n y p\u00e1 Coahuila&#8221;.<\/p>\n\n\n\n<p>&#8220;Y que no hay nada que lo interrumpa&#8221;, remata, &#8220;y que el d\u00eda que Diosito\u00a0lo quiera,\u00a0yo sabr\u00e9 comunicarlo, as\u00ed como estoy ahorita, no en especulaci\u00f3n, no a trav\u00e9s de zopilotes carro\u00f1eros, que c\u00f3mo han venido creciendo, ha de ser por la sequ\u00eda, algo esta pasando. El d\u00eda que yo quiera comentarlo habr\u00e9 de hacerlo&#8221;.<\/p>\n\n\n\n<p>&#8220;Ya hab\u00eda incluso permisos,\u00a0que yo ya los hab\u00eda pedido. Pues ir\u00e9 a pedir para vacaciones, pero no para otra cosa , y ni para eso pido permiso, porque yo no las tomo&#8221;.<\/p>\n\n\n\n<p>&#8220;Yo las tomo trabajando y el proyecto que va, va por Torre\u00f3n, por Coahuila y desde aqu\u00ed seguiremos construyendo la grandeza de esta tierra que es Torre\u00f3n&#8221;.<\/p>\n\n\n\n<p>&#8220;A quienes lamentablemente hoy les dirijo este mensaje, esos zopilotes pues lamentable para ellos. A quienes en verdad se ocuparon y se\u00a0 preocuparon, aqu\u00ed los llevo en el coraz\u00f3n. Y les digo que vamos y que seguimos con todo&#8221;.<\/p>\n\n\n\n<p>Luego, preguntado reiter\u00f3 su\u00a0agradecimiento\u00a0a todos\u00a0aquellos que se preocuparon\u00a0por su salud, de buena f\u00e9, &#8220;y\u00a0 para los que no, les digo, con todo respeto; que chinguen\u00a0 a su madre&#8221;.<\/p>\n","protected":false},"excerpt":{"rendered":"<p>Torre\u00f3n, Coahuila.- Aclara, por primera ocasi\u00f3n,\u00a0el estado de salud del alcalde\u00a0 Rom\u00e1n Alberto Cepeda Gonz\u00e1lez, por el propio interesado y\u00a0 una vez que es objeto de inter\u00e9s, de buena o mala f\u00e9,\u00a0no solo del medio pol\u00edtico local y regional,\u00a0y que genera m\u00faltiples versiones\u00a0fincadas en las continuas &#8220;desapariciones&#8221; de la escena administrativa a su cargo\u00a0en \u00e9ste municipio, fincadas, desde hace\u00a0cuatro o cinco meses, presuntamente motivadas por la b\u00fasqueda de atenci\u00f3n\u00a0 m\u00e9dica&#8230;<\/p>\n","protected":false},"author":2,"featured_media":0,"comment_status":"closed","ping_status":"","sticky":false,"template":"","format":"standard","meta":{"footnotes":""},"categories":[5,28,7],"tags":[],"class_list":["post-25557","post","type-post","status-publish","format-standard","hentry","category-coahuila","category-la-laguna","category-torreon","wpcat-5-id","wpcat-28-id","wpcat-7-id"],"_links":{"self":[{"href":"https:\/\/www.aquilaguna.com\/index.php\/wp-json\/wp\/v2\/posts\/25557","targetHints":{"allow":["GET"]}}],"collection":[{"href":"https:\/\/www.aquilaguna.com\/index.php\/wp-json\/wp\/v2\/posts"}],"about":[{"href":"https:\/\/www.aquilaguna.com\/index.php\/wp-json\/wp\/v2\/types\/post"}],"author":[{"embeddable":true,"href":"https:\/\/www.aquilaguna.com\/index.php\/wp-json\/wp\/v2\/users\/2"}],"replies":[{"embeddable":true,"href":"https:\/\/www.aquilaguna.com\/index.php\/wp-json\/wp\/v2\/comments?post=25557"}],"version-history":[{"count":1,"href":"https:\/\/www.aquilaguna.com\/index.php\/wp-json\/wp\/v2\/posts\/25557\/revisions"}],"predecessor-version":[{"id":25558,"href":"https:\/\/www.aquilaguna.com\/index.php\/wp-json\/wp\/v2\/posts\/25557\/revisions\/25558"}],"wp:attachment":[{"href":"https:\/\/www.aquilaguna.com\/index.php\/wp-json\/wp\/v2\/media?parent=25557"}],"wp:term":[{"taxonomy":"category","embeddable":true,"href":"https:\/\/www.aquilaguna.com\/index.php\/wp-json\/wp\/v2\/categories?post=25557"},{"taxonomy":"post_tag","embeddable":true,"href":"https:\/\/www.aquilaguna.com\/index.php\/wp-json\/wp\/v2\/tags?post=25557"}],"curies":[{"name":"wp","href":"https:\/\/api.w.org\/{rel}","templated":true}]}}