{"id":25561,"date":"2025-04-09T21:49:24","date_gmt":"2025-04-10T03:49:24","guid":{"rendered":"https:\/\/www.aquilaguna.com\/?p=25561"},"modified":"2025-04-09T21:49:24","modified_gmt":"2025-04-10T03:49:24","slug":"aqui-laguna-402","status":"publish","type":"post","link":"https:\/\/www.aquilaguna.com\/index.php\/2025\/04\/09\/aqui-laguna-402\/","title":{"rendered":"Aqu\u00ed Laguna."},"content":{"rendered":"\n<p>\u00a110 de abril 1919, muerte de Emiliano Zapara!,\u00a0 h\u00e9roe agrario por antonomasia en nuestra historia, asesinado a mansalva, all\u00e1 en Chinameca\u00a0seg\u00fan se imputa a la larga mano de los carrancistas en\u00a0esos tiempos con el caudillo del sur. En fin, vale la pena recordar en tan infausta efem\u00e9ride su legado, cuando en Torre\u00f3n se vive,\u00a0 epis\u00f3dica\u00a0 lucha\u00a0ya devenida en tragedia, en uno m\u00e1s de los episodios que aun se escenifican\u00a0en \u00e9stas tierras, las reivindicatorias luchas por la tierra, as\u00ed sean meros retazos que\u00a0quedan, cual si fuera mero\u00a0bot\u00edn, mera mercanc\u00eda\u00a0y no\u00a0insumo hist\u00f3rico fundacional\u00a0 como lo fuera, hasta antes de  la reforma\u00a0 del 27 Constitucional,\u00a0 claro y\u00a0 con toda proporci\u00f3n de tiempo y lugar guardados, diremos que el joven\u00a0 Rolando Medina, de solo 28 a\u00f1o de edad -por cierto, sobrino del l\u00edder cetemista en Coahuila, Tereso Medina-, que pag\u00f3 con su\u00a0 joven vida, su participaci\u00f3n en la defensa de los patrimonios en juego en el singular\u00a0litigio agrario y judicial\u00a0 contenido en el expediente 279\/2024, cuyo desenlace\u00a0gener\u00f3 el desencuentro, roto protocolos- si es que lo hubo-, entre fuerzas del orden como se dec\u00eda en el pasado y el grupo de vecinos del ejido Nuevo Mieleras, que ten\u00edan en posesi\u00f3n y usufructo, cien hect\u00e1reas que les fueron tituladas, durante la administraci\u00f3n estatal que presidi\u00f3 el Doctor Rogelio Montemayor Seguy y que hoy por hoy figuran en el\u00a0 Catastro de Torre\u00f3n, como propiedad del inefable matamornse Jos\u00e9 Antonio Mu\u00f1os Lu\u00e9vanos, sin que haya\u00a0 habido proceso adjudicatorio conocido por sus vecinos\u00a0ocupantes del predio\u00a0que el Poder Judicial de Coahuila\u00a0 a cargo del Licenciado Miguel Mery Ayup consinti\u00f3 y\u00a0se orden\u00f3 el desalojo mediante orden judicial, que hoy debe quedar bajo lupa, pues al parecer no se agotaron, para nada, los debidos procesos en litigios de \u00e9ste orden, toda vez\u00a0que a solo\u00a0dos de los 44\u00a0 derechosos\u00a0ocupantes del mismo,\u00a0les fue girada notificaci\u00f3n de desalojo, pero\u00a0resulta que ambos escogidos para tal acci\u00f3n, uno ya estaba fallecido y el otro vive en el extranjero.<\/p>\n\n\n\n<p>Y &#8220;algo huele\u00a0 podrido en Dinamarca&#8221;, cuando para el desalojo registrado el pasado lunes, se desplegaron 45 elementos de la Direcci\u00f3n de Seguridad P\u00fablica del municipio, no de fuerza estatal alguna,\u00a0grupo al que adem\u00e1s se agreg\u00f3, seg\u00fan confusa versi\u00f3n &#8220;otros elementos&#8221; armados y con veh\u00edculos\u00a0oficiales que fueron recibidos, ciertamente no con flores, sino\u00a0con palos y machetes por\u00a0los habitantes del lugar, que hicieran buena la muy\u00a0mexicana tradici\u00f3n de defender la tierra con\u00a0 la vida, si es necesario, y se pag\u00f3 la cuota, acci\u00f3n que en pleno Siglo\u00a0 XXI tiene m\u00e1s que enfrentados, otraaa vez,\u00a0 ya no solo al grupo ejidal \u00a0 \u00a0 con el\u00a0 inefable\u00a0y poderoso\u00a0 Ingeniero\u00a0Mono Mu\u00f1oz y su hermano, el Fitin,\u00a0que figura ahora tambi\u00e9n como Sindico de Minor\u00eda en el Cabildo de Matamoros,\u00a0con el sello de MORENA.<\/p>\n\n\n\n<p>Por si fuera poco, de nueva cuenta, con todo y que el horno no est\u00e1 para bollos, con todo y que el alcalde, en heroica positura afirme de cara a la poblaci\u00f3n, su apoyo incondicional a la actuaci\u00f3n de las fuerzas policiacas a su mando, sin esperar para ello, el resultado de las investigaciones judiciales que necesariamente habr\u00e1n de\u00a0agotarse, para definir tambi\u00e9n el destino del uniformado que ahora enfrenta, con p\u00e9rdida de empleo y\u00a0hasta prisi\u00f3n\u00a0posible por su participaci\u00f3n en el desalojo mencionado y el alto costo que\u00a0estar\u00e1 representando a \u00e9l y su familia, con todo y el respaldo del edil, asi tambi\u00e9n el\u00a0elemento policiaco\u00a0no\u00a0se manda, ni actu\u00f3 solo, pues\u00a0 forma parte de una cadena de mando que tampoco deber\u00e1 quedar exenta de responsabilidad, am\u00e9n de que se exhibe, falta de\u00a0 capacitaci\u00f3n y adiestramiento\u00a0para\u00a0 estos menesteres, que ya se vio se repitieron dosis \u00e9ste mismo medido d\u00eda, cuando\u00a0los campesinos\u00a0y\/o simpatizantes, decidieron por segundo d\u00eda consecutivo realizar una manifestaci\u00f3n de protesta,\u00a0 bloqueando\u00a0v\u00edas de comunicaci\u00f3n por el Bulevar Independencia\u00a0a la altura del Perife\u0155ico,\u00a0de donde, fueron desalojados, registr\u00e1ndose algunos incidentes que\u00a0dividen opiniones en torno a\u00a0la narrativa ya dominante, que eso\u00a0 eso s\u00ed, intereses que ya se identifican imponen el redes sociales y algunos Medios.<\/p>\n\n\n\n<p>As\u00ed que a preparase, pues el alcalde en rueda de prensa inform\u00f3 que\u00a0mensualmente\u00a0se reciben entre 28 y 30\u00a0mandatos\u00a0con apoyos polic\u00edacos para realizar desalojos, de ah\u00ed que con tal n\u00famero,\u00a0obvio que estar\u00e1n gener\u00e1ndose expresiones del orden pol\u00edtico ineludibles, por simples acciones reivindicatorias\u00a0por las tierras\u00a0 aleda\u00f1as al fundo de la ciudad\u00a0que fueron ejidales, as\u00ed se haya\u00a0vendido de buena o mala f\u00e9\u00a0 a particulares, algunos muy, pero muy voraces tambi\u00e9n,\u00a0 pues ahora hay derechos de posesi\u00f3n en curso \u00a0 adem\u00e1s de que, qui\u00e9rase o no,\u00a0se deber\u00e1\u00a0exhibir y conocer la pol\u00edtica p\u00fablica instrumentada por la actual administraci\u00f3n,\u00a0o las que los precedieron, en este tema para darle\u00a0curso y soluci\u00f3n a las necesidades de vivienda que demandan sectores por dem\u00e1s\u00a0vulnerables, que carecen de techo y\u00a0ya poco o nada se sabe,\u00a0 en que han quedado las reservas territoriales con que cuenta el municipio de Torre\u00f3n, o si bien \u00e9stas ya se dispersaron y est\u00e1n en manos de quien sabe qui\u00e9n y como.<\/p>\n\n\n\n<p>Por cierto, en el caso de Nuevo Mieleras, ya se registran ominisas amenazas, sobre\u00a0 personajes\u00a0 regionales, que\u00a0han osado\u00a0participar en apoyo de los\u00a0hoy desalojados de origen campesino, \u00a1ojo pues!, y en alerta, pues de ello ya conocen las auoridades estatales&#8230;<\/p>\n\n\n\n<p>Pues nada, que \u00e9ste mismo d\u00eda el alcalde Rom\u00e1n Alberto Cepeda Gonz\u00e1lez, encar\u00f3 al fin,\u00a0un tema recurrente, que alimentaba y alimenta los corrillos pol\u00edticos y no\u00a0de \u00e9ste municipio y de la zona lagunera, centrado en la salud que registra la humanidad del edil a sus 59 a\u00f1os de edad, luego que en los \u00faltimos tres o cuatro meses, su\u00a0otrora vigorosa humanidad empez\u00f3 a presentar\u00a0huellas visibles de deterioro, y p\u00e9rdida de\u00a0pelo que dio lugar, ante no informaci\u00f3n precisa, con todo y que \u00e9ste tema, es en efecto de \u00edndole absolutamente privada y merece\u00a0 todo el respeto, pero resulta que\u00a0 Rom\u00e1n Alberto, es la primera autoridad del municipio y por eso mismo el tema gener\u00f3 un mar de comentarios\u00a0 emitidos de buena o mala f\u00e9, seg\u00fan el emisor, que perturbaron un ordenado trabajo\u00a0en la administraci\u00f3n municipal\u00a0nutrida por sus espor\u00e1dicas ausencias\u00a0que sin mediar mayor explicaci\u00f3n del interesado. <\/p>\n\n\n\n<p>El alcalde\u00a0 hoy admiti\u00f3\u00a0haber tenido tropiezos en su salud en los pasados meses de diciembre y enero, pero hoy, afirm\u00f3 ante c\u00e1maras y micr\u00f3fonos\u00a0de que &#8220;los muertos que vos mata\u00eds&#8221; , como los muertos de los versos del poeta Quevedo\u00a0y Rojas &#8220;gozan de cabal salud&#8221;\u00a0 y que hay Rom\u00e1n para mucho rato, as\u00ed hablando en tercera persona de s\u00ed mismo, Rom\u00e1n\u00a0mostr\u00f3 ser lo que es; Rom\u00e1n, y\u00a0de paso dio las gracias\u00a0a quienes se interesaron, de buena f\u00e9,\u00a0 por su salud, pero tambi\u00e9n para los que\u00a0 no, a quienes\u00a0 identific\u00f3 como &#8220;zopilotes carro\u00f1eros&#8221; a quienes\u00a0envi\u00f3 sonora mentada de madre, acci\u00f3n que hizo cre\u00edble a los ah\u00ed presentes, de que se encuentra ya en mejor estado de salud&#8230;\u00a0<br><\/p>\n","protected":false},"excerpt":{"rendered":"<p>\u00a110 de abril 1919, muerte de Emiliano Zapara!,\u00a0 h\u00e9roe agrario por antonomasia en nuestra historia, asesinado a mansalva, all\u00e1 en Chinameca\u00a0seg\u00fan se imputa a la larga mano de los carrancistas en\u00a0esos tiempos con el caudillo del sur. En fin, vale la pena recordar en tan infausta efem\u00e9ride su legado, cuando en Torre\u00f3n se vive,\u00a0 epis\u00f3dica\u00a0 lucha\u00a0ya devenida en tragedia, en uno m\u00e1s de los episodios que aun se escenifican\u00a0en \u00e9stas&#8230;<\/p>\n","protected":false},"author":2,"featured_media":0,"comment_status":"closed","ping_status":"","sticky":false,"template":"","format":"standard","meta":{"footnotes":""},"categories":[8],"tags":[],"class_list":["post-25561","post","type-post","status-publish","format-standard","hentry","category-aqui-laguna","wpcat-8-id"],"_links":{"self":[{"href":"https:\/\/www.aquilaguna.com\/index.php\/wp-json\/wp\/v2\/posts\/25561","targetHints":{"allow":["GET"]}}],"collection":[{"href":"https:\/\/www.aquilaguna.com\/index.php\/wp-json\/wp\/v2\/posts"}],"about":[{"href":"https:\/\/www.aquilaguna.com\/index.php\/wp-json\/wp\/v2\/types\/post"}],"author":[{"embeddable":true,"href":"https:\/\/www.aquilaguna.com\/index.php\/wp-json\/wp\/v2\/users\/2"}],"replies":[{"embeddable":true,"href":"https:\/\/www.aquilaguna.com\/index.php\/wp-json\/wp\/v2\/comments?post=25561"}],"version-history":[{"count":1,"href":"https:\/\/www.aquilaguna.com\/index.php\/wp-json\/wp\/v2\/posts\/25561\/revisions"}],"predecessor-version":[{"id":25562,"href":"https:\/\/www.aquilaguna.com\/index.php\/wp-json\/wp\/v2\/posts\/25561\/revisions\/25562"}],"wp:attachment":[{"href":"https:\/\/www.aquilaguna.com\/index.php\/wp-json\/wp\/v2\/media?parent=25561"}],"wp:term":[{"taxonomy":"category","embeddable":true,"href":"https:\/\/www.aquilaguna.com\/index.php\/wp-json\/wp\/v2\/categories?post=25561"},{"taxonomy":"post_tag","embeddable":true,"href":"https:\/\/www.aquilaguna.com\/index.php\/wp-json\/wp\/v2\/tags?post=25561"}],"curies":[{"name":"wp","href":"https:\/\/api.w.org\/{rel}","templated":true}]}}