{"id":25633,"date":"2025-04-16T17:40:57","date_gmt":"2025-04-16T23:40:57","guid":{"rendered":"https:\/\/www.aquilaguna.com\/?p=25633"},"modified":"2025-04-16T17:40:57","modified_gmt":"2025-04-16T23:40:57","slug":"roman-alberto-cepeda-gonzalez-supervisa-el-equipamiento-de-la-plaza-publica-de-loma-real","status":"publish","type":"post","link":"https:\/\/www.aquilaguna.com\/index.php\/2025\/04\/16\/roman-alberto-cepeda-gonzalez-supervisa-el-equipamiento-de-la-plaza-publica-de-loma-real\/","title":{"rendered":"Rom\u00e1n Alberto Cepeda Gonz\u00e1lez supervisa el equipamiento de la plaza p\u00fablica de Loma Real."},"content":{"rendered":"\n<p>Torre\u00f3n, Coahuila. A 16 de abril de 2025.<\/p>\n\n\n\n<p>El alcalde Rom\u00e1n Alberto Cepeda Gonz\u00e1lez acudi\u00f3 este mi\u00e9rcoles a la colonia<br>Loma Real a supervisar el equipamiento y la reforestaci\u00f3n de la plaza p\u00fablica en<br>beneficio de diez mil habitantes de este sector, acciones que preceden a un<br>programa emblem\u00e1tico de esta Administraci\u00f3n Municipal, el cual comenzar\u00e1 la<br>pr\u00f3xima semana y consiste en la creaci\u00f3n y rehabilitaci\u00f3n de 100 espacios<br>p\u00fablicos en la ciudad, y tiene entre sus principales pilares la participaci\u00f3n<br>ciudadana.<\/p>\n\n\n\n<p>Cepeda Gonz\u00e1lez explic\u00f3 que el rescate de espacios p\u00fablicos inicia al oriente y el<br>suroriente de la ciudad, debido a que es el \u00e1rea con mayor crecimiento de<br>Torre\u00f3n, adem\u00e1s dijo que en unas semanas m\u00e1s arrancar\u00e1 el Parque Lineal<br>Oriente.<\/p>\n\n\n\n<p>Agreg\u00f3 que estas acciones se empatan con las estrategias de seguridad desde el<br>\u00e1mbito de la prevenci\u00f3n, con el fomento al deporte y la sana convivencia de las<br>familias.<\/p>\n\n\n\n<p>\u201cSeguimos trabajando por tener un Torre\u00f3n seguro donde nuestros ni\u00f1os puedan<br>ir a estudiar, donde los maestros puedan ir a dar clases, o los padres de familia<br>puedan ir a dejar y a recoger a sus hijos con toda tranquilidad, por eso esta<br>supervisi\u00f3n que antecede a un gran programa emblem\u00e1tico de esta<br>Administraci\u00f3n, tiene que ver con el hacer comunidad y convivir en familia\u201d, dijo.<\/p>\n\n\n\n<p>El Presidente Municipal explic\u00f3 que el equipamiento de la plaza que supervis\u00f3<br>responde a un compromiso de campa\u00f1a que hoy se consolida con el trabajo<br>conjunto de los directores y los vecinos.<\/p>\n\n\n\n<p>Indic\u00f3 que la labor en la plaza de Loma Real consiste en la instalaci\u00f3n de<br>luminarias, juegos, bancas, ejercitadores, as\u00ed como acciones de limpieza y<br>reforestaci\u00f3n, que se replicar\u00e1n a otras colonias del sector oriente.<\/p>\n\n\n\n<p>\u201cTenemos muchas plazas que arreglar, queremos que los torreonenses cuenten<br>con espacios dignos donde se privilegie la convivencia, donde ni\u00f1os y j\u00f3venes<br>puedan practicar deporte cerca de donde viven que es muy importante para que<br>se alejen de las drogas y la delincuencia. Dignificar a Torre\u00f3n es tarea de todos,<br>vamos a tomar los espacios p\u00fablicos y entre todos a cuidar de ellos\u201d.<\/p>\n\n\n\n<p>Por su parte, el director de Servicios P\u00fablicos, Fernando Villarreal Cu\u00e9llar, dijo que<br>el rescate de la plaza es de cero a 100, y explic\u00f3 que era un lugar donde solo<br>hab\u00eda tierra y hoy se equipa con bancas, ejercitadores y juegos para los ni\u00f1os.<br>Asimismo, destac\u00f3 que el programa de rescate de espacios p\u00fablicos se hace en<br>conjunto con los vecinos.<\/p>\n\n\n\n<p>\u201cComo lo ha pedido el Alcalde, estamos trabajando coordinados con los vecinos,<br>en conjunto armamos la plaza, la equipamos y ustedes la cuidan, cada familia<br>adopta un \u00e1rbol y entre todos la conservamos\u201d.<\/p>\n\n\n\n<p>Resalt\u00f3 tambi\u00e9n que estos espacios est\u00e1n iluminados para que hasta la noche, los<br>vecinos puedan salir a disfrutar la plaza con seguridad y aprovechar que los ni\u00f1os<br>est\u00e1n de vacaciones.<\/p>\n\n\n\n<p>En la plaza se plantaron especies como L\u00e1grima de San Pedro, huizaches y<br>mezquites, y ser\u00e1n regadas con agua tratada, mientras que las familias de este<br>sector ser\u00e1n las responsables de cuidar a los \u00e1rboles para garantizar su<br>crecimiento.<\/p>\n\n\n\n<p>En la supervisi\u00f3n, participaron tambi\u00e9n las direcciones de Medio Ambiente, Obras<br>P\u00fablicas y la Jefatura de Gabinete.<\/p>\n","protected":false},"excerpt":{"rendered":"<p>Torre\u00f3n, Coahuila. A 16 de abril de 2025. El alcalde Rom\u00e1n Alberto Cepeda Gonz\u00e1lez acudi\u00f3 este mi\u00e9rcoles a la coloniaLoma Real a supervisar el equipamiento y la reforestaci\u00f3n de la plaza p\u00fablica enbeneficio de diez mil habitantes de este sector, acciones que preceden a unprograma emblem\u00e1tico de esta Administraci\u00f3n Municipal, el cual comenzar\u00e1 lapr\u00f3xima semana y consiste en la creaci\u00f3n y rehabilitaci\u00f3n de 100 espaciosp\u00fablicos en la ciudad, y tiene&#8230;<\/p>\n","protected":false},"author":1,"featured_media":25634,"comment_status":"closed","ping_status":"","sticky":false,"template":"","format":"standard","meta":{"footnotes":""},"categories":[5,28,7],"tags":[],"class_list":["post-25633","post","type-post","status-publish","format-standard","has-post-thumbnail","hentry","category-coahuila","category-la-laguna","category-torreon","wpcat-5-id","wpcat-28-id","wpcat-7-id"],"_links":{"self":[{"href":"https:\/\/www.aquilaguna.com\/index.php\/wp-json\/wp\/v2\/posts\/25633","targetHints":{"allow":["GET"]}}],"collection":[{"href":"https:\/\/www.aquilaguna.com\/index.php\/wp-json\/wp\/v2\/posts"}],"about":[{"href":"https:\/\/www.aquilaguna.com\/index.php\/wp-json\/wp\/v2\/types\/post"}],"author":[{"embeddable":true,"href":"https:\/\/www.aquilaguna.com\/index.php\/wp-json\/wp\/v2\/users\/1"}],"replies":[{"embeddable":true,"href":"https:\/\/www.aquilaguna.com\/index.php\/wp-json\/wp\/v2\/comments?post=25633"}],"version-history":[{"count":1,"href":"https:\/\/www.aquilaguna.com\/index.php\/wp-json\/wp\/v2\/posts\/25633\/revisions"}],"predecessor-version":[{"id":25635,"href":"https:\/\/www.aquilaguna.com\/index.php\/wp-json\/wp\/v2\/posts\/25633\/revisions\/25635"}],"wp:featuredmedia":[{"embeddable":true,"href":"https:\/\/www.aquilaguna.com\/index.php\/wp-json\/wp\/v2\/media\/25634"}],"wp:attachment":[{"href":"https:\/\/www.aquilaguna.com\/index.php\/wp-json\/wp\/v2\/media?parent=25633"}],"wp:term":[{"taxonomy":"category","embeddable":true,"href":"https:\/\/www.aquilaguna.com\/index.php\/wp-json\/wp\/v2\/categories?post=25633"},{"taxonomy":"post_tag","embeddable":true,"href":"https:\/\/www.aquilaguna.com\/index.php\/wp-json\/wp\/v2\/tags?post=25633"}],"curies":[{"name":"wp","href":"https:\/\/api.w.org\/{rel}","templated":true}]}}