{"id":25659,"date":"2025-04-20T21:35:52","date_gmt":"2025-04-21T03:35:52","guid":{"rendered":"https:\/\/www.aquilaguna.com\/?p=25659"},"modified":"2025-04-20T21:35:52","modified_gmt":"2025-04-21T03:35:52","slug":"cuerpos-de-emergencia-atienden-reporte-de-incendio-en-subestacion-de-cfe-en-colonia-aviacion-no-hay-personas-lesionadas","status":"publish","type":"post","link":"https:\/\/www.aquilaguna.com\/index.php\/2025\/04\/20\/cuerpos-de-emergencia-atienden-reporte-de-incendio-en-subestacion-de-cfe-en-colonia-aviacion-no-hay-personas-lesionadas\/","title":{"rendered":"Cuerpos de emergencia atienden reporte de incendio en subestaci\u00f3n de CFE en colonia Aviaci\u00f3n; no hay personas lesionadas."},"content":{"rendered":"\n<p>Torre\u00f3n Coah, 20 abril de 2025.<\/p>\n\n\n\n<p>Elementos de la Direcci\u00f3n de Protecci\u00f3n Civil y Bomberos de Torre\u00f3n atendieron<br>esta tarde el reporte de emergencia por incendio en la Subestaci\u00f3n de la Comisi\u00f3n<br>Federal de Electricidad (CFE), ubicada en la colonia Aviaci\u00f3n, no se reportan<br>personas lesionadas.<\/p>\n\n\n\n<p>Jorge Luis Ju\u00e1rez Llanas, director de la dependencia, indic\u00f3 que la emergencia<br>est\u00e1 controlada, sin embargo, afect\u00f3 a colonias del nororiente de la ciudad que se<br>quedaron sin energ\u00eda el\u00e9ctrica.<\/p>\n\n\n\n<p>El director se\u00f1al\u00f3 que la informaci\u00f3n que tienen por parte de la paraestatal es que<br>en las pr\u00f3ximas horas se estar\u00e1 restableciendo el servicio en el sector<br>perjudicado.<\/p>\n\n\n\n<p>\u201cLa afectaci\u00f3n en el servicio de energ\u00eda el\u00e9ctrica fue desde Villa Florida hasta La<br>Joya, aunque ya se est\u00e1 en trabajos de reparaci\u00f3n por parte de la CFE para<br>reconectar\u201d, indic\u00f3.<\/p>\n\n\n\n<p>Resalt\u00f3 que no hubo personas lesionadas y que se atendi\u00f3 el reporte con el apoyo<br>de dos m\u00e1quinas, dos cisternas, cuatro camionetas y 12 elementos.<\/p>\n\n\n\n<p>En el lugar tambi\u00e9n se encuentran elementos de la Polic\u00eda Municipal. El reporte se<br>recibi\u00f3 a trav\u00e9s del sistema de emergencia 911.<\/p>\n","protected":false},"excerpt":{"rendered":"<p>Torre\u00f3n Coah, 20 abril de 2025. Elementos de la Direcci\u00f3n de Protecci\u00f3n Civil y Bomberos de Torre\u00f3n atendieronesta tarde el reporte de emergencia por incendio en la Subestaci\u00f3n de la Comisi\u00f3nFederal de Electricidad (CFE), ubicada en la colonia Aviaci\u00f3n, no se reportanpersonas lesionadas. Jorge Luis Ju\u00e1rez Llanas, director de la dependencia, indic\u00f3 que la emergenciaest\u00e1 controlada, sin embargo, afect\u00f3 a colonias del nororiente de la ciudad que sequedaron sin energ\u00eda&#8230;<\/p>\n","protected":false},"author":1,"featured_media":25660,"comment_status":"closed","ping_status":"","sticky":false,"template":"","format":"standard","meta":{"footnotes":""},"categories":[5,28,7],"tags":[],"class_list":["post-25659","post","type-post","status-publish","format-standard","has-post-thumbnail","hentry","category-coahuila","category-la-laguna","category-torreon","wpcat-5-id","wpcat-28-id","wpcat-7-id"],"_links":{"self":[{"href":"https:\/\/www.aquilaguna.com\/index.php\/wp-json\/wp\/v2\/posts\/25659","targetHints":{"allow":["GET"]}}],"collection":[{"href":"https:\/\/www.aquilaguna.com\/index.php\/wp-json\/wp\/v2\/posts"}],"about":[{"href":"https:\/\/www.aquilaguna.com\/index.php\/wp-json\/wp\/v2\/types\/post"}],"author":[{"embeddable":true,"href":"https:\/\/www.aquilaguna.com\/index.php\/wp-json\/wp\/v2\/users\/1"}],"replies":[{"embeddable":true,"href":"https:\/\/www.aquilaguna.com\/index.php\/wp-json\/wp\/v2\/comments?post=25659"}],"version-history":[{"count":1,"href":"https:\/\/www.aquilaguna.com\/index.php\/wp-json\/wp\/v2\/posts\/25659\/revisions"}],"predecessor-version":[{"id":25661,"href":"https:\/\/www.aquilaguna.com\/index.php\/wp-json\/wp\/v2\/posts\/25659\/revisions\/25661"}],"wp:featuredmedia":[{"embeddable":true,"href":"https:\/\/www.aquilaguna.com\/index.php\/wp-json\/wp\/v2\/media\/25660"}],"wp:attachment":[{"href":"https:\/\/www.aquilaguna.com\/index.php\/wp-json\/wp\/v2\/media?parent=25659"}],"wp:term":[{"taxonomy":"category","embeddable":true,"href":"https:\/\/www.aquilaguna.com\/index.php\/wp-json\/wp\/v2\/categories?post=25659"},{"taxonomy":"post_tag","embeddable":true,"href":"https:\/\/www.aquilaguna.com\/index.php\/wp-json\/wp\/v2\/tags?post=25659"}],"curies":[{"name":"wp","href":"https:\/\/api.w.org\/{rel}","templated":true}]}}