{"id":25662,"date":"2025-04-20T21:51:59","date_gmt":"2025-04-21T03:51:59","guid":{"rendered":"https:\/\/www.aquilaguna.com\/?p=25662"},"modified":"2025-04-20T21:51:59","modified_gmt":"2025-04-21T03:51:59","slug":"aqui-laguna-405","status":"publish","type":"post","link":"https:\/\/www.aquilaguna.com\/index.php\/2025\/04\/20\/aqui-laguna-405\/","title":{"rendered":"Aqu\u00ed Laguna."},"content":{"rendered":"\n<p>\u00a1Felices Pascuas!, y feliz y seguro\u00a0retorno\u00a0a todos aquellos laguneros que en la Semana Santa ya transcurrida\u00a0tuvieron\u00a0recursos\u00a0y condiciones para salir\u00a0de vacaciones, merecidas o no, pero si necesarias, como se dice,\u00a0as\u00ed como a todos los que no tuvieron ni tan solo para quedarse en casa, bien, para pasar en familia\u00a0los famosos &#8220;d\u00edas santos&#8221; que imponen devoci\u00f3n,\u00a0recogimiento y la reflexi\u00f3n como lo vivieron y\u00a0 denominaron\u00a0nuestro abuelos\u00a0en\u00a0este per\u00edodo del a\u00f1o y\u00a0que la religi\u00f3n cristiana consagra a rememora\u00a0la pasi\u00f3n de Cristo, que con todo y ello, sobrevive al paso de la modernidad y sus nuevos demonios. <\/p>\n\n\n\n<p>Y este mismo lunes, todav\u00eda de asueto\u00a0en los terrenos de la educaci\u00f3n,\u00a0el pa\u00eds, la ciudad y el mundo volver\u00e1 a la carga a la atenci\u00f3n no a la expectativa de los cientos de problem\u00e1ticas que se\u00a0enfrentan en todos los \u00e1mbitos de la actividad humana,\u00a0en especial y en estos dias, los del orden pol\u00edtico\u00a0o los de la econom\u00eda. Por lo pronto\u00a0ya tenemos\u00a0a un Donald Trump\u00a0 atrapado en su laberinto, con problemas\u00a0en su retaguardia, en su propio pa\u00eds, es decir, con\u00a0segmentos de su poblaci\u00f3n realizando protestas y manifestaciones, contra los impactos que les genera la aplicaci\u00f3n\u00a0unilateral e indiscriminada de aranceles, que\u00a0trastrocan\u00a0el delicado equilibrio mundial\u00a0de la econom\u00eda,\u00a0modelo\u00a0que ha tenido por lo menos tres d\u00e9cadas\u00a0destinada a su construcci\u00f3n. &#8220;Es la econom\u00eda, est\u00fapido&#8221;, se le podr\u00eda decir a Trump, que tendr\u00e1 que buscar salidas del laberinto\u00a0en el que se encuentra, en tanto el resto de los pa\u00edses, entre ellos el nuestro, que deber\u00e1 de solo apostar\u00a0aquella frase\u00a0kalimanesca\u00a0de &#8220;Serenidad y Paciencia&#8221;,\u00a0 y buscar, como ya lo hacen muchos pa\u00edses del mundo, nuevos derroteros, nuevos mercados, nuevas rutas. Como ya \u00a0 otros pa\u00edses, creando proponiendo nuevos bloques\u00a0comerciales, que permitan transitar en\u00a0mejores\u00a0 condiciones los imponderables que impone Trump.<\/p>\n\n\n\n<p>Sin duda, este primer trimestre por alcanzar, resultar\u00e1 inolvidable\u00a0y en Coahuila sin duda\u00a0especial atenci\u00f3n suscita\u00a0 el sector automotriz, la joya de la corona en materia\u00a0 econ\u00f3mica, \u00a0pues constituye el motor que hace\u00a0funcionar\u00a0la mayoria de las actividades\u00a0de este orden en la capital del Estado, que ha visto como se ha detonado expansi\u00f3n, su crecimiento, y como constituye todo un atractivo para\u00a0connacionales \u00a0 y\u00a0 migrantes, pero no solo a estos, sino tambi\u00e9n a\u00a0inversionistas en\u00a0busca de las condiciones que ofrece tal urbe, es decir,\u00a0mejores condiciones de\u00a0vida de\u00a0sus familias, \u00a0aportando tambi\u00e9n su trabajo y talentos, que hoy nos hacen ver a nuestra capital del Estado, floreciente, si bien\u00a0 por ello mismo, y\u00a0como la otra cara de la moneda, Saltillo\u00a0registra algunas &#8220;deformaciones&#8221; en la prestaci\u00f3n de los servicios publicos que\u00a0 demanda una poblaci\u00f3n creciente, citando solo por la via de ejemplo, la m\u00e1s evidente, el de la movilidad urbana, la del crecimiento\u00a0espeluznante de\u00a0n\u00famero de los veh\u00edculos que\u00a0circulan\u00a0e inundan sus calles y avenidas, as\u00ed como\u00a0el\u00a0aumento de las plusval\u00edas de sus\u00a0 bienes inmobiliarios, la escasez de vivienda, seguridad, agua, etc., problemas que sin duda,\u00a0 tendr\u00e1n soluci\u00f3n, a corto plazo, seg\u00fan promete su\u00a0 din\u00e1mico alcalde Javier Diaz.<\/p>\n\n\n\n<p>Pero Saltillo, por desgracia, no es todo Coahuila,\u00a0 hay centros urbanos como es el caso de Monclova, cuyos pobladores enfrentan, desde hace alg\u00fan tiempo con estoicismo las duras condiciones que les impuso no Donald Trump -este solo las agrava-, sino Alonso Ancira, ese oscuro personaje que amparado\u00a0 hoy por al distancia y el blindaje que impone\u00a0su fortuna derivada del expolio inclemente de AHMSA,\u00a0la industria insignia, que la permisividad y\u00a0 la corrupci\u00f3n, la convirti\u00f3 en una empresa en quiebra, y al empresario, rico&#8230; <\/p>\n\n\n\n<p>Otro caso, es Torre\u00f3n, la metr\u00f3pli lagunera, capital del extinto reino del algod\u00f3n, que a m\u00e1s\u00a0de 30 a\u00f1os e\u00a0 haber sido\u00a0desaparecido por decreto, con la reforma del Art\u00edculo\u00a027 Constitucional, sigue aun en b\u00fasqueda de destino laboral, de vocaci\u00f3n econ\u00f3mica\u00a0que\u00a0le defina rumbo y con ello destino,\u00a0 y le aporte supervivencia y sobrevivencia a\u00a0 sus pobladores, no solo los que habitan\u00a0 la ciudad y su zona metropolitana, sino al\u00a0 resto de los municipios laguneros.\u00a0 De ah\u00ed, que resulte importante, que\u00a0 los grupos\u00a0 que\u00a0gobiernan o encabezan por ello mismo los esfuerzos\u00a0ciudadanos,\u00a0 muestren, en el caso espec\u00edfico de Torre\u00f3n -aunque\u00a0en el resto de los municipios se presenten situaciones similares-,\u00a0 mayor sentido de responsabilidad a los cargos que\u00a0 ostentan, la camada de regidores y s\u00edndicos, por no de repetir\u00a0los alcaldes que hasta hoy y a solo cien d\u00edas de haber asumido,\u00a0con algunas repeticiones\u00a0en cargo algunos, como es el caso del alcalde Rom\u00e1n Alberto Cepeda Gonz\u00e1lez, a quien sea dicho, le han pasado de noche, las primeros cien d\u00edas de su gesti\u00f3n, que no registra para nada &#8220;el imaginario colectivo&#8221; y m\u00e1s aun, cual si fuera alguna versi\u00f3n de &#8220;cabildo en fuga&#8221; los integrantes de este cuerpo edilicio, que no es peque\u00f1o -18 miembros-, y son costosos -70 mil pesos\u00a0 mensuales por cabeza, aproximadamente, m\u00e1s ayudantes-, pusieron pies en polvorosa, ansiosos, rumbo a destinos desconocidos, para\u00a0disfrutar desde\u00a0el d\u00eda 17 del presente, un per\u00edodo\u00a0de\u00a0la Semana Mayor,\u00a0 que tomaron con celo de\u00a0penitentes.<\/p>\n\n\n\n<p>Este mismo domingo no se conoc\u00eda bien a bien, a quien se dej\u00f3 como responsable de la Rex P\u00fablica, \u00bfser\u00e1 que\u00a0tan anodinos son que ni falta que hacen? Bien, pues diremos que en el colmo de\u00a0 falta de responsabilidad, de\u00a0&#8220;solo mucha g\u00fceva&#8221; como dicen los chavos, el cuerpo edilicio de Torre\u00f3n, celebr\u00f3 &#8220;por medios virtuales&#8221; es decir, a distancia y\u00a0sin presencia f\u00edsica,\u00a0utilizando\u00a0algun tel\u00e9fono\u00a0u otro dispositivo, v\u00eda zoom o vaya usted a saber bajo que\u00a0m\u00e9todo, la S\u00e9ptima Sesi\u00f3n del Cabildo de Torre\u00f3n sin que haya mediado convocatoria a p\u00fablico\u00a0o medios\u00a0de informaci\u00f3n\u00a0de aviso alguno,\u00a0y\u00a0que incluy\u00f3 segun boletin emitido como puntos centrales\u00a0del orden del d\u00eda del desahogo\u00a0de\u00a0asuntos\u00a0vitales en la vida municipal, como lo son el conocimiento, discusi\u00f3n, aprobaci\u00f3n, modificaci\u00f3n o rechazo,\u00a0por parte del cuerpo edilicio\u00a0colegiado,\u00a0sin que\u00a0ya hubieran sido aprobados en\u00a0comisiones los Informes\u00a0del avance de la Gesti\u00f3n Financiera del mes de marzo del presente,\u00a0avance\u00a0 financiero del primer trimestre 2025\u00a0y\u00a0de los organismos municipales descentralizados, pero m\u00e1s aun,\u00a0los que corresponden &#8220;a la Cuenta P\u00fablica\u00a0 Anual del Ejercicio Fiscal\u00a0del\u00a0 2024&#8221;.<\/p>\n\n\n\n<p>Nadie sabe nadie supo, cuanto tiempo se dedic\u00f3 a estos &#8220;sesudos an\u00e1lisis&#8221;\u00a0 pues\u00a0no se indic\u00f3\u00a0a que horas se inicio el pandemonium -por ser semana santa, solo por eso-, ni mucho menos\u00a0a qu\u00e9 hora se dio por concluida\u00a0 esta &#8220;intensa sesi\u00f3n de trabajo&#8221;. No se conoce si en esta levantaron mano y voz, algunos de los regidores de &#8220;oposici\u00f3n&#8221; que lo hacen a veces, cuando son sesiones p\u00fablicas, esto es, Gabriel\u00a0Francisco Pedro\u00a0-el representante de Shamir Fern\u00e1ndez-, a quien tambi\u00e9n se le conoce como el Regidor Pedro, Juan y varios,\u00a0 tampoco\u00a0la de Luis Alberto Ortiz\u00a0 Zorrilla,\u00a0 y menos, menos que nadie,\u00a0asi fuera solo para honrar el\u00a0indicador del sitio que ocupa en\u00a0el cabildo, la de la s\u00edndica de\u00a0 minor\u00eda, Maria\u00a0 del Socorro\u00a0Aguilar P\u00e9rez \u00bfes \u00e9ste el cuerpo edilicio que merecen los torrreonenses? Es pregunta.<\/p>\n","protected":false},"excerpt":{"rendered":"<p>\u00a1Felices Pascuas!, y feliz y seguro\u00a0retorno\u00a0a todos aquellos laguneros que en la Semana Santa ya transcurrida\u00a0tuvieron\u00a0recursos\u00a0y condiciones para salir\u00a0de vacaciones, merecidas o no, pero si necesarias, como se dice,\u00a0as\u00ed como a todos los que no tuvieron ni tan solo para quedarse en casa, bien, para pasar en familia\u00a0los famosos &#8220;d\u00edas santos&#8221; que imponen devoci\u00f3n,\u00a0recogimiento y la reflexi\u00f3n como lo vivieron y\u00a0 denominaron\u00a0nuestro abuelos\u00a0en\u00a0este per\u00edodo del a\u00f1o y\u00a0que la religi\u00f3n cristiana&#8230;<\/p>\n","protected":false},"author":2,"featured_media":0,"comment_status":"closed","ping_status":"","sticky":false,"template":"","format":"standard","meta":{"footnotes":""},"categories":[8],"tags":[],"class_list":["post-25662","post","type-post","status-publish","format-standard","hentry","category-aqui-laguna","wpcat-8-id"],"_links":{"self":[{"href":"https:\/\/www.aquilaguna.com\/index.php\/wp-json\/wp\/v2\/posts\/25662","targetHints":{"allow":["GET"]}}],"collection":[{"href":"https:\/\/www.aquilaguna.com\/index.php\/wp-json\/wp\/v2\/posts"}],"about":[{"href":"https:\/\/www.aquilaguna.com\/index.php\/wp-json\/wp\/v2\/types\/post"}],"author":[{"embeddable":true,"href":"https:\/\/www.aquilaguna.com\/index.php\/wp-json\/wp\/v2\/users\/2"}],"replies":[{"embeddable":true,"href":"https:\/\/www.aquilaguna.com\/index.php\/wp-json\/wp\/v2\/comments?post=25662"}],"version-history":[{"count":1,"href":"https:\/\/www.aquilaguna.com\/index.php\/wp-json\/wp\/v2\/posts\/25662\/revisions"}],"predecessor-version":[{"id":25663,"href":"https:\/\/www.aquilaguna.com\/index.php\/wp-json\/wp\/v2\/posts\/25662\/revisions\/25663"}],"wp:attachment":[{"href":"https:\/\/www.aquilaguna.com\/index.php\/wp-json\/wp\/v2\/media?parent=25662"}],"wp:term":[{"taxonomy":"category","embeddable":true,"href":"https:\/\/www.aquilaguna.com\/index.php\/wp-json\/wp\/v2\/categories?post=25662"},{"taxonomy":"post_tag","embeddable":true,"href":"https:\/\/www.aquilaguna.com\/index.php\/wp-json\/wp\/v2\/tags?post=25662"}],"curies":[{"name":"wp","href":"https:\/\/api.w.org\/{rel}","templated":true}]}}