{"id":25669,"date":"2025-04-21T19:12:57","date_gmt":"2025-04-22T01:12:57","guid":{"rendered":"https:\/\/www.aquilaguna.com\/?p=25669"},"modified":"2025-04-21T19:12:57","modified_gmt":"2025-04-22T01:12:57","slug":"con-programa-cien-plazas-mas-ayuntamiento-busca-vinculacion-con-ciudadanos","status":"publish","type":"post","link":"https:\/\/www.aquilaguna.com\/index.php\/2025\/04\/21\/con-programa-cien-plazas-mas-ayuntamiento-busca-vinculacion-con-ciudadanos\/","title":{"rendered":"Con programa &#8220;Cien Plazas M\u00e1s&#8221;, ayuntamiento busca vinculaci\u00f3n con ciudadanos."},"content":{"rendered":"\n<p>Torre\u00f3n, Coahuila-\u00a0 En marcha\u00a0 el Programa &#8220;Cien Plazas M\u00e1s&#8221;, que es\u00a0el n\u00famero de\u00a0espacios p\u00fablicos en igual n\u00famero de colonias de la ciudad, que ser\u00e1n objeto de limpieza y rehabilitaci\u00f3n en\u00a0participaci\u00f3n\u00a0de sus vecinos. La inversi\u00f3n estimada en estas acciones a desarrollar en los pr\u00f3ximos meses, suma alrededor de 30 millones de pesos a cargo de la actual administraci\u00f3n municipal.<\/p>\n\n\n\n<p>Lo anterior fue informado por Fernando Villarreal Cu\u00e9llar, titular de la Direcci\u00f3n de Servicios P\u00fablicos Municipales, al ponerse en marcha tal estrategia en la plaza del Fraccionamiento Ana, ubicado al noroeste de la ciudad, quien explic\u00f3 que la plaza, &#8220;es el primer sitio donde\u00a0 te comunicas con tus vecinos, donde una banda te genera una conversaci\u00f3n con los vecinos, con un juego infantil\u00a0hace que se desarrollen los ni\u00f1os, una plaza bien iluminada es una plaza segura, es tambien, una\u00a0mam\u00e1 tranquila y al final de esto se trata el objetivo de Cien Plazas M\u00e1s&#8221;.\u00a0\u00a0\u00a0\u00a0\u00a0\u00a0<\/p>\n\n\n\n<p>El programa se desarrollar\u00e1 con la participaci\u00f3n de los vecinos de la plaza rehabilitada, toda vez que ser\u00e1n \u00e9stos quienes adoptar\u00e1n un \u00e1rbol, adoptaron su plaza, &#8220;la que estaremos entreg\u00e1ndola, limpia, equipada, iluminada, para que se hagan cargo con nuestro apoyo, pues se trata de hacer comunidad\u00a0 y que \u00e9stas \u00e1reas duren para siempre&#8221;.<\/p>\n\n\n\n<p>&#8220;En estas acciones estar\u00e1n tambi\u00e9n involucradas las Direcciones de Obras P\u00fablicas, de Ecolog\u00eda y Medio Ambiente y dem\u00e1s direcciones&#8221;.<\/p>\n\n\n\n<p>&#8220;La selecci\u00f3n de las plazas ya se ha hecho, en su mayor\u00eda\u00a0 que carecen, por diversos motivos, de iluminaci\u00f3n, o carecen de equipamiento\u00a0 urbano&#8221;.<\/p>\n\n\n\n<p>Expres\u00f3\u00a0 m\u00e1s adelante, muy contento por la respuesta obtenida de la gente\u00a0 tanto local como\u00a0 visitantes, que\u00a0acompa\u00f1ados de sus familias\u00a0 visitaron\u00a0plazas\u00a0y espacios p\u00fablicos,\u00a0que buscan distracci\u00f3n y entretenimiento en los d\u00edas de asueto\u00a0 que formaron parte de la Semana Mayor apenas conclu\u00edda.\u00a0\u00a0<\/p>\n\n\n\n<p>Cit\u00f3 entre estos,\u00a0&#8220;el Bosque Venustiano Carranza, el Bosque\u00a0 Urbano, la L\u00ednea Verde, la Alameda, espacios que\u00a0para eso son, para que la gente que se quedo aqu\u00ed, y para quienes nos visitaron disfrutaron de los espacios p\u00fablicos que tenemos para ofertarles&#8221;.<\/p>\n\n\n\n<p><strong>LIMPIEZA.\u00a0<\/strong><\/p>\n\n\n\n<p>En otro tema, el funcionario dio a conocer que la cantidad de basura recolectada\u00a0a lo largo de la Semana Mayor &#8220;naturalmente se nos duplic\u00f3, pero, eso es bueno, pues nos indica a nosotros que tales espacios estuvieron vivos hasta muy tarde&#8221;.<\/p>\n\n\n\n<p>En general, expres\u00f3,\u00a0&#8220;el saldo de estas actividades, fue blanco&#8221;, al tiempo que sosten\u00eda no conocer a esas horas, el n\u00famero de\u00a0toneladas de basura generadas en los d\u00edas de asueto mencionados, que estuvieron a cargo del equipo de\u00a0limpieza a su cargo, denominado La Ola.<\/p>\n\n\n\n<p>Adem\u00e1s, no dej\u00f3 de mencionar el trabajo que realizan\u00a0de manera cotidiana\u00a0tal grupo de trabajadores, que afirm\u00f3, &#8220;nunca se rajan, como siempre. Nosotros tenemos un rol de acciones\u00a0 con ello y son ellos mismos\u00a0 quienes seleccionan sus\u00a0d\u00edas&#8221;.<\/p>\n\n\n\n<p>&#8220;Para estas fechas importantes, tenemos gente\u00a0 para atender los espacios p\u00fablicos\u00a0y que estos, se mantengan limpios&#8221;.\u00a0<\/p>\n","protected":false},"excerpt":{"rendered":"<p>Torre\u00f3n, Coahuila-\u00a0 En marcha\u00a0 el Programa &#8220;Cien Plazas M\u00e1s&#8221;, que es\u00a0el n\u00famero de\u00a0espacios p\u00fablicos en igual n\u00famero de colonias de la ciudad, que ser\u00e1n objeto de limpieza y rehabilitaci\u00f3n en\u00a0participaci\u00f3n\u00a0de sus vecinos. La inversi\u00f3n estimada en estas acciones a desarrollar en los pr\u00f3ximos meses, suma alrededor de 30 millones de pesos a cargo de la actual administraci\u00f3n municipal. Lo anterior fue informado por Fernando Villarreal Cu\u00e9llar, titular de la Direcci\u00f3n&#8230;<\/p>\n","protected":false},"author":2,"featured_media":0,"comment_status":"closed","ping_status":"","sticky":false,"template":"","format":"standard","meta":{"footnotes":""},"categories":[5,28,7],"tags":[],"class_list":["post-25669","post","type-post","status-publish","format-standard","hentry","category-coahuila","category-la-laguna","category-torreon","wpcat-5-id","wpcat-28-id","wpcat-7-id"],"_links":{"self":[{"href":"https:\/\/www.aquilaguna.com\/index.php\/wp-json\/wp\/v2\/posts\/25669","targetHints":{"allow":["GET"]}}],"collection":[{"href":"https:\/\/www.aquilaguna.com\/index.php\/wp-json\/wp\/v2\/posts"}],"about":[{"href":"https:\/\/www.aquilaguna.com\/index.php\/wp-json\/wp\/v2\/types\/post"}],"author":[{"embeddable":true,"href":"https:\/\/www.aquilaguna.com\/index.php\/wp-json\/wp\/v2\/users\/2"}],"replies":[{"embeddable":true,"href":"https:\/\/www.aquilaguna.com\/index.php\/wp-json\/wp\/v2\/comments?post=25669"}],"version-history":[{"count":1,"href":"https:\/\/www.aquilaguna.com\/index.php\/wp-json\/wp\/v2\/posts\/25669\/revisions"}],"predecessor-version":[{"id":25670,"href":"https:\/\/www.aquilaguna.com\/index.php\/wp-json\/wp\/v2\/posts\/25669\/revisions\/25670"}],"wp:attachment":[{"href":"https:\/\/www.aquilaguna.com\/index.php\/wp-json\/wp\/v2\/media?parent=25669"}],"wp:term":[{"taxonomy":"category","embeddable":true,"href":"https:\/\/www.aquilaguna.com\/index.php\/wp-json\/wp\/v2\/categories?post=25669"},{"taxonomy":"post_tag","embeddable":true,"href":"https:\/\/www.aquilaguna.com\/index.php\/wp-json\/wp\/v2\/tags?post=25669"}],"curies":[{"name":"wp","href":"https:\/\/api.w.org\/{rel}","templated":true}]}}