{"id":25712,"date":"2025-04-23T20:54:20","date_gmt":"2025-04-24T02:54:20","guid":{"rendered":"https:\/\/www.aquilaguna.com\/?p=25712"},"modified":"2025-04-23T20:54:20","modified_gmt":"2025-04-24T02:54:20","slug":"inician-examen-antidoping-funcionarios-de-la-administracion-municipal","status":"publish","type":"post","link":"https:\/\/www.aquilaguna.com\/index.php\/2025\/04\/23\/inician-examen-antidoping-funcionarios-de-la-administracion-municipal\/","title":{"rendered":"Inician examen antidoping funcionarios de la administraci\u00f3n municipal."},"content":{"rendered":"\n<p>Torre\u00f3n, Coahuila.- En\u00a0un ejercicio de transparencia, se\u00a0puso en marcha este d\u00eda, la aplicaci\u00f3n de ex\u00e1men antidoping a todos los integrantes\u00a0del cuerpo de polic\u00eda, de Transito y Vialidad y Peritos, as\u00ed como titulares de\u00a0todas las diversas Direcciones que conforman el gobierno\u00a0municipal, sin excepci\u00f3n alguna que valga,\u00a0 ni tan siquiera en raz\u00f3n de g\u00e9nero alguno.<\/p>\n\n\n\n<p>Lo anterior fue dado a conocer por el\u00a0alcalde Rom\u00e1n Alberto Cepeda Gonz\u00e1lez, tras informar que \u00e9l mismo se someti\u00f3 esta ma\u00f1ana a la prueba citada,\u00a0que tendr\u00e1 el acompa\u00f1amiento\u00a0de los integrantes del Consejo Ciudadano de Seguridad, anticipando luego que\u00a0todo aquel que resulte se\u00f1alado con el resultado positivo, ser\u00e1 sometido a las regulaciones legales existentes.\u00a0<\/p>\n\n\n\n<p>Esta acci\u00f3n, asegur\u00f3, &#8220;tiene como objetivo el transparentar a todos los elementos que est\u00e9n al servicio, amen de su capacitaci\u00f3n equipamiento y adiestramiento,\u00a0tienen que tener\u00a0factores m\u00ednimos como es el antidoping&#8221;.<\/p>\n\n\n\n<p>&#8220;Independientemente de los resultados que estos arroje, a quien resulte positivo, se someter\u00e1 a un proceso. Todos somos vulnerables. Esta acci\u00f3n tendr\u00e1 repetici\u00f3n cada tres o seis meses&#8221;.<\/p>\n\n\n\n<p>&#8220;Este proceso ser\u00e1 tambi\u00e9n alterno a la estrategia del alcohol\u00edmetro&#8221;.\u00a0<\/p>\n\n\n\n<p><strong>PERCEPCION.\u00a0<\/strong><\/p>\n\n\n\n<p>En cuanto al aumento de la percepci\u00f3n ciudadana que en\u00a0 materia de seguridad, dio a conocer un organismo que la eval\u00faa, el edil afirm\u00f3 que, &#8220;es una percepci\u00f3n de momento&#8221;, rechazando luego la inrterpretaci\u00f3n\u00a0que\u00a0estimaron\u00a0algunos Medios.\u00a0\u00a0<\/p>\n\n\n\n<p>&#8220;Torre\u00f3n contin\u00faa estando entre las cinco ciudades m\u00e1s seguras del pa\u00eds&#8221;, sostuvo, explicando luego que\u00a0 el aumento percibido, &#8220;generalmente son hechos aislados y m\u00e1s cuando tenemos una campa\u00f1a permanente en contra, por quien sea y particularmente contra la Direcci\u00f3n de Seguridad P\u00fablica&#8221;.\u00a0<\/p>\n\n\n\n<p>&#8220;Ustedes los aaben, no lo quiero atribuir a eso, pero es un conjunto de temas que tienen que ver con \u00e1reas de oportunidad que tenemos que seguir trabajando. No desestimo ning\u00fan dato. Seguiremos invirtiendo en ese tema. Hechos son\u00a0 amores y no buenas razones&#8221;.<\/p>\n\n\n\n<p><strong>CESAR ANTONIO PERALES, FIRME.<\/strong><\/p>\n\n\n\n<p>Rechaz\u00f3\u00a0tener en mente\u00a0&#8220;enroque o cese alguno del titular de la Direcci\u00f3n de Seguridad P\u00fablica, C\u00e9sar Antonio Perales, afirmando que, &#8220;no\u00a0lo he pensado, ni lo voy a pensar&#8221;.\u00a0<\/p>\n\n\n\n<p>En el momento, dijo luego, &#8220;en que se equivoquen o tengan un error abr\u00e9 de tomar las decisiones, no, no lo pensado ni lo voy a pensar&#8221;.\u00a0<\/p>\n\n\n\n<p>&#8220;El\u00a0d\u00eda que\u00a0yo tenga un motivo real, ese d\u00eda yo tomar\u00e9 las decisiones, que no obedecen a un tema personal, dentro de las corporaciones, ni a ning\u00fan orden pol\u00edtico, ni habr\u00e1n de influir en mi&#8221;.<\/p>\n","protected":false},"excerpt":{"rendered":"<p>Torre\u00f3n, Coahuila.- En\u00a0un ejercicio de transparencia, se\u00a0puso en marcha este d\u00eda, la aplicaci\u00f3n de ex\u00e1men antidoping a todos los integrantes\u00a0del cuerpo de polic\u00eda, de Transito y Vialidad y Peritos, as\u00ed como titulares de\u00a0todas las diversas Direcciones que conforman el gobierno\u00a0municipal, sin excepci\u00f3n alguna que valga,\u00a0 ni tan siquiera en raz\u00f3n de g\u00e9nero alguno. Lo anterior fue dado a conocer por el\u00a0alcalde Rom\u00e1n Alberto Cepeda Gonz\u00e1lez, tras informar que \u00e9l mismo&#8230;<\/p>\n","protected":false},"author":2,"featured_media":0,"comment_status":"closed","ping_status":"","sticky":false,"template":"","format":"standard","meta":{"footnotes":""},"categories":[5,28,24,7],"tags":[],"class_list":["post-25712","post","type-post","status-publish","format-standard","hentry","category-coahuila","category-la-laguna","category-seguridad","category-torreon","wpcat-5-id","wpcat-28-id","wpcat-24-id","wpcat-7-id"],"_links":{"self":[{"href":"https:\/\/www.aquilaguna.com\/index.php\/wp-json\/wp\/v2\/posts\/25712","targetHints":{"allow":["GET"]}}],"collection":[{"href":"https:\/\/www.aquilaguna.com\/index.php\/wp-json\/wp\/v2\/posts"}],"about":[{"href":"https:\/\/www.aquilaguna.com\/index.php\/wp-json\/wp\/v2\/types\/post"}],"author":[{"embeddable":true,"href":"https:\/\/www.aquilaguna.com\/index.php\/wp-json\/wp\/v2\/users\/2"}],"replies":[{"embeddable":true,"href":"https:\/\/www.aquilaguna.com\/index.php\/wp-json\/wp\/v2\/comments?post=25712"}],"version-history":[{"count":1,"href":"https:\/\/www.aquilaguna.com\/index.php\/wp-json\/wp\/v2\/posts\/25712\/revisions"}],"predecessor-version":[{"id":25713,"href":"https:\/\/www.aquilaguna.com\/index.php\/wp-json\/wp\/v2\/posts\/25712\/revisions\/25713"}],"wp:attachment":[{"href":"https:\/\/www.aquilaguna.com\/index.php\/wp-json\/wp\/v2\/media?parent=25712"}],"wp:term":[{"taxonomy":"category","embeddable":true,"href":"https:\/\/www.aquilaguna.com\/index.php\/wp-json\/wp\/v2\/categories?post=25712"},{"taxonomy":"post_tag","embeddable":true,"href":"https:\/\/www.aquilaguna.com\/index.php\/wp-json\/wp\/v2\/tags?post=25712"}],"curies":[{"name":"wp","href":"https:\/\/api.w.org\/{rel}","templated":true}]}}